{"id":12412,"date":"2019-03-20T09:20:10","date_gmt":"2019-03-20T08:20:10","guid":{"rendered":"http:\/\/portale.unime.it\/comunicatistampa\/?p=12412"},"modified":"2019-03-20T09:20:10","modified_gmt":"2019-03-20T08:20:10","slug":"il-valore-della-fedelta-allo-stato-luniversita-luogo-di-formazione-della-coscienza-civile","status":"publish","type":"post","link":"https:\/\/portale2.unime.it\/comunicatistampa\/il-valore-della-fedelta-allo-stato-luniversita-luogo-di-formazione-della-coscienza-civile\/","title":{"rendered":"\u201cIl valore della fedelt\u00e0 allo Stato\u201d, l\u2019Universit\u00e0 \u00a0luogo di formazione della coscienza civile"},"content":{"rendered":"<p style=\"text-align: justify\">L\u2019Universit\u00e0 come luogo di formazione della coscienza civile dei cittadini e non semplicemente come agenzia di trasferimento della conoscenza.\u00a0Questo \u00e8 il significato pi\u00f9 forte che \u00e8 emerso dal seminario di studi su \u201cIl valore della fedelt\u00e0 allo Stato\u201d \u00a0svoltosi\u00a0ieripresso il Dipartimento di Scienze Politiche e Giuridiche dell\u2019Universit\u00e0 degli Studi di Messina. <!--more-->L&#8217;iniziativa \u00e8 stata\u00a0promossa dalla cattedra di Istituzioni di Diritto pubblico del prof. Pierangelo Grimaudo, afferente al Corso di Laurea di Scienze politiche e delle relazioni internazionali.\u00a0Protagonista della giornata l&#8217;Arma dei Carabinieri, esempio encomiabile di attaccamento ai valori della Nazione e di fedelt\u00e0 alle istituzioni, rappresentata dal suo massimo esponente nei territori siciliani e calabresi Generale di Corpo d\u2019Armata Luigi Robusto, Comandante interregionale del \u201cCulqualber\u201d, di stanza a Messina.<\/p>\n<p style=\"text-align: justify\">All\u2019incontro hanno portato i saluti il Rettore dell\u2019Universit\u00e0 di Messina, prof. Salvatore Cuzzocrea e il Direttore del Dipartimento di Scienze Politiche e Giuridiche, prof. Mario Calogero.\u00a0I lavori, introdotti dai proff. \u00a0Pierangelo Grimaudo e Giovanni Moschella (Prorettore Vicario), hanno evidenziato come, nella trama dei diritti e libert\u00e0 propri della Costituzione della Repubblica, non meno significativi sono i doveri che incombono sia sui cittadini che sulle stesse istituzioni pubbliche chiamate a governare la comunit\u00e0: dovere di solidariet\u00e0 politica economica e sociale, dovere di svolgere un\u2019attivit\u00e0 o funzione che concorra al progresso materiale e spirituale della societ\u00e0, dovere civico di voto e di partecipazione, dovere di difendere la Patria e di essere fedeli alla Repubblica osservandone la Costituzione e le leggi, e di adempiere le funzioni pubbliche con disciplina ed onore; ma anche \u201cdovere\u201d della Repubblica di rendere effettiva l\u2019uguaglianza dei cittadini attraverso la rimozione degli ostacoli economici e sociali che impediscono il pieno dispiegarsi della libert\u00e0 e la partecipazione di tutti alla vita politica economica e sociale.\u00a0In questo quadro il ruolo dello Stato, inteso nella sua dimensione di organizzazione a supporto della realizzazione dei valori civici elevati a rango di norme ordinamentali supreme, emerge in tutta la sua importanza.<\/p>\n<p style=\"text-align: justify\">La fedelt\u00e0 allo Stato \u00e8 per ciascun cittadino essenzialmente fedelt\u00e0 alla Costituzione, \u201ccasa comune\u201d di tutti gli italiani; fedeli allo Stato in quanto partecipi delle sue scelte e beneficiari della sua protezione. Si tratta dunque di un dovere, quello di fedelt\u00e0,\u00a0 che ha come contenuto non tanto la subordinazione ad un ordine gerarchicamente sovraordinato, quanto piuttosto la condivisione, la fiducia e l\u2019identificazione nelle istituzioni democratiche.\u00a0Le istituzioni, la continuit\u00e0 delle\u00a0 istituzioni, devono perci\u00f2 essere tenute immuni dalla legittima lotta politica che naturalmente divide e spesso contrappone i cittadini, ma mai pu\u00f2 sconfinare nella delegittimazione dello Stato e delle sue stesse componenti politiche: governi, maggioranze e opposizione parlamentari.\u00a0L\u2019intervento del Procuratore della Repubblica di Barcellona P.G., dott. Emanuele Crescenti, ha voluto testimoniare l\u2019affidabilit\u00e0 dell\u2019Arma presente in ogni angolo del Paese a supporto della legalit\u00e0 e della giustizia, custode della sicurezza dei cittadini.\u00a0Il Generale Robusto, partendo dalla sua stessa esperienza fatta di un lungo impegno di servizio nei Carabinieri, ha voluto invece rappresentare la missione degli stessi non solo nella repressione e nella prevenzione degli illeciti sul territorio dello Stato, ma anche in relazione all\u2019impegno profuso nel soccorso alle popolazioni colpite da calamit\u00e0 naturali ed al ruolo dell\u2019Arma per il mantenimento della pace negli scacchieri pi\u00f9 delicati nel mondo. Libano, Cossovo, Gerusalemme, Iraq, Afganistan sono solo alcuni dei luoghi dove i carabinieri hanno operato ed operano per stabilizzare la pace, per assicurare una convivenza pacifica tra popoli ed etnie diverse, portando in quei territori i valori di umanit\u00e0 patrimonio comune della identit\u00e0 italiana.\u00a0L\u2019aspetto peculiare dell\u2019iniziativa \u00e8 stato caratterizzato dall\u2019impegno di alcuni studenti nell\u2019elaborazione di un documento audiovisivo che, ripercorrendo le tappe pi\u00f9 significative della lunga storia dell\u2019 Arma al servizio dello Stato, ha voluto significare la profonda gratitudine ad un\u2019istituzione che pi\u00f9 d\u2019ogni altra rappresenta per la sua continuit\u00e0 l\u2019Italia.<\/p>\n<p style=\"text-align: justify\">Nell&#8217; occasione \u00e8 stato, inoltre, presentato il ciclo di incontri di approfondimento che si svolgeranno nei mesi\u00a0di marzo\u00a0edaprile\u00a0su &#8220;L&#8217;impegno dell&#8217; Arma dei Carabinieri nelle Missioni militari italiane all&#8217;estero&#8221;. Gli incontri sono promossi dalla stessa cattedra di Istituzioni di Diritto pubblico.<\/p>\n","protected":false},"excerpt":{"rendered":"<p>L\u2019Universit\u00e0 come luogo di formazione della coscienza civile dei cittadini e non semplicemente come agenzia di trasferimento della conoscenza.\u00a0Questo \u00e8 il significato pi\u00f9 forte che \u00e8 emerso dal seminario di studi su \u201cIl valore della fedelt\u00e0 allo Stato\u201d \u00a0svoltosi\u00a0ieripresso il Dipartimento di Scienze Politiche e Giuridiche dell\u2019Universit\u00e0 degli Studi di Messina.<\/p>\n","protected":false},"author":60,"featured_media":0,"comment_status":"closed","ping_status":"open","sticky":false,"template":"","format":"standard","meta":{"_acf_changed":false,"footnotes":""},"categories":[3],"tags":[330,1126,3669,4244],"class_list":["post-12412","post","type-post","status-publish","format-standard","hentry","category-comunicati","tag-arma-carabinieri","tag-coscienza-civile","tag-scipog","tag-unime","entry"],"yoast_head":"<!-- This site is optimized with the Yoast SEO plugin v27.4 - https:\/\/yoast.com\/product\/yoast-seo-wordpress\/ -->\n<title>\u201cIl valore della fedelt\u00e0 allo Stato\u201d, l\u2019Universit\u00e0 \u00a0luogo di formazione della coscienza civile - Comunicati Stampa<\/title>\n<meta name=\"robots\" content=\"index, follow, max-snippet:-1, max-image-preview:large, max-video-preview:-1\" \/>\n<link rel=\"canonical\" href=\"https:\/\/portale2.unime.it\/comunicatistampa\/il-valore-della-fedelta-allo-stato-luniversita-luogo-di-formazione-della-coscienza-civile\/\" \/>\n<meta property=\"og:locale\" content=\"it_IT\" \/>\n<meta property=\"og:type\" content=\"article\" \/>\n<meta property=\"og:title\" content=\"\u201cIl valore della fedelt\u00e0 allo Stato\u201d, l\u2019Universit\u00e0 \u00a0luogo di formazione della coscienza civile - Comunicati Stampa\" \/>\n<meta property=\"og:description\" content=\"L\u2019Universit\u00e0 come luogo di formazione della coscienza civile dei cittadini e non semplicemente come agenzia di trasferimento della conoscenza.\u00a0Questo \u00e8 il significato pi\u00f9 forte che \u00e8 emerso dal seminario di studi su \u201cIl valore della fedelt\u00e0 allo Stato\u201d \u00a0svoltosi\u00a0ieripresso il Dipartimento di Scienze Politiche e Giuridiche dell\u2019Universit\u00e0 degli Studi di Messina.\" \/>\n<meta property=\"og:url\" content=\"https:\/\/portale2.unime.it\/comunicatistampa\/il-valore-della-fedelta-allo-stato-luniversita-luogo-di-formazione-della-coscienza-civile\/\" \/>\n<meta property=\"og:site_name\" content=\"Comunicati Stampa\" \/>\n<meta property=\"article:published_time\" content=\"2019-03-20T08:20:10+00:00\" \/>\n<meta name=\"author\" content=\"astramandino\" \/>\n<meta name=\"twitter:card\" content=\"summary_large_image\" \/>\n<meta name=\"twitter:label1\" content=\"Scritto da\" \/>\n\t<meta name=\"twitter:data1\" content=\"astramandino\" \/>\n\t<meta name=\"twitter:label2\" content=\"Tempo di lettura stimato\" \/>\n\t<meta name=\"twitter:data2\" content=\"3 minuti\" \/>\n<script type=\"application\/ld+json\" class=\"yoast-schema-graph\">{\"@context\":\"https:\\\/\\\/schema.org\",\"@graph\":[{\"@type\":\"Article\",\"@id\":\"https:\\\/\\\/portale2.unime.it\\\/comunicatistampa\\\/il-valore-della-fedelta-allo-stato-luniversita-luogo-di-formazione-della-coscienza-civile\\\/#article\",\"isPartOf\":{\"@id\":\"https:\\\/\\\/portale2.unime.it\\\/comunicatistampa\\\/il-valore-della-fedelta-allo-stato-luniversita-luogo-di-formazione-della-coscienza-civile\\\/\"},\"author\":{\"name\":\"astramandino\",\"@id\":\"https:\\\/\\\/portale2.unime.it\\\/comunicatistampa\\\/#\\\/schema\\\/person\\\/ece3ce92132d3b80b89603a7e93eda7f\"},\"headline\":\"\u201cIl valore della fedelt\u00e0 allo Stato\u201d, l\u2019Universit\u00e0 \u00a0luogo di formazione della coscienza civile\",\"datePublished\":\"2019-03-20T08:20:10+00:00\",\"mainEntityOfPage\":{\"@id\":\"https:\\\/\\\/portale2.unime.it\\\/comunicatistampa\\\/il-valore-della-fedelta-allo-stato-luniversita-luogo-di-formazione-della-coscienza-civile\\\/\"},\"wordCount\":698,\"publisher\":{\"@id\":\"https:\\\/\\\/portale2.unime.it\\\/comunicatistampa\\\/#organization\"},\"keywords\":[\"Arma carabinieri\",\"coscienza civile\",\"SCIPOG\",\"Unime\"],\"articleSection\":[\"Comunicati Stampa Universit\u00e0 di Messina\"],\"inLanguage\":\"it-IT\"},{\"@type\":\"WebPage\",\"@id\":\"https:\\\/\\\/portale2.unime.it\\\/comunicatistampa\\\/il-valore-della-fedelta-allo-stato-luniversita-luogo-di-formazione-della-coscienza-civile\\\/\",\"url\":\"https:\\\/\\\/portale2.unime.it\\\/comunicatistampa\\\/il-valore-della-fedelta-allo-stato-luniversita-luogo-di-formazione-della-coscienza-civile\\\/\",\"name\":\"\u201cIl valore della fedelt\u00e0 allo Stato\u201d, l\u2019Universit\u00e0 \u00a0luogo di formazione della coscienza civile - Comunicati Stampa\",\"isPartOf\":{\"@id\":\"https:\\\/\\\/portale2.unime.it\\\/comunicatistampa\\\/#website\"},\"datePublished\":\"2019-03-20T08:20:10+00:00\",\"breadcrumb\":{\"@id\":\"https:\\\/\\\/portale2.unime.it\\\/comunicatistampa\\\/il-valore-della-fedelta-allo-stato-luniversita-luogo-di-formazione-della-coscienza-civile\\\/#breadcrumb\"},\"inLanguage\":\"it-IT\",\"potentialAction\":[{\"@type\":\"ReadAction\",\"target\":[\"https:\\\/\\\/portale2.unime.it\\\/comunicatistampa\\\/il-valore-della-fedelta-allo-stato-luniversita-luogo-di-formazione-della-coscienza-civile\\\/\"]}]},{\"@type\":\"BreadcrumbList\",\"@id\":\"https:\\\/\\\/portale2.unime.it\\\/comunicatistampa\\\/il-valore-della-fedelta-allo-stato-luniversita-luogo-di-formazione-della-coscienza-civile\\\/#breadcrumb\",\"itemListElement\":[{\"@type\":\"ListItem\",\"position\":1,\"name\":\"Home\",\"item\":\"https:\\\/\\\/portale2.unime.it\\\/comunicatistampa\\\/\"},{\"@type\":\"ListItem\",\"position\":2,\"name\":\"\u201cIl valore della fedelt\u00e0 allo Stato\u201d, l\u2019Universit\u00e0 \u00a0luogo di formazione della coscienza civile\"}]},{\"@type\":\"WebSite\",\"@id\":\"https:\\\/\\\/portale2.unime.it\\\/comunicatistampa\\\/#website\",\"url\":\"https:\\\/\\\/portale2.unime.it\\\/comunicatistampa\\\/\",\"name\":\"Comunicati Stampa\",\"description\":\"\",\"publisher\":{\"@id\":\"https:\\\/\\\/portale2.unime.it\\\/comunicatistampa\\\/#organization\"},\"alternateName\":\"https:\\\/\\\/comunicatistampa.unime.it\\\/\",\"potentialAction\":[{\"@type\":\"SearchAction\",\"target\":{\"@type\":\"EntryPoint\",\"urlTemplate\":\"https:\\\/\\\/portale2.unime.it\\\/comunicatistampa\\\/?s={search_term_string}\"},\"query-input\":{\"@type\":\"PropertyValueSpecification\",\"valueRequired\":true,\"valueName\":\"search_term_string\"}}],\"inLanguage\":\"it-IT\"},{\"@type\":\"Organization\",\"@id\":\"https:\\\/\\\/portale2.unime.it\\\/comunicatistampa\\\/#organization\",\"name\":\"Comunicati Stampa\",\"url\":\"https:\\\/\\\/portale2.unime.it\\\/comunicatistampa\\\/\",\"logo\":{\"@type\":\"ImageObject\",\"inLanguage\":\"it-IT\",\"@id\":\"https:\\\/\\\/portale2.unime.it\\\/comunicatistampa\\\/#\\\/schema\\\/logo\\\/image\\\/\",\"url\":\"https:\\\/\\\/portale2.unime.it\\\/comunicatistampa\\\/wp-content\\\/uploads\\\/sites\\\/51\\\/2024\\\/07\\\/COMUNICATI-STAMPA-2.png\",\"contentUrl\":\"https:\\\/\\\/portale2.unime.it\\\/comunicatistampa\\\/wp-content\\\/uploads\\\/sites\\\/51\\\/2024\\\/07\\\/COMUNICATI-STAMPA-2.png\",\"width\":1000,\"height\":346,\"caption\":\"Comunicati Stampa\"},\"image\":{\"@id\":\"https:\\\/\\\/portale2.unime.it\\\/comunicatistampa\\\/#\\\/schema\\\/logo\\\/image\\\/\"}},{\"@type\":\"Person\",\"@id\":\"https:\\\/\\\/portale2.unime.it\\\/comunicatistampa\\\/#\\\/schema\\\/person\\\/ece3ce92132d3b80b89603a7e93eda7f\",\"name\":\"astramandino\",\"image\":{\"@type\":\"ImageObject\",\"inLanguage\":\"it-IT\",\"@id\":\"https:\\\/\\\/secure.gravatar.com\\\/avatar\\\/350a04f01afddd3a9f6e057c2d618be834d7ca1192086cfd02adaba43a0e0575?s=96&d=mm&r=g\",\"url\":\"https:\\\/\\\/secure.gravatar.com\\\/avatar\\\/350a04f01afddd3a9f6e057c2d618be834d7ca1192086cfd02adaba43a0e0575?s=96&d=mm&r=g\",\"contentUrl\":\"https:\\\/\\\/secure.gravatar.com\\\/avatar\\\/350a04f01afddd3a9f6e057c2d618be834d7ca1192086cfd02adaba43a0e0575?s=96&d=mm&r=g\",\"caption\":\"astramandino\"},\"url\":\"https:\\\/\\\/portale2.unime.it\\\/comunicatistampa\\\/author\\\/astramandino\\\/\"}]}<\/script>\n<!-- \/ Yoast SEO plugin. -->","yoast_head_json":{"title":"\u201cIl valore della fedelt\u00e0 allo Stato\u201d, l\u2019Universit\u00e0 \u00a0luogo di formazione della coscienza civile - Comunicati Stampa","robots":{"index":"index","follow":"follow","max-snippet":"max-snippet:-1","max-image-preview":"max-image-preview:large","max-video-preview":"max-video-preview:-1"},"canonical":"https:\/\/portale2.unime.it\/comunicatistampa\/il-valore-della-fedelta-allo-stato-luniversita-luogo-di-formazione-della-coscienza-civile\/","og_locale":"it_IT","og_type":"article","og_title":"\u201cIl valore della fedelt\u00e0 allo Stato\u201d, l\u2019Universit\u00e0 \u00a0luogo di formazione della coscienza civile - Comunicati Stampa","og_description":"L\u2019Universit\u00e0 come luogo di formazione della coscienza civile dei cittadini e non semplicemente come agenzia di trasferimento della conoscenza.\u00a0Questo \u00e8 il significato pi\u00f9 forte che \u00e8 emerso dal seminario di studi su \u201cIl valore della fedelt\u00e0 allo Stato\u201d \u00a0svoltosi\u00a0ieripresso il Dipartimento di Scienze Politiche e Giuridiche dell\u2019Universit\u00e0 degli Studi di Messina.","og_url":"https:\/\/portale2.unime.it\/comunicatistampa\/il-valore-della-fedelta-allo-stato-luniversita-luogo-di-formazione-della-coscienza-civile\/","og_site_name":"Comunicati Stampa","article_published_time":"2019-03-20T08:20:10+00:00","author":"astramandino","twitter_card":"summary_large_image","twitter_misc":{"Scritto da":"astramandino","Tempo di lettura stimato":"3 minuti"},"schema":{"@context":"https:\/\/schema.org","@graph":[{"@type":"Article","@id":"https:\/\/portale2.unime.it\/comunicatistampa\/il-valore-della-fedelta-allo-stato-luniversita-luogo-di-formazione-della-coscienza-civile\/#article","isPartOf":{"@id":"https:\/\/portale2.unime.it\/comunicatistampa\/il-valore-della-fedelta-allo-stato-luniversita-luogo-di-formazione-della-coscienza-civile\/"},"author":{"name":"astramandino","@id":"https:\/\/portale2.unime.it\/comunicatistampa\/#\/schema\/person\/ece3ce92132d3b80b89603a7e93eda7f"},"headline":"\u201cIl valore della fedelt\u00e0 allo Stato\u201d, l\u2019Universit\u00e0 \u00a0luogo di formazione della coscienza civile","datePublished":"2019-03-20T08:20:10+00:00","mainEntityOfPage":{"@id":"https:\/\/portale2.unime.it\/comunicatistampa\/il-valore-della-fedelta-allo-stato-luniversita-luogo-di-formazione-della-coscienza-civile\/"},"wordCount":698,"publisher":{"@id":"https:\/\/portale2.unime.it\/comunicatistampa\/#organization"},"keywords":["Arma carabinieri","coscienza civile","SCIPOG","Unime"],"articleSection":["Comunicati Stampa Universit\u00e0 di Messina"],"inLanguage":"it-IT"},{"@type":"WebPage","@id":"https:\/\/portale2.unime.it\/comunicatistampa\/il-valore-della-fedelta-allo-stato-luniversita-luogo-di-formazione-della-coscienza-civile\/","url":"https:\/\/portale2.unime.it\/comunicatistampa\/il-valore-della-fedelta-allo-stato-luniversita-luogo-di-formazione-della-coscienza-civile\/","name":"\u201cIl valore della fedelt\u00e0 allo Stato\u201d, l\u2019Universit\u00e0 \u00a0luogo di formazione della coscienza civile - Comunicati Stampa","isPartOf":{"@id":"https:\/\/portale2.unime.it\/comunicatistampa\/#website"},"datePublished":"2019-03-20T08:20:10+00:00","breadcrumb":{"@id":"https:\/\/portale2.unime.it\/comunicatistampa\/il-valore-della-fedelta-allo-stato-luniversita-luogo-di-formazione-della-coscienza-civile\/#breadcrumb"},"inLanguage":"it-IT","potentialAction":[{"@type":"ReadAction","target":["https:\/\/portale2.unime.it\/comunicatistampa\/il-valore-della-fedelta-allo-stato-luniversita-luogo-di-formazione-della-coscienza-civile\/"]}]},{"@type":"BreadcrumbList","@id":"https:\/\/portale2.unime.it\/comunicatistampa\/il-valore-della-fedelta-allo-stato-luniversita-luogo-di-formazione-della-coscienza-civile\/#breadcrumb","itemListElement":[{"@type":"ListItem","position":1,"name":"Home","item":"https:\/\/portale2.unime.it\/comunicatistampa\/"},{"@type":"ListItem","position":2,"name":"\u201cIl valore della fedelt\u00e0 allo Stato\u201d, l\u2019Universit\u00e0 \u00a0luogo di formazione della coscienza civile"}]},{"@type":"WebSite","@id":"https:\/\/portale2.unime.it\/comunicatistampa\/#website","url":"https:\/\/portale2.unime.it\/comunicatistampa\/","name":"Comunicati Stampa","description":"","publisher":{"@id":"https:\/\/portale2.unime.it\/comunicatistampa\/#organization"},"alternateName":"https:\/\/comunicatistampa.unime.it\/","potentialAction":[{"@type":"SearchAction","target":{"@type":"EntryPoint","urlTemplate":"https:\/\/portale2.unime.it\/comunicatistampa\/?s={search_term_string}"},"query-input":{"@type":"PropertyValueSpecification","valueRequired":true,"valueName":"search_term_string"}}],"inLanguage":"it-IT"},{"@type":"Organization","@id":"https:\/\/portale2.unime.it\/comunicatistampa\/#organization","name":"Comunicati Stampa","url":"https:\/\/portale2.unime.it\/comunicatistampa\/","logo":{"@type":"ImageObject","inLanguage":"it-IT","@id":"https:\/\/portale2.unime.it\/comunicatistampa\/#\/schema\/logo\/image\/","url":"https:\/\/portale2.unime.it\/comunicatistampa\/wp-content\/uploads\/sites\/51\/2024\/07\/COMUNICATI-STAMPA-2.png","contentUrl":"https:\/\/portale2.unime.it\/comunicatistampa\/wp-content\/uploads\/sites\/51\/2024\/07\/COMUNICATI-STAMPA-2.png","width":1000,"height":346,"caption":"Comunicati Stampa"},"image":{"@id":"https:\/\/portale2.unime.it\/comunicatistampa\/#\/schema\/logo\/image\/"}},{"@type":"Person","@id":"https:\/\/portale2.unime.it\/comunicatistampa\/#\/schema\/person\/ece3ce92132d3b80b89603a7e93eda7f","name":"astramandino","image":{"@type":"ImageObject","inLanguage":"it-IT","@id":"https:\/\/secure.gravatar.com\/avatar\/350a04f01afddd3a9f6e057c2d618be834d7ca1192086cfd02adaba43a0e0575?s=96&d=mm&r=g","url":"https:\/\/secure.gravatar.com\/avatar\/350a04f01afddd3a9f6e057c2d618be834d7ca1192086cfd02adaba43a0e0575?s=96&d=mm&r=g","contentUrl":"https:\/\/secure.gravatar.com\/avatar\/350a04f01afddd3a9f6e057c2d618be834d7ca1192086cfd02adaba43a0e0575?s=96&d=mm&r=g","caption":"astramandino"},"url":"https:\/\/portale2.unime.it\/comunicatistampa\/author\/astramandino\/"}]}},"acf":[],"_links":{"self":[{"href":"https:\/\/portale2.unime.it\/comunicatistampa\/wp-json\/wp\/v2\/posts\/12412","targetHints":{"allow":["GET"]}}],"collection":[{"href":"https:\/\/portale2.unime.it\/comunicatistampa\/wp-json\/wp\/v2\/posts"}],"about":[{"href":"https:\/\/portale2.unime.it\/comunicatistampa\/wp-json\/wp\/v2\/types\/post"}],"author":[{"embeddable":true,"href":"https:\/\/portale2.unime.it\/comunicatistampa\/wp-json\/wp\/v2\/users\/60"}],"replies":[{"embeddable":true,"href":"https:\/\/portale2.unime.it\/comunicatistampa\/wp-json\/wp\/v2\/comments?post=12412"}],"version-history":[{"count":0,"href":"https:\/\/portale2.unime.it\/comunicatistampa\/wp-json\/wp\/v2\/posts\/12412\/revisions"}],"wp:attachment":[{"href":"https:\/\/portale2.unime.it\/comunicatistampa\/wp-json\/wp\/v2\/media?parent=12412"}],"wp:term":[{"taxonomy":"category","embeddable":true,"href":"https:\/\/portale2.unime.it\/comunicatistampa\/wp-json\/wp\/v2\/categories?post=12412"},{"taxonomy":"post_tag","embeddable":true,"href":"https:\/\/portale2.unime.it\/comunicatistampa\/wp-json\/wp\/v2\/tags?post=12412"}],"curies":[{"name":"wp","href":"https:\/\/api.w.org\/{rel}","templated":true}]}}