{"id":15178,"date":"2022-05-26T12:34:09","date_gmt":"2022-05-26T11:34:09","guid":{"rendered":"https:\/\/portale.unime.it\/comunicatistampa\/?p=15178"},"modified":"2022-05-26T12:34:09","modified_gmt":"2022-05-26T11:34:09","slug":"convegno-nazionale-delle-scuole-italiane-in-medicina-del-lavoro","status":"publish","type":"post","link":"https:\/\/portale2.unime.it\/comunicatistampa\/convegno-nazionale-delle-scuole-italiane-in-medicina-del-lavoro\/","title":{"rendered":"Convegno nazionale delle Scuole Italiane in Medicina del Lavoro"},"content":{"rendered":"<p style=\"text-align: justify\">Si terr\u00e0 a Taormina, dal 29 al 30 maggio, l\u2019ottava edizione del \u00a0Convegno Nazionale delle Scuole Italiane di specializzazione in Medicina del Lavoro. L\u2019evento, patrocinato dall\u2019Universit\u00e0 di Messina e coordinato dalla professoressa Giovanna Spatari, Presidente della Societ\u00e0 del Lavoro, \u00e8 \u00a0dedicato alla memoria del professore Nuccio Abbate, gi\u00e0 Direttore della Scuola di specializzazione in Medicina del Lavoro dell\u2019ateneo messinese.<!--more--><\/p>\n<p style=\"text-align: justify\">L\u2019evento ha assunto negli anni un particolare rilievo in quanto \u00e8 frequentato da numerosi giovani medici, provenienti da tutte le scuole di specializzazione italiane del settore. In questa edizione oltre 200 specialisti in formazione si confronteranno sui temi principali della ricerca scientifica in Medicina del Lavoro insieme ai direttori delle scuole stesse. Inoltre, una riflessione sul futuro della disciplina &#8211; tra aspettative e prospettive &#8211; verr\u00e0 affrontata nel corso della tavola rotonda alla quale interverranno professionisti che incarnano le varie competenze della medicina del lavoro (medici competenti, universitari, dipendenti dei servizi pubblici) \u00a0e, in rappresentanza delle associazioni datoriali, il presidente nazionale di CONFAPI, dottor Maurizio Casasco.<\/p>\n","protected":false},"excerpt":{"rendered":"<p>Si terr\u00e0 a Taormina, dal 29 al 30 maggio, l\u2019ottava edizione del \u00a0Convegno Nazionale delle Scuole Italiane di specializzazione in Medicina del Lavoro. L\u2019evento, patrocinato dall\u2019Universit\u00e0 di Messina e coordinato dalla professoressa Giovanna Spatari, Presidente della Societ\u00e0 del Lavoro, \u00e8 \u00a0dedicato alla memoria del professore Nuccio Abbate, gi\u00e0 Direttore della Scuola di specializzazione in Medicina&hellip; <a class=\"more-link\" href=\"https:\/\/portale2.unime.it\/comunicatistampa\/convegno-nazionale-delle-scuole-italiane-in-medicina-del-lavoro\/\">Continua a leggere <span class=\"screen-reader-text\">Convegno nazionale delle Scuole Italiane in Medicina del Lavoro<\/span><\/a><\/p>\n","protected":false},"author":60,"featured_media":0,"comment_status":"closed","ping_status":"open","sticky":false,"template":"","format":"standard","meta":{"_acf_changed":false,"footnotes":""},"categories":[3],"tags":[],"class_list":["post-15178","post","type-post","status-publish","format-standard","hentry","category-comunicati","entry"],"yoast_head":"<!-- This site is optimized with the Yoast SEO plugin v27.4 - https:\/\/yoast.com\/product\/yoast-seo-wordpress\/ -->\n<title>Convegno nazionale delle Scuole Italiane in Medicina del Lavoro - Comunicati Stampa<\/title>\n<meta name=\"robots\" content=\"index, follow, max-snippet:-1, max-image-preview:large, max-video-preview:-1\" \/>\n<link rel=\"canonical\" href=\"https:\/\/portale2.unime.it\/comunicatistampa\/convegno-nazionale-delle-scuole-italiane-in-medicina-del-lavoro\/\" \/>\n<meta property=\"og:locale\" content=\"it_IT\" \/>\n<meta property=\"og:type\" content=\"article\" \/>\n<meta property=\"og:title\" content=\"Convegno nazionale delle Scuole Italiane in Medicina del Lavoro - Comunicati Stampa\" \/>\n<meta property=\"og:description\" content=\"Si terr\u00e0 a Taormina, dal 29 al 30 maggio, l\u2019ottava edizione del \u00a0Convegno Nazionale delle Scuole Italiane di specializzazione in Medicina del Lavoro. L\u2019evento, patrocinato dall\u2019Universit\u00e0 di Messina e coordinato dalla professoressa Giovanna Spatari, Presidente della Societ\u00e0 del Lavoro, \u00e8 \u00a0dedicato alla memoria del professore Nuccio Abbate, gi\u00e0 Direttore della Scuola di specializzazione in Medicina&hellip; Continua a leggere Convegno nazionale delle Scuole Italiane in Medicina del Lavoro\" \/>\n<meta property=\"og:url\" content=\"https:\/\/portale2.unime.it\/comunicatistampa\/convegno-nazionale-delle-scuole-italiane-in-medicina-del-lavoro\/\" \/>\n<meta property=\"og:site_name\" content=\"Comunicati Stampa\" \/>\n<meta property=\"article:published_time\" content=\"2022-05-26T11:34:09+00:00\" \/>\n<meta name=\"author\" content=\"astramandino\" \/>\n<meta name=\"twitter:card\" content=\"summary_large_image\" \/>\n<meta name=\"twitter:label1\" content=\"Scritto da\" \/>\n\t<meta name=\"twitter:data1\" content=\"astramandino\" \/>\n\t<meta name=\"twitter:label2\" content=\"Tempo di lettura stimato\" \/>\n\t<meta name=\"twitter:data2\" content=\"1 minuto\" \/>\n<script type=\"application\/ld+json\" class=\"yoast-schema-graph\">{\"@context\":\"https:\\\/\\\/schema.org\",\"@graph\":[{\"@type\":\"Article\",\"@id\":\"https:\\\/\\\/portale2.unime.it\\\/comunicatistampa\\\/convegno-nazionale-delle-scuole-italiane-in-medicina-del-lavoro\\\/#article\",\"isPartOf\":{\"@id\":\"https:\\\/\\\/portale2.unime.it\\\/comunicatistampa\\\/convegno-nazionale-delle-scuole-italiane-in-medicina-del-lavoro\\\/\"},\"author\":{\"name\":\"astramandino\",\"@id\":\"https:\\\/\\\/portale2.unime.it\\\/comunicatistampa\\\/#\\\/schema\\\/person\\\/ece3ce92132d3b80b89603a7e93eda7f\"},\"headline\":\"Convegno nazionale delle Scuole Italiane in Medicina del Lavoro\",\"datePublished\":\"2022-05-26T11:34:09+00:00\",\"mainEntityOfPage\":{\"@id\":\"https:\\\/\\\/portale2.unime.it\\\/comunicatistampa\\\/convegno-nazionale-delle-scuole-italiane-in-medicina-del-lavoro\\\/\"},\"wordCount\":174,\"publisher\":{\"@id\":\"https:\\\/\\\/portale2.unime.it\\\/comunicatistampa\\\/#organization\"},\"articleSection\":[\"Comunicati Stampa Universit\u00e0 di Messina\"],\"inLanguage\":\"it-IT\"},{\"@type\":\"WebPage\",\"@id\":\"https:\\\/\\\/portale2.unime.it\\\/comunicatistampa\\\/convegno-nazionale-delle-scuole-italiane-in-medicina-del-lavoro\\\/\",\"url\":\"https:\\\/\\\/portale2.unime.it\\\/comunicatistampa\\\/convegno-nazionale-delle-scuole-italiane-in-medicina-del-lavoro\\\/\",\"name\":\"Convegno nazionale delle Scuole Italiane in Medicina del Lavoro - Comunicati Stampa\",\"isPartOf\":{\"@id\":\"https:\\\/\\\/portale2.unime.it\\\/comunicatistampa\\\/#website\"},\"datePublished\":\"2022-05-26T11:34:09+00:00\",\"breadcrumb\":{\"@id\":\"https:\\\/\\\/portale2.unime.it\\\/comunicatistampa\\\/convegno-nazionale-delle-scuole-italiane-in-medicina-del-lavoro\\\/#breadcrumb\"},\"inLanguage\":\"it-IT\",\"potentialAction\":[{\"@type\":\"ReadAction\",\"target\":[\"https:\\\/\\\/portale2.unime.it\\\/comunicatistampa\\\/convegno-nazionale-delle-scuole-italiane-in-medicina-del-lavoro\\\/\"]}]},{\"@type\":\"BreadcrumbList\",\"@id\":\"https:\\\/\\\/portale2.unime.it\\\/comunicatistampa\\\/convegno-nazionale-delle-scuole-italiane-in-medicina-del-lavoro\\\/#breadcrumb\",\"itemListElement\":[{\"@type\":\"ListItem\",\"position\":1,\"name\":\"Home\",\"item\":\"https:\\\/\\\/portale2.unime.it\\\/comunicatistampa\\\/\"},{\"@type\":\"ListItem\",\"position\":2,\"name\":\"Convegno nazionale delle Scuole Italiane in Medicina del Lavoro\"}]},{\"@type\":\"WebSite\",\"@id\":\"https:\\\/\\\/portale2.unime.it\\\/comunicatistampa\\\/#website\",\"url\":\"https:\\\/\\\/portale2.unime.it\\\/comunicatistampa\\\/\",\"name\":\"Comunicati Stampa\",\"description\":\"\",\"publisher\":{\"@id\":\"https:\\\/\\\/portale2.unime.it\\\/comunicatistampa\\\/#organization\"},\"alternateName\":\"https:\\\/\\\/comunicatistampa.unime.it\\\/\",\"potentialAction\":[{\"@type\":\"SearchAction\",\"target\":{\"@type\":\"EntryPoint\",\"urlTemplate\":\"https:\\\/\\\/portale2.unime.it\\\/comunicatistampa\\\/?s={search_term_string}\"},\"query-input\":{\"@type\":\"PropertyValueSpecification\",\"valueRequired\":true,\"valueName\":\"search_term_string\"}}],\"inLanguage\":\"it-IT\"},{\"@type\":\"Organization\",\"@id\":\"https:\\\/\\\/portale2.unime.it\\\/comunicatistampa\\\/#organization\",\"name\":\"Comunicati Stampa\",\"url\":\"https:\\\/\\\/portale2.unime.it\\\/comunicatistampa\\\/\",\"logo\":{\"@type\":\"ImageObject\",\"inLanguage\":\"it-IT\",\"@id\":\"https:\\\/\\\/portale2.unime.it\\\/comunicatistampa\\\/#\\\/schema\\\/logo\\\/image\\\/\",\"url\":\"https:\\\/\\\/portale2.unime.it\\\/comunicatistampa\\\/wp-content\\\/uploads\\\/sites\\\/51\\\/2024\\\/07\\\/COMUNICATI-STAMPA-2.png\",\"contentUrl\":\"https:\\\/\\\/portale2.unime.it\\\/comunicatistampa\\\/wp-content\\\/uploads\\\/sites\\\/51\\\/2024\\\/07\\\/COMUNICATI-STAMPA-2.png\",\"width\":1000,\"height\":346,\"caption\":\"Comunicati Stampa\"},\"image\":{\"@id\":\"https:\\\/\\\/portale2.unime.it\\\/comunicatistampa\\\/#\\\/schema\\\/logo\\\/image\\\/\"}},{\"@type\":\"Person\",\"@id\":\"https:\\\/\\\/portale2.unime.it\\\/comunicatistampa\\\/#\\\/schema\\\/person\\\/ece3ce92132d3b80b89603a7e93eda7f\",\"name\":\"astramandino\",\"image\":{\"@type\":\"ImageObject\",\"inLanguage\":\"it-IT\",\"@id\":\"https:\\\/\\\/secure.gravatar.com\\\/avatar\\\/350a04f01afddd3a9f6e057c2d618be834d7ca1192086cfd02adaba43a0e0575?s=96&d=mm&r=g\",\"url\":\"https:\\\/\\\/secure.gravatar.com\\\/avatar\\\/350a04f01afddd3a9f6e057c2d618be834d7ca1192086cfd02adaba43a0e0575?s=96&d=mm&r=g\",\"contentUrl\":\"https:\\\/\\\/secure.gravatar.com\\\/avatar\\\/350a04f01afddd3a9f6e057c2d618be834d7ca1192086cfd02adaba43a0e0575?s=96&d=mm&r=g\",\"caption\":\"astramandino\"},\"url\":\"https:\\\/\\\/portale2.unime.it\\\/comunicatistampa\\\/author\\\/astramandino\\\/\"}]}<\/script>\n<!-- \/ Yoast SEO plugin. -->","yoast_head_json":{"title":"Convegno nazionale delle Scuole Italiane in Medicina del Lavoro - Comunicati Stampa","robots":{"index":"index","follow":"follow","max-snippet":"max-snippet:-1","max-image-preview":"max-image-preview:large","max-video-preview":"max-video-preview:-1"},"canonical":"https:\/\/portale2.unime.it\/comunicatistampa\/convegno-nazionale-delle-scuole-italiane-in-medicina-del-lavoro\/","og_locale":"it_IT","og_type":"article","og_title":"Convegno nazionale delle Scuole Italiane in Medicina del Lavoro - Comunicati Stampa","og_description":"Si terr\u00e0 a Taormina, dal 29 al 30 maggio, l\u2019ottava edizione del \u00a0Convegno Nazionale delle Scuole Italiane di specializzazione in Medicina del Lavoro. L\u2019evento, patrocinato dall\u2019Universit\u00e0 di Messina e coordinato dalla professoressa Giovanna Spatari, Presidente della Societ\u00e0 del Lavoro, \u00e8 \u00a0dedicato alla memoria del professore Nuccio Abbate, gi\u00e0 Direttore della Scuola di specializzazione in Medicina&hellip; Continua a leggere Convegno nazionale delle Scuole Italiane in Medicina del Lavoro","og_url":"https:\/\/portale2.unime.it\/comunicatistampa\/convegno-nazionale-delle-scuole-italiane-in-medicina-del-lavoro\/","og_site_name":"Comunicati Stampa","article_published_time":"2022-05-26T11:34:09+00:00","author":"astramandino","twitter_card":"summary_large_image","twitter_misc":{"Scritto da":"astramandino","Tempo di lettura stimato":"1 minuto"},"schema":{"@context":"https:\/\/schema.org","@graph":[{"@type":"Article","@id":"https:\/\/portale2.unime.it\/comunicatistampa\/convegno-nazionale-delle-scuole-italiane-in-medicina-del-lavoro\/#article","isPartOf":{"@id":"https:\/\/portale2.unime.it\/comunicatistampa\/convegno-nazionale-delle-scuole-italiane-in-medicina-del-lavoro\/"},"author":{"name":"astramandino","@id":"https:\/\/portale2.unime.it\/comunicatistampa\/#\/schema\/person\/ece3ce92132d3b80b89603a7e93eda7f"},"headline":"Convegno nazionale delle Scuole Italiane in Medicina del Lavoro","datePublished":"2022-05-26T11:34:09+00:00","mainEntityOfPage":{"@id":"https:\/\/portale2.unime.it\/comunicatistampa\/convegno-nazionale-delle-scuole-italiane-in-medicina-del-lavoro\/"},"wordCount":174,"publisher":{"@id":"https:\/\/portale2.unime.it\/comunicatistampa\/#organization"},"articleSection":["Comunicati Stampa Universit\u00e0 di Messina"],"inLanguage":"it-IT"},{"@type":"WebPage","@id":"https:\/\/portale2.unime.it\/comunicatistampa\/convegno-nazionale-delle-scuole-italiane-in-medicina-del-lavoro\/","url":"https:\/\/portale2.unime.it\/comunicatistampa\/convegno-nazionale-delle-scuole-italiane-in-medicina-del-lavoro\/","name":"Convegno nazionale delle Scuole Italiane in Medicina del Lavoro - Comunicati Stampa","isPartOf":{"@id":"https:\/\/portale2.unime.it\/comunicatistampa\/#website"},"datePublished":"2022-05-26T11:34:09+00:00","breadcrumb":{"@id":"https:\/\/portale2.unime.it\/comunicatistampa\/convegno-nazionale-delle-scuole-italiane-in-medicina-del-lavoro\/#breadcrumb"},"inLanguage":"it-IT","potentialAction":[{"@type":"ReadAction","target":["https:\/\/portale2.unime.it\/comunicatistampa\/convegno-nazionale-delle-scuole-italiane-in-medicina-del-lavoro\/"]}]},{"@type":"BreadcrumbList","@id":"https:\/\/portale2.unime.it\/comunicatistampa\/convegno-nazionale-delle-scuole-italiane-in-medicina-del-lavoro\/#breadcrumb","itemListElement":[{"@type":"ListItem","position":1,"name":"Home","item":"https:\/\/portale2.unime.it\/comunicatistampa\/"},{"@type":"ListItem","position":2,"name":"Convegno nazionale delle Scuole Italiane in Medicina del Lavoro"}]},{"@type":"WebSite","@id":"https:\/\/portale2.unime.it\/comunicatistampa\/#website","url":"https:\/\/portale2.unime.it\/comunicatistampa\/","name":"Comunicati Stampa","description":"","publisher":{"@id":"https:\/\/portale2.unime.it\/comunicatistampa\/#organization"},"alternateName":"https:\/\/comunicatistampa.unime.it\/","potentialAction":[{"@type":"SearchAction","target":{"@type":"EntryPoint","urlTemplate":"https:\/\/portale2.unime.it\/comunicatistampa\/?s={search_term_string}"},"query-input":{"@type":"PropertyValueSpecification","valueRequired":true,"valueName":"search_term_string"}}],"inLanguage":"it-IT"},{"@type":"Organization","@id":"https:\/\/portale2.unime.it\/comunicatistampa\/#organization","name":"Comunicati Stampa","url":"https:\/\/portale2.unime.it\/comunicatistampa\/","logo":{"@type":"ImageObject","inLanguage":"it-IT","@id":"https:\/\/portale2.unime.it\/comunicatistampa\/#\/schema\/logo\/image\/","url":"https:\/\/portale2.unime.it\/comunicatistampa\/wp-content\/uploads\/sites\/51\/2024\/07\/COMUNICATI-STAMPA-2.png","contentUrl":"https:\/\/portale2.unime.it\/comunicatistampa\/wp-content\/uploads\/sites\/51\/2024\/07\/COMUNICATI-STAMPA-2.png","width":1000,"height":346,"caption":"Comunicati Stampa"},"image":{"@id":"https:\/\/portale2.unime.it\/comunicatistampa\/#\/schema\/logo\/image\/"}},{"@type":"Person","@id":"https:\/\/portale2.unime.it\/comunicatistampa\/#\/schema\/person\/ece3ce92132d3b80b89603a7e93eda7f","name":"astramandino","image":{"@type":"ImageObject","inLanguage":"it-IT","@id":"https:\/\/secure.gravatar.com\/avatar\/350a04f01afddd3a9f6e057c2d618be834d7ca1192086cfd02adaba43a0e0575?s=96&d=mm&r=g","url":"https:\/\/secure.gravatar.com\/avatar\/350a04f01afddd3a9f6e057c2d618be834d7ca1192086cfd02adaba43a0e0575?s=96&d=mm&r=g","contentUrl":"https:\/\/secure.gravatar.com\/avatar\/350a04f01afddd3a9f6e057c2d618be834d7ca1192086cfd02adaba43a0e0575?s=96&d=mm&r=g","caption":"astramandino"},"url":"https:\/\/portale2.unime.it\/comunicatistampa\/author\/astramandino\/"}]}},"acf":[],"_links":{"self":[{"href":"https:\/\/portale2.unime.it\/comunicatistampa\/wp-json\/wp\/v2\/posts\/15178","targetHints":{"allow":["GET"]}}],"collection":[{"href":"https:\/\/portale2.unime.it\/comunicatistampa\/wp-json\/wp\/v2\/posts"}],"about":[{"href":"https:\/\/portale2.unime.it\/comunicatistampa\/wp-json\/wp\/v2\/types\/post"}],"author":[{"embeddable":true,"href":"https:\/\/portale2.unime.it\/comunicatistampa\/wp-json\/wp\/v2\/users\/60"}],"replies":[{"embeddable":true,"href":"https:\/\/portale2.unime.it\/comunicatistampa\/wp-json\/wp\/v2\/comments?post=15178"}],"version-history":[{"count":0,"href":"https:\/\/portale2.unime.it\/comunicatistampa\/wp-json\/wp\/v2\/posts\/15178\/revisions"}],"wp:attachment":[{"href":"https:\/\/portale2.unime.it\/comunicatistampa\/wp-json\/wp\/v2\/media?parent=15178"}],"wp:term":[{"taxonomy":"category","embeddable":true,"href":"https:\/\/portale2.unime.it\/comunicatistampa\/wp-json\/wp\/v2\/categories?post=15178"},{"taxonomy":"post_tag","embeddable":true,"href":"https:\/\/portale2.unime.it\/comunicatistampa\/wp-json\/wp\/v2\/tags?post=15178"}],"curies":[{"name":"wp","href":"https:\/\/api.w.org\/{rel}","templated":true}]}}