{"id":15184,"date":"2022-06-01T07:28:37","date_gmt":"2022-06-01T06:28:37","guid":{"rendered":"https:\/\/portale.unime.it\/comunicatistampa\/?p=15184"},"modified":"2022-06-01T07:28:37","modified_gmt":"2022-06-01T06:28:37","slug":"il-sortilegio-della-meritocrazia-lectio-magistralis-di-nadia-urbinati","status":"publish","type":"post","link":"https:\/\/portale2.unime.it\/comunicatistampa\/il-sortilegio-della-meritocrazia-lectio-magistralis-di-nadia-urbinati\/","title":{"rendered":"Il sortilegio della \u201cmeritocrazia\u201d, Lectio magistralis di Nadia Urbinati"},"content":{"rendered":"<p style=\"text-align: justify\"><i>Nadia Urbinati, visiting professor presso il DiCAM, sbugiarda l\u2019ideologia che nasconde le disuguaglianze. O, addirittura, le rende strutturali.<span class=\"Apple-converted-space\">\u00a0<\/span><\/i>\u00abChe cos\u2019\u00e8 una societ\u00e0 democratica giusta? Propongo questa imperfetta definizione: \u201cUna societ\u00e0 giusta \u00e8 quella che consente a tutti i suoi membri di avere l\u2019accesso pi\u00f9 ampio possibile ai beni di base: l\u2019istruzione, la salute, il diritto di voto e, pi\u00f9 in generale, la pi\u00f9 completa partecipazione alle varie forme di vita sociale, culturale, economica, civile e politica\u201d \u2013 questo \u00e8 l\u2019obiettivo dell\u2019articolo 3 della nostra Costituzione\u00bb. Nadia Urbinati, docente di teoria politica alla Columbia University e Visiting Professor presso il Dipartimento di Civilt\u00e0 Antiche e Moderne dell\u2019Universit\u00e0 degli Studi di Messina, ha aperto con questa decisiva domanda la sua <i>Lectio Magistralis<\/i>, tenutaieri, presso l\u2019Aula Magna del Rettorato.<span class=\"Apple-converted-space\">\u00a0<\/span><!--more--><\/p>\n<p style=\"text-align: justify\">Come ha ricordato il prorettore Giovanni Moschella, Nadia Urbinati ha trascorso il mese di maggio presso l\u2019Ateneo peloritano, offrendo un ricchissimo ciclo di lezioni e seminari presso il DiCAM. Il prof. Giuseppe Giordano, Direttore del DiCAM, ringraziando le prof.sse Caterina Resta e Rita Fulco, responsabili dell\u2019invito, ha voluto sottolineare l\u2019encomiabile energia e la grande generosit\u00e0 di Nadia Urbinati, che ha dialogato con allieve e allievi del Corso di Studi magistrale in Filosofie del Novecento e del Dottorato di Ricerca in Scienze Umanistiche su decisive questioni inerenti alle teorie democratiche contemporanee.<span class=\"Apple-converted-space\">\u00a0<\/span><\/p>\n<p style=\"text-align: justify\">La brillante <i>lectio magistralis<\/i>, che ha concluso il periodo di permanenza a Messina, ha suscitato un vivacissimo e costruttivo dibattito tra i presenti. \u201cIl conflitto politico nel XXI secolo\u201d era, infatti, il titolo della <i>lectio<\/i>, che ha affrontato non solo la differenza tra <i>conflitto politico<\/i> e <i>rivolte<\/i>, ma ha anche attraversato criticamente la storia concettuale del rapporto tra <i>uguaglianza<\/i> e <i>disuguaglianza<\/i>. Il nucleo scottante \u00e8 stato, tuttavia, il tema del conflitto tra \u201ci pochi\u201d e \u201ci molti\u201d attraverso cui Nadia Urbinati ha fatto emergere come anche dietro obiettivi quasi universalmente accettati, come quello della \u201cmeritocrazia\u201d, si nascondano e si radichino in modo profondo i germi della disuguaglianza.<\/p>\n<p style=\"text-align: justify\">Ma in che modo la disuguaglianza \u00e8 legata alla \u201cmeritocrazia\u201d? Dove si trova il punto di contatto tra questi due termini che sembrano opposti? La disuguaglianza non \u00e8 qualcosa che c\u2019\u00e8 sempre stata e che la meritocrazia si propone di scardinare? Urbinati spariglia le carte e prova a mostrare come la meritocrazia possa diventare un\u2019ideologia che, addirittura, giustifica la disuguaglianza e la rende accettabile: \u00abOggi si parla di <i>merito<\/i> pi\u00f9 che di <i>superiorit\u00e0<\/i> \u2013 sottolinea Urbinati \u2013 e la ragione sta nel fatto che in una societ\u00e0 come la nostra, che ha abbracciato l\u2019uguaglianza politica, \u00e8 pi\u00f9 difficile attaccare l\u2019uguaglianza. Quindi sceglie una strada pi\u00f9 astuta: esalta la disuguaglianza in meglio (il merito) che deve essere meritata e che \u00e8 riconosciuta da tutti. E che, infine, ribadisce un ordine di superiorit\u00e0\u00bb. Cosa c\u2019\u00e8 di sbagliato in questo? Guardiamo al nostro passato, ci dice Urbinati. Da dove veniamo? Cosa abbiamo dovuto affrontare per arrivare fin dove siamo (o, attenzione, non siamo, non siamo potuti\u2026) arrivare, secondo il dogma individualistico del farcela con le proprie gambe, con le proprie forze? Ecco svelato il sortilegio che nasconde sotto il materasso del tempo le disuguaglianze: \u00abLa competizione come la conquista del West, la societ\u00e0 come prateria: potenzialmente tutti possono partecipare alla corsa e farcela. Il fatto taciuto o non trattato con la stessa acribia da questi teorici della gara individualistica per il benessere \u2013 ribadisce con veemenza Urbinati \u2013 \u00e8 che appena la corsa comincia alcuni sono gi\u00e0 avvantaggiati, e il loro vantaggio non si annulla con la competizione, ma si accumula e rende quella che era all\u2019origine una posizione di partenza eguale una condizione di privilegio e di monopolio\u00bb. Che significa? Semplice: se si \u00e8 nati in una famiglia non benestante, se non povera, se non di migranti, se non di persone diversamente abili, e cos\u00ec via; se si \u00e8 nati in una citt\u00e0, o in un paese, o in una piccola frazione del Sud Italia, o del Sud del mondo, davvero si hanno le stesse possibilit\u00e0 di riuscire nella societ\u00e0 rispetto a chi \u00e8 nato in una famiglia benestante, o in un luogo facilmente raggiungibile dai mezzi di trasporto, nel Nord? Che la risposta sia \u201cno\u201d, qui al Sud lo sappiamo bene.<\/p>\n<p style=\"text-align: justify\">Come ribadisce Nadia Urbinati, \u00abper non essere privilegio truffaldino, il merito deve sprigionare da una societ\u00e0 nella quale a tutti dovrebbe essere concessa un\u2019eguale opportunit\u00e0 di formare le proprie capacit\u00e0 e accedere ai beni primari (diritti civili e diritti sociali essenziali) per poter partecipare alla gara della vita\u00bb.<span class=\"Apple-converted-space\">\u00a0<\/span><\/p>\n<p style=\"text-align: justify\">\n","protected":false},"excerpt":{"rendered":"<p>Nadia Urbinati, visiting professor presso il DiCAM, sbugiarda l\u2019ideologia che nasconde le disuguaglianze. O, addirittura, le rende strutturali.\u00a0\u00abChe cos\u2019\u00e8 una societ\u00e0 democratica giusta? Propongo questa imperfetta definizione: \u201cUna societ\u00e0 giusta \u00e8 quella che consente a tutti i suoi membri di avere l\u2019accesso pi\u00f9 ampio possibile ai beni di base: l\u2019istruzione, la salute, il diritto di&hellip; <a class=\"more-link\" href=\"https:\/\/portale2.unime.it\/comunicatistampa\/il-sortilegio-della-meritocrazia-lectio-magistralis-di-nadia-urbinati\/\">Continua a leggere <span class=\"screen-reader-text\">Il sortilegio della \u201cmeritocrazia\u201d, Lectio magistralis di Nadia Urbinati<\/span><\/a><\/p>\n","protected":false},"author":59,"featured_media":0,"comment_status":"closed","ping_status":"open","sticky":false,"template":"","format":"standard","meta":{"_acf_changed":false,"footnotes":""},"categories":[3],"tags":[],"class_list":["post-15184","post","type-post","status-publish","format-standard","hentry","category-comunicati","entry"],"yoast_head":"<!-- This site is optimized with the Yoast SEO plugin v27.4 - https:\/\/yoast.com\/product\/yoast-seo-wordpress\/ -->\n<title>Il sortilegio della \u201cmeritocrazia\u201d, Lectio magistralis di Nadia Urbinati - Comunicati Stampa<\/title>\n<meta name=\"robots\" content=\"index, follow, max-snippet:-1, max-image-preview:large, max-video-preview:-1\" \/>\n<link rel=\"canonical\" href=\"https:\/\/comunicatistampa.unime.it\/il-sortilegio-della-meritocrazia-lectio-magistralis-di-nadia-urbinati\/\" \/>\n<meta property=\"og:locale\" content=\"it_IT\" \/>\n<meta property=\"og:type\" content=\"article\" \/>\n<meta property=\"og:title\" content=\"Il sortilegio della \u201cmeritocrazia\u201d, Lectio magistralis di Nadia Urbinati - Comunicati Stampa\" \/>\n<meta property=\"og:description\" content=\"Nadia Urbinati, visiting professor presso il DiCAM, sbugiarda l\u2019ideologia che nasconde le disuguaglianze. O, addirittura, le rende strutturali.\u00a0\u00abChe cos\u2019\u00e8 una societ\u00e0 democratica giusta? Propongo questa imperfetta definizione: \u201cUna societ\u00e0 giusta \u00e8 quella che consente a tutti i suoi membri di avere l\u2019accesso pi\u00f9 ampio possibile ai beni di base: l\u2019istruzione, la salute, il diritto di&hellip; Continua a leggere Il sortilegio della \u201cmeritocrazia\u201d, Lectio magistralis di Nadia Urbinati\" \/>\n<meta property=\"og:url\" content=\"https:\/\/comunicatistampa.unime.it\/il-sortilegio-della-meritocrazia-lectio-magistralis-di-nadia-urbinati\/\" \/>\n<meta property=\"og:site_name\" content=\"Comunicati Stampa\" \/>\n<meta property=\"article:published_time\" content=\"2022-06-01T06:28:37+00:00\" \/>\n<meta name=\"author\" content=\"vruggeri\" \/>\n<meta name=\"twitter:card\" content=\"summary_large_image\" \/>\n<meta name=\"twitter:label1\" content=\"Scritto da\" \/>\n\t<meta name=\"twitter:data1\" content=\"vruggeri\" \/>\n\t<meta name=\"twitter:label2\" content=\"Tempo di lettura stimato\" \/>\n\t<meta name=\"twitter:data2\" content=\"4 minuti\" \/>\n<script type=\"application\/ld+json\" class=\"yoast-schema-graph\">{\"@context\":\"https:\\\/\\\/schema.org\",\"@graph\":[{\"@type\":\"Article\",\"@id\":\"https:\\\/\\\/comunicatistampa.unime.it\\\/il-sortilegio-della-meritocrazia-lectio-magistralis-di-nadia-urbinati\\\/#article\",\"isPartOf\":{\"@id\":\"https:\\\/\\\/comunicatistampa.unime.it\\\/il-sortilegio-della-meritocrazia-lectio-magistralis-di-nadia-urbinati\\\/\"},\"author\":{\"name\":\"vruggeri\",\"@id\":\"https:\\\/\\\/portale2.unime.it\\\/comunicatistampa\\\/#\\\/schema\\\/person\\\/1583afcbf01b1f63c5a7cfd5bdb06b61\"},\"headline\":\"Il sortilegio della \u201cmeritocrazia\u201d, Lectio magistralis di Nadia Urbinati\",\"datePublished\":\"2022-06-01T06:28:37+00:00\",\"mainEntityOfPage\":{\"@id\":\"https:\\\/\\\/comunicatistampa.unime.it\\\/il-sortilegio-della-meritocrazia-lectio-magistralis-di-nadia-urbinati\\\/\"},\"wordCount\":749,\"publisher\":{\"@id\":\"https:\\\/\\\/portale2.unime.it\\\/comunicatistampa\\\/#organization\"},\"articleSection\":[\"Comunicati Stampa Universit\u00e0 di Messina\"],\"inLanguage\":\"it-IT\"},{\"@type\":\"WebPage\",\"@id\":\"https:\\\/\\\/comunicatistampa.unime.it\\\/il-sortilegio-della-meritocrazia-lectio-magistralis-di-nadia-urbinati\\\/\",\"url\":\"https:\\\/\\\/comunicatistampa.unime.it\\\/il-sortilegio-della-meritocrazia-lectio-magistralis-di-nadia-urbinati\\\/\",\"name\":\"Il sortilegio della \u201cmeritocrazia\u201d, Lectio magistralis di Nadia Urbinati - Comunicati Stampa\",\"isPartOf\":{\"@id\":\"https:\\\/\\\/portale2.unime.it\\\/comunicatistampa\\\/#website\"},\"datePublished\":\"2022-06-01T06:28:37+00:00\",\"breadcrumb\":{\"@id\":\"https:\\\/\\\/comunicatistampa.unime.it\\\/il-sortilegio-della-meritocrazia-lectio-magistralis-di-nadia-urbinati\\\/#breadcrumb\"},\"inLanguage\":\"it-IT\",\"potentialAction\":[{\"@type\":\"ReadAction\",\"target\":[\"https:\\\/\\\/comunicatistampa.unime.it\\\/il-sortilegio-della-meritocrazia-lectio-magistralis-di-nadia-urbinati\\\/\"]}]},{\"@type\":\"BreadcrumbList\",\"@id\":\"https:\\\/\\\/comunicatistampa.unime.it\\\/il-sortilegio-della-meritocrazia-lectio-magistralis-di-nadia-urbinati\\\/#breadcrumb\",\"itemListElement\":[{\"@type\":\"ListItem\",\"position\":1,\"name\":\"Home\",\"item\":\"https:\\\/\\\/portale2.unime.it\\\/comunicatistampa\\\/\"},{\"@type\":\"ListItem\",\"position\":2,\"name\":\"Il sortilegio della \u201cmeritocrazia\u201d, Lectio magistralis di Nadia Urbinati\"}]},{\"@type\":\"WebSite\",\"@id\":\"https:\\\/\\\/portale2.unime.it\\\/comunicatistampa\\\/#website\",\"url\":\"https:\\\/\\\/portale2.unime.it\\\/comunicatistampa\\\/\",\"name\":\"Comunicati Stampa\",\"description\":\"\",\"publisher\":{\"@id\":\"https:\\\/\\\/portale2.unime.it\\\/comunicatistampa\\\/#organization\"},\"alternateName\":\"https:\\\/\\\/comunicatistampa.unime.it\\\/\",\"potentialAction\":[{\"@type\":\"SearchAction\",\"target\":{\"@type\":\"EntryPoint\",\"urlTemplate\":\"https:\\\/\\\/portale2.unime.it\\\/comunicatistampa\\\/?s={search_term_string}\"},\"query-input\":{\"@type\":\"PropertyValueSpecification\",\"valueRequired\":true,\"valueName\":\"search_term_string\"}}],\"inLanguage\":\"it-IT\"},{\"@type\":\"Organization\",\"@id\":\"https:\\\/\\\/portale2.unime.it\\\/comunicatistampa\\\/#organization\",\"name\":\"Comunicati Stampa\",\"url\":\"https:\\\/\\\/portale2.unime.it\\\/comunicatistampa\\\/\",\"logo\":{\"@type\":\"ImageObject\",\"inLanguage\":\"it-IT\",\"@id\":\"https:\\\/\\\/portale2.unime.it\\\/comunicatistampa\\\/#\\\/schema\\\/logo\\\/image\\\/\",\"url\":\"https:\\\/\\\/portale2.unime.it\\\/comunicatistampa\\\/wp-content\\\/uploads\\\/sites\\\/51\\\/2024\\\/07\\\/COMUNICATI-STAMPA-2.png\",\"contentUrl\":\"https:\\\/\\\/portale2.unime.it\\\/comunicatistampa\\\/wp-content\\\/uploads\\\/sites\\\/51\\\/2024\\\/07\\\/COMUNICATI-STAMPA-2.png\",\"width\":1000,\"height\":346,\"caption\":\"Comunicati Stampa\"},\"image\":{\"@id\":\"https:\\\/\\\/portale2.unime.it\\\/comunicatistampa\\\/#\\\/schema\\\/logo\\\/image\\\/\"}},{\"@type\":\"Person\",\"@id\":\"https:\\\/\\\/portale2.unime.it\\\/comunicatistampa\\\/#\\\/schema\\\/person\\\/1583afcbf01b1f63c5a7cfd5bdb06b61\",\"name\":\"vruggeri\",\"image\":{\"@type\":\"ImageObject\",\"inLanguage\":\"it-IT\",\"@id\":\"https:\\\/\\\/secure.gravatar.com\\\/avatar\\\/679e62dd7b2e027c9c34cc1dff90cd97124f4a2a72fad6cf6a62f709cd57534f?s=96&d=mm&r=g\",\"url\":\"https:\\\/\\\/secure.gravatar.com\\\/avatar\\\/679e62dd7b2e027c9c34cc1dff90cd97124f4a2a72fad6cf6a62f709cd57534f?s=96&d=mm&r=g\",\"contentUrl\":\"https:\\\/\\\/secure.gravatar.com\\\/avatar\\\/679e62dd7b2e027c9c34cc1dff90cd97124f4a2a72fad6cf6a62f709cd57534f?s=96&d=mm&r=g\",\"caption\":\"vruggeri\"},\"url\":\"https:\\\/\\\/portale2.unime.it\\\/comunicatistampa\\\/author\\\/vruggeri\\\/\"}]}<\/script>\n<!-- \/ Yoast SEO plugin. -->","yoast_head_json":{"title":"Il sortilegio della \u201cmeritocrazia\u201d, Lectio magistralis di Nadia Urbinati - Comunicati Stampa","robots":{"index":"index","follow":"follow","max-snippet":"max-snippet:-1","max-image-preview":"max-image-preview:large","max-video-preview":"max-video-preview:-1"},"canonical":"https:\/\/comunicatistampa.unime.it\/il-sortilegio-della-meritocrazia-lectio-magistralis-di-nadia-urbinati\/","og_locale":"it_IT","og_type":"article","og_title":"Il sortilegio della \u201cmeritocrazia\u201d, Lectio magistralis di Nadia Urbinati - Comunicati Stampa","og_description":"Nadia Urbinati, visiting professor presso il DiCAM, sbugiarda l\u2019ideologia che nasconde le disuguaglianze. O, addirittura, le rende strutturali.\u00a0\u00abChe cos\u2019\u00e8 una societ\u00e0 democratica giusta? Propongo questa imperfetta definizione: \u201cUna societ\u00e0 giusta \u00e8 quella che consente a tutti i suoi membri di avere l\u2019accesso pi\u00f9 ampio possibile ai beni di base: l\u2019istruzione, la salute, il diritto di&hellip; Continua a leggere Il sortilegio della \u201cmeritocrazia\u201d, Lectio magistralis di Nadia Urbinati","og_url":"https:\/\/comunicatistampa.unime.it\/il-sortilegio-della-meritocrazia-lectio-magistralis-di-nadia-urbinati\/","og_site_name":"Comunicati Stampa","article_published_time":"2022-06-01T06:28:37+00:00","author":"vruggeri","twitter_card":"summary_large_image","twitter_misc":{"Scritto da":"vruggeri","Tempo di lettura stimato":"4 minuti"},"schema":{"@context":"https:\/\/schema.org","@graph":[{"@type":"Article","@id":"https:\/\/comunicatistampa.unime.it\/il-sortilegio-della-meritocrazia-lectio-magistralis-di-nadia-urbinati\/#article","isPartOf":{"@id":"https:\/\/comunicatistampa.unime.it\/il-sortilegio-della-meritocrazia-lectio-magistralis-di-nadia-urbinati\/"},"author":{"name":"vruggeri","@id":"https:\/\/portale2.unime.it\/comunicatistampa\/#\/schema\/person\/1583afcbf01b1f63c5a7cfd5bdb06b61"},"headline":"Il sortilegio della \u201cmeritocrazia\u201d, Lectio magistralis di Nadia Urbinati","datePublished":"2022-06-01T06:28:37+00:00","mainEntityOfPage":{"@id":"https:\/\/comunicatistampa.unime.it\/il-sortilegio-della-meritocrazia-lectio-magistralis-di-nadia-urbinati\/"},"wordCount":749,"publisher":{"@id":"https:\/\/portale2.unime.it\/comunicatistampa\/#organization"},"articleSection":["Comunicati Stampa Universit\u00e0 di Messina"],"inLanguage":"it-IT"},{"@type":"WebPage","@id":"https:\/\/comunicatistampa.unime.it\/il-sortilegio-della-meritocrazia-lectio-magistralis-di-nadia-urbinati\/","url":"https:\/\/comunicatistampa.unime.it\/il-sortilegio-della-meritocrazia-lectio-magistralis-di-nadia-urbinati\/","name":"Il sortilegio della \u201cmeritocrazia\u201d, Lectio magistralis di Nadia Urbinati - Comunicati Stampa","isPartOf":{"@id":"https:\/\/portale2.unime.it\/comunicatistampa\/#website"},"datePublished":"2022-06-01T06:28:37+00:00","breadcrumb":{"@id":"https:\/\/comunicatistampa.unime.it\/il-sortilegio-della-meritocrazia-lectio-magistralis-di-nadia-urbinati\/#breadcrumb"},"inLanguage":"it-IT","potentialAction":[{"@type":"ReadAction","target":["https:\/\/comunicatistampa.unime.it\/il-sortilegio-della-meritocrazia-lectio-magistralis-di-nadia-urbinati\/"]}]},{"@type":"BreadcrumbList","@id":"https:\/\/comunicatistampa.unime.it\/il-sortilegio-della-meritocrazia-lectio-magistralis-di-nadia-urbinati\/#breadcrumb","itemListElement":[{"@type":"ListItem","position":1,"name":"Home","item":"https:\/\/portale2.unime.it\/comunicatistampa\/"},{"@type":"ListItem","position":2,"name":"Il sortilegio della \u201cmeritocrazia\u201d, Lectio magistralis di Nadia Urbinati"}]},{"@type":"WebSite","@id":"https:\/\/portale2.unime.it\/comunicatistampa\/#website","url":"https:\/\/portale2.unime.it\/comunicatistampa\/","name":"Comunicati Stampa","description":"","publisher":{"@id":"https:\/\/portale2.unime.it\/comunicatistampa\/#organization"},"alternateName":"https:\/\/comunicatistampa.unime.it\/","potentialAction":[{"@type":"SearchAction","target":{"@type":"EntryPoint","urlTemplate":"https:\/\/portale2.unime.it\/comunicatistampa\/?s={search_term_string}"},"query-input":{"@type":"PropertyValueSpecification","valueRequired":true,"valueName":"search_term_string"}}],"inLanguage":"it-IT"},{"@type":"Organization","@id":"https:\/\/portale2.unime.it\/comunicatistampa\/#organization","name":"Comunicati Stampa","url":"https:\/\/portale2.unime.it\/comunicatistampa\/","logo":{"@type":"ImageObject","inLanguage":"it-IT","@id":"https:\/\/portale2.unime.it\/comunicatistampa\/#\/schema\/logo\/image\/","url":"https:\/\/portale2.unime.it\/comunicatistampa\/wp-content\/uploads\/sites\/51\/2024\/07\/COMUNICATI-STAMPA-2.png","contentUrl":"https:\/\/portale2.unime.it\/comunicatistampa\/wp-content\/uploads\/sites\/51\/2024\/07\/COMUNICATI-STAMPA-2.png","width":1000,"height":346,"caption":"Comunicati Stampa"},"image":{"@id":"https:\/\/portale2.unime.it\/comunicatistampa\/#\/schema\/logo\/image\/"}},{"@type":"Person","@id":"https:\/\/portale2.unime.it\/comunicatistampa\/#\/schema\/person\/1583afcbf01b1f63c5a7cfd5bdb06b61","name":"vruggeri","image":{"@type":"ImageObject","inLanguage":"it-IT","@id":"https:\/\/secure.gravatar.com\/avatar\/679e62dd7b2e027c9c34cc1dff90cd97124f4a2a72fad6cf6a62f709cd57534f?s=96&d=mm&r=g","url":"https:\/\/secure.gravatar.com\/avatar\/679e62dd7b2e027c9c34cc1dff90cd97124f4a2a72fad6cf6a62f709cd57534f?s=96&d=mm&r=g","contentUrl":"https:\/\/secure.gravatar.com\/avatar\/679e62dd7b2e027c9c34cc1dff90cd97124f4a2a72fad6cf6a62f709cd57534f?s=96&d=mm&r=g","caption":"vruggeri"},"url":"https:\/\/portale2.unime.it\/comunicatistampa\/author\/vruggeri\/"}]}},"acf":[],"_links":{"self":[{"href":"https:\/\/portale2.unime.it\/comunicatistampa\/wp-json\/wp\/v2\/posts\/15184","targetHints":{"allow":["GET"]}}],"collection":[{"href":"https:\/\/portale2.unime.it\/comunicatistampa\/wp-json\/wp\/v2\/posts"}],"about":[{"href":"https:\/\/portale2.unime.it\/comunicatistampa\/wp-json\/wp\/v2\/types\/post"}],"author":[{"embeddable":true,"href":"https:\/\/portale2.unime.it\/comunicatistampa\/wp-json\/wp\/v2\/users\/59"}],"replies":[{"embeddable":true,"href":"https:\/\/portale2.unime.it\/comunicatistampa\/wp-json\/wp\/v2\/comments?post=15184"}],"version-history":[{"count":0,"href":"https:\/\/portale2.unime.it\/comunicatistampa\/wp-json\/wp\/v2\/posts\/15184\/revisions"}],"wp:attachment":[{"href":"https:\/\/portale2.unime.it\/comunicatistampa\/wp-json\/wp\/v2\/media?parent=15184"}],"wp:term":[{"taxonomy":"category","embeddable":true,"href":"https:\/\/portale2.unime.it\/comunicatistampa\/wp-json\/wp\/v2\/categories?post=15184"},{"taxonomy":"post_tag","embeddable":true,"href":"https:\/\/portale2.unime.it\/comunicatistampa\/wp-json\/wp\/v2\/tags?post=15184"}],"curies":[{"name":"wp","href":"https:\/\/api.w.org\/{rel}","templated":true}]}}