{"id":15255,"date":"2022-07-16T10:39:55","date_gmt":"2022-07-16T09:39:55","guid":{"rendered":"https:\/\/portale.unime.it\/comunicatistampa\/?p=15255"},"modified":"2022-07-16T10:39:55","modified_gmt":"2022-07-16T09:39:55","slug":"proiettato-in-aula-magna-il-docufilm-federica-storia-di-una-guerriera-affetta-da-smard1","status":"publish","type":"post","link":"https:\/\/portale2.unime.it\/comunicatistampa\/proiettato-in-aula-magna-il-docufilm-federica-storia-di-una-guerriera-affetta-da-smard1\/","title":{"rendered":"Proiettato in Aula Magna il docufilm &#8220;Federica&#8221;, storia di una guerriera affetta da Smard1"},"content":{"rendered":"<p class=\"elementToProof\" style=\"text-align: justify\">L&#8217;Aula Magna del Rettorato ha ospitato, stamane, la proiezione del docufilm sulla Smard1 \u201cFederica\u201d (di Ambrogio Crespi e Sergio De Caprio alias Capitano Ultimo). Il docufilm tratta la storia di Federica Cal\u00e0, una ragazzina di 14 anni affetta da Smard1, atrofia muscolare spinale con distress respiratorio, rarissima malattia di cui soffrono, in Italia, solamente 8 bambini.<!--more--><\/p>\n<p class=\"elementToProof\" style=\"text-align: justify\">La proiezione \u00e8 stata preceduta dai saluti del Rettore, prof. Salvatore Cuzzocrea e da un videomessaggio del Vescovo di Patti, Mons. Guglielmo Giombanco. Il regista, Ambrogio Crespi,\u00a0 ha presentato la pellicola. Attraverso il docufilm, l&#8217;obiettivo \u00e8 quello di denunciare l\u2019inerzia delle Istituzioni che continuano a sottrarre ore di assistenza domiciliare alla ragazzina, costantemente, attaccata ad alcune apparecchiature che l&#8217;aiutano nella sua lotta per mangiare, respirare, tossire. La volont\u00e0 \u00e8, anche, quella dare una mano alla ricerca, poich\u00e9 chi soffre di queste malattie rare non pu\u00f2 essere abbandonato.<\/p>\n<p class=\"elementToProof\" style=\"text-align: justify\">Al dibattito successivo (a cui hanno preso parte anche i genitori della bambina, Laura e Davide ed il neuropsichiatra, dott. Corrado Liotta), moderato dal giornalista Giuseppe Spignola, hanno partecipato &#8211; in collegamento &#8211; Sergio De Caprio alias Capitano Ultimo ed il giornalista Luca Telese. Presente in Aula, anche,\u00a0 Maricetta Tirrito (&#8220;Laboratorio Una Donna&#8221; e testimone di giustizia).<\/p>\n<p class=\"elementToProof\" style=\"text-align: justify\">&#8220;Il nostro Ateneo &#8211; ha commentato il Rettore &#8211; \u00e8 felice di aver accolto la richiesta della famiglia di Federica. Un grande applauso lo rivolgo a loro, in particolare, alla mamma Laura a cui va tutto il mio affetto. La nostra Universit\u00e0 \u00e8 all&#8217;avanguardia nel campo della ricerca sulle malattie rare e tra queste vi \u00e8 anche quella di Federica. Le Istituzioni hanno il dovere di stare al fianco delle famiglie per farle sentire meno sole quando si trovano a dover affrontare battaglie e problemi. L&#8217;auspicio \u00e8 quello di riuscire a far partire un tavolo tecnico e di incontrarci di nuovo, magari tra 6 mesi, con rinnovata fiducia&#8221;.<\/p>\n<p class=\"elementToProof\" style=\"text-align: justify\">&#8220;Desideriamo ringraziare l&#8217;Universit\u00e0 di Messina &#8211; ha detto la madre Laura &#8211; per la sensibilit\u00e0 manifestata e per essersi dimostrata un&#8217;Istituzione che non resta sorda di fronte alle sfide ed ai problemi. Il docufilm vuole far conoscere la storia di Federica e la battaglia per i diritti innegabili che insieme a lei stiamo conducendo. Un grazie va anche al regista Ambrogio Crespi, a Sergio De Caprio e a tutti coloro i quali continuano a stare al nostro fianco ed a supportarci con amore ed impegno. Condividere la proiezione insieme, in questa sala, \u00e8 stato bellissimo e mi \u00e8 parso di vedere il docufilm per la prima volta. Sapere che questa malattia neurodegenerativa aveva colpito la nostra bambina \u00e8 stato per noi un colpo durissimo, inimmaginabile, ha rappresentato un Everest difficile da affrontare. Ma Federica \u00e8 una guerriera e ci infonde grande forza. Lo ha fatto anche oggi, mentre ci preparavamo per venire in Ateneo&#8221;.<\/p>\n<p class=\"elementToProof\" style=\"text-align: justify\">\u00c8 stata, infine, conferita una borsa (del valore di 2 mila euro) cofinanziata dall&#8217;Universit\u00e0 di Messina e dall&#8217;Associazione Family&#8217;s Smard La\u00a0Dolce Federica Onlus. A riceverla \u00e8 stato il dott. Massimo Russo, neurologo che ha in cura la 14enne di Capri Leone.\u00a0 All&#8217;iniziativa hanno collaborato diverse Associazioni operanti nel sociale; tra queste, anche, la Onlus &#8220;Tienici per mano&#8221; del Distretto di Messina che, con i volontari della clownterapia, inaugura il rapporto di collaborazione con la famiglia di Federica.<\/p>\n","protected":false},"excerpt":{"rendered":"<p>L&#8217;Aula Magna del Rettorato ha ospitato, stamane, la proiezione del docufilm sulla Smard1 \u201cFederica\u201d (di Ambrogio Crespi e Sergio De Caprio alias Capitano Ultimo). Il docufilm tratta la storia di Federica Cal\u00e0, una ragazzina di 14 anni affetta da Smard1, atrofia muscolare spinale con distress respiratorio, rarissima malattia di cui soffrono, in Italia, solamente 8&hellip; <a class=\"more-link\" href=\"https:\/\/portale2.unime.it\/comunicatistampa\/proiettato-in-aula-magna-il-docufilm-federica-storia-di-una-guerriera-affetta-da-smard1\/\">Continua a leggere <span class=\"screen-reader-text\">Proiettato in Aula Magna il docufilm &#8220;Federica&#8221;, storia di una guerriera affetta da Smard1<\/span><\/a><\/p>\n","protected":false},"author":60,"featured_media":0,"comment_status":"closed","ping_status":"open","sticky":false,"template":"","format":"standard","meta":{"_acf_changed":false,"footnotes":""},"categories":[3],"tags":[],"class_list":["post-15255","post","type-post","status-publish","format-standard","hentry","category-comunicati","entry"],"yoast_head":"<!-- This site is optimized with the Yoast SEO plugin v27.4 - https:\/\/yoast.com\/product\/yoast-seo-wordpress\/ -->\n<title>Proiettato in Aula Magna il docufilm &quot;Federica&quot;, storia di una guerriera affetta da Smard1 - Comunicati Stampa<\/title>\n<meta name=\"robots\" content=\"index, follow, max-snippet:-1, max-image-preview:large, max-video-preview:-1\" \/>\n<link rel=\"canonical\" href=\"https:\/\/comunicatistampa.unime.it\/proiettato-in-aula-magna-il-docufilm-federica-storia-di-una-guerriera-affetta-da-smard1\/\" \/>\n<meta property=\"og:locale\" content=\"it_IT\" \/>\n<meta property=\"og:type\" content=\"article\" \/>\n<meta property=\"og:title\" content=\"Proiettato in Aula Magna il docufilm &quot;Federica&quot;, storia di una guerriera affetta da Smard1 - Comunicati Stampa\" \/>\n<meta property=\"og:description\" content=\"L&#8217;Aula Magna del Rettorato ha ospitato, stamane, la proiezione del docufilm sulla Smard1 \u201cFederica\u201d (di Ambrogio Crespi e Sergio De Caprio alias Capitano Ultimo). Il docufilm tratta la storia di Federica Cal\u00e0, una ragazzina di 14 anni affetta da Smard1, atrofia muscolare spinale con distress respiratorio, rarissima malattia di cui soffrono, in Italia, solamente 8&hellip; Continua a leggere Proiettato in Aula Magna il docufilm &#8220;Federica&#8221;, storia di una guerriera affetta da Smard1\" \/>\n<meta property=\"og:url\" content=\"https:\/\/comunicatistampa.unime.it\/proiettato-in-aula-magna-il-docufilm-federica-storia-di-una-guerriera-affetta-da-smard1\/\" \/>\n<meta property=\"og:site_name\" content=\"Comunicati Stampa\" \/>\n<meta property=\"article:published_time\" content=\"2022-07-16T09:39:55+00:00\" \/>\n<meta name=\"author\" content=\"astramandino\" \/>\n<meta name=\"twitter:card\" content=\"summary_large_image\" \/>\n<meta name=\"twitter:label1\" content=\"Scritto da\" \/>\n\t<meta name=\"twitter:data1\" content=\"astramandino\" \/>\n\t<meta name=\"twitter:label2\" content=\"Tempo di lettura stimato\" \/>\n\t<meta name=\"twitter:data2\" content=\"3 minuti\" \/>\n<script type=\"application\/ld+json\" class=\"yoast-schema-graph\">{\"@context\":\"https:\\\/\\\/schema.org\",\"@graph\":[{\"@type\":\"Article\",\"@id\":\"https:\\\/\\\/comunicatistampa.unime.it\\\/proiettato-in-aula-magna-il-docufilm-federica-storia-di-una-guerriera-affetta-da-smard1\\\/#article\",\"isPartOf\":{\"@id\":\"https:\\\/\\\/comunicatistampa.unime.it\\\/proiettato-in-aula-magna-il-docufilm-federica-storia-di-una-guerriera-affetta-da-smard1\\\/\"},\"author\":{\"name\":\"astramandino\",\"@id\":\"https:\\\/\\\/portale2.unime.it\\\/comunicatistampa\\\/#\\\/schema\\\/person\\\/ece3ce92132d3b80b89603a7e93eda7f\"},\"headline\":\"Proiettato in Aula Magna il docufilm &#8220;Federica&#8221;, storia di una guerriera affetta da Smard1\",\"datePublished\":\"2022-07-16T09:39:55+00:00\",\"mainEntityOfPage\":{\"@id\":\"https:\\\/\\\/comunicatistampa.unime.it\\\/proiettato-in-aula-magna-il-docufilm-federica-storia-di-una-guerriera-affetta-da-smard1\\\/\"},\"wordCount\":549,\"publisher\":{\"@id\":\"https:\\\/\\\/portale2.unime.it\\\/comunicatistampa\\\/#organization\"},\"articleSection\":[\"Comunicati Stampa Universit\u00e0 di Messina\"],\"inLanguage\":\"it-IT\"},{\"@type\":\"WebPage\",\"@id\":\"https:\\\/\\\/comunicatistampa.unime.it\\\/proiettato-in-aula-magna-il-docufilm-federica-storia-di-una-guerriera-affetta-da-smard1\\\/\",\"url\":\"https:\\\/\\\/comunicatistampa.unime.it\\\/proiettato-in-aula-magna-il-docufilm-federica-storia-di-una-guerriera-affetta-da-smard1\\\/\",\"name\":\"Proiettato in Aula Magna il docufilm \\\"Federica\\\", storia di una guerriera affetta da Smard1 - Comunicati Stampa\",\"isPartOf\":{\"@id\":\"https:\\\/\\\/portale2.unime.it\\\/comunicatistampa\\\/#website\"},\"datePublished\":\"2022-07-16T09:39:55+00:00\",\"breadcrumb\":{\"@id\":\"https:\\\/\\\/comunicatistampa.unime.it\\\/proiettato-in-aula-magna-il-docufilm-federica-storia-di-una-guerriera-affetta-da-smard1\\\/#breadcrumb\"},\"inLanguage\":\"it-IT\",\"potentialAction\":[{\"@type\":\"ReadAction\",\"target\":[\"https:\\\/\\\/comunicatistampa.unime.it\\\/proiettato-in-aula-magna-il-docufilm-federica-storia-di-una-guerriera-affetta-da-smard1\\\/\"]}]},{\"@type\":\"BreadcrumbList\",\"@id\":\"https:\\\/\\\/comunicatistampa.unime.it\\\/proiettato-in-aula-magna-il-docufilm-federica-storia-di-una-guerriera-affetta-da-smard1\\\/#breadcrumb\",\"itemListElement\":[{\"@type\":\"ListItem\",\"position\":1,\"name\":\"Home\",\"item\":\"https:\\\/\\\/portale2.unime.it\\\/comunicatistampa\\\/\"},{\"@type\":\"ListItem\",\"position\":2,\"name\":\"Proiettato in Aula Magna il docufilm &#8220;Federica&#8221;, storia di una guerriera affetta da Smard1\"}]},{\"@type\":\"WebSite\",\"@id\":\"https:\\\/\\\/portale2.unime.it\\\/comunicatistampa\\\/#website\",\"url\":\"https:\\\/\\\/portale2.unime.it\\\/comunicatistampa\\\/\",\"name\":\"Comunicati Stampa\",\"description\":\"\",\"publisher\":{\"@id\":\"https:\\\/\\\/portale2.unime.it\\\/comunicatistampa\\\/#organization\"},\"alternateName\":\"https:\\\/\\\/comunicatistampa.unime.it\\\/\",\"potentialAction\":[{\"@type\":\"SearchAction\",\"target\":{\"@type\":\"EntryPoint\",\"urlTemplate\":\"https:\\\/\\\/portale2.unime.it\\\/comunicatistampa\\\/?s={search_term_string}\"},\"query-input\":{\"@type\":\"PropertyValueSpecification\",\"valueRequired\":true,\"valueName\":\"search_term_string\"}}],\"inLanguage\":\"it-IT\"},{\"@type\":\"Organization\",\"@id\":\"https:\\\/\\\/portale2.unime.it\\\/comunicatistampa\\\/#organization\",\"name\":\"Comunicati Stampa\",\"url\":\"https:\\\/\\\/portale2.unime.it\\\/comunicatistampa\\\/\",\"logo\":{\"@type\":\"ImageObject\",\"inLanguage\":\"it-IT\",\"@id\":\"https:\\\/\\\/portale2.unime.it\\\/comunicatistampa\\\/#\\\/schema\\\/logo\\\/image\\\/\",\"url\":\"https:\\\/\\\/portale2.unime.it\\\/comunicatistampa\\\/wp-content\\\/uploads\\\/sites\\\/51\\\/2024\\\/07\\\/COMUNICATI-STAMPA-2.png\",\"contentUrl\":\"https:\\\/\\\/portale2.unime.it\\\/comunicatistampa\\\/wp-content\\\/uploads\\\/sites\\\/51\\\/2024\\\/07\\\/COMUNICATI-STAMPA-2.png\",\"width\":1000,\"height\":346,\"caption\":\"Comunicati Stampa\"},\"image\":{\"@id\":\"https:\\\/\\\/portale2.unime.it\\\/comunicatistampa\\\/#\\\/schema\\\/logo\\\/image\\\/\"}},{\"@type\":\"Person\",\"@id\":\"https:\\\/\\\/portale2.unime.it\\\/comunicatistampa\\\/#\\\/schema\\\/person\\\/ece3ce92132d3b80b89603a7e93eda7f\",\"name\":\"astramandino\",\"image\":{\"@type\":\"ImageObject\",\"inLanguage\":\"it-IT\",\"@id\":\"https:\\\/\\\/secure.gravatar.com\\\/avatar\\\/350a04f01afddd3a9f6e057c2d618be834d7ca1192086cfd02adaba43a0e0575?s=96&d=mm&r=g\",\"url\":\"https:\\\/\\\/secure.gravatar.com\\\/avatar\\\/350a04f01afddd3a9f6e057c2d618be834d7ca1192086cfd02adaba43a0e0575?s=96&d=mm&r=g\",\"contentUrl\":\"https:\\\/\\\/secure.gravatar.com\\\/avatar\\\/350a04f01afddd3a9f6e057c2d618be834d7ca1192086cfd02adaba43a0e0575?s=96&d=mm&r=g\",\"caption\":\"astramandino\"},\"url\":\"https:\\\/\\\/portale2.unime.it\\\/comunicatistampa\\\/author\\\/astramandino\\\/\"}]}<\/script>\n<!-- \/ Yoast SEO plugin. -->","yoast_head_json":{"title":"Proiettato in Aula Magna il docufilm \"Federica\", storia di una guerriera affetta da Smard1 - Comunicati Stampa","robots":{"index":"index","follow":"follow","max-snippet":"max-snippet:-1","max-image-preview":"max-image-preview:large","max-video-preview":"max-video-preview:-1"},"canonical":"https:\/\/comunicatistampa.unime.it\/proiettato-in-aula-magna-il-docufilm-federica-storia-di-una-guerriera-affetta-da-smard1\/","og_locale":"it_IT","og_type":"article","og_title":"Proiettato in Aula Magna il docufilm \"Federica\", storia di una guerriera affetta da Smard1 - Comunicati Stampa","og_description":"L&#8217;Aula Magna del Rettorato ha ospitato, stamane, la proiezione del docufilm sulla Smard1 \u201cFederica\u201d (di Ambrogio Crespi e Sergio De Caprio alias Capitano Ultimo). Il docufilm tratta la storia di Federica Cal\u00e0, una ragazzina di 14 anni affetta da Smard1, atrofia muscolare spinale con distress respiratorio, rarissima malattia di cui soffrono, in Italia, solamente 8&hellip; Continua a leggere Proiettato in Aula Magna il docufilm &#8220;Federica&#8221;, storia di una guerriera affetta da Smard1","og_url":"https:\/\/comunicatistampa.unime.it\/proiettato-in-aula-magna-il-docufilm-federica-storia-di-una-guerriera-affetta-da-smard1\/","og_site_name":"Comunicati Stampa","article_published_time":"2022-07-16T09:39:55+00:00","author":"astramandino","twitter_card":"summary_large_image","twitter_misc":{"Scritto da":"astramandino","Tempo di lettura stimato":"3 minuti"},"schema":{"@context":"https:\/\/schema.org","@graph":[{"@type":"Article","@id":"https:\/\/comunicatistampa.unime.it\/proiettato-in-aula-magna-il-docufilm-federica-storia-di-una-guerriera-affetta-da-smard1\/#article","isPartOf":{"@id":"https:\/\/comunicatistampa.unime.it\/proiettato-in-aula-magna-il-docufilm-federica-storia-di-una-guerriera-affetta-da-smard1\/"},"author":{"name":"astramandino","@id":"https:\/\/portale2.unime.it\/comunicatistampa\/#\/schema\/person\/ece3ce92132d3b80b89603a7e93eda7f"},"headline":"Proiettato in Aula Magna il docufilm &#8220;Federica&#8221;, storia di una guerriera affetta da Smard1","datePublished":"2022-07-16T09:39:55+00:00","mainEntityOfPage":{"@id":"https:\/\/comunicatistampa.unime.it\/proiettato-in-aula-magna-il-docufilm-federica-storia-di-una-guerriera-affetta-da-smard1\/"},"wordCount":549,"publisher":{"@id":"https:\/\/portale2.unime.it\/comunicatistampa\/#organization"},"articleSection":["Comunicati Stampa Universit\u00e0 di Messina"],"inLanguage":"it-IT"},{"@type":"WebPage","@id":"https:\/\/comunicatistampa.unime.it\/proiettato-in-aula-magna-il-docufilm-federica-storia-di-una-guerriera-affetta-da-smard1\/","url":"https:\/\/comunicatistampa.unime.it\/proiettato-in-aula-magna-il-docufilm-federica-storia-di-una-guerriera-affetta-da-smard1\/","name":"Proiettato in Aula Magna il docufilm \"Federica\", storia di una guerriera affetta da Smard1 - Comunicati Stampa","isPartOf":{"@id":"https:\/\/portale2.unime.it\/comunicatistampa\/#website"},"datePublished":"2022-07-16T09:39:55+00:00","breadcrumb":{"@id":"https:\/\/comunicatistampa.unime.it\/proiettato-in-aula-magna-il-docufilm-federica-storia-di-una-guerriera-affetta-da-smard1\/#breadcrumb"},"inLanguage":"it-IT","potentialAction":[{"@type":"ReadAction","target":["https:\/\/comunicatistampa.unime.it\/proiettato-in-aula-magna-il-docufilm-federica-storia-di-una-guerriera-affetta-da-smard1\/"]}]},{"@type":"BreadcrumbList","@id":"https:\/\/comunicatistampa.unime.it\/proiettato-in-aula-magna-il-docufilm-federica-storia-di-una-guerriera-affetta-da-smard1\/#breadcrumb","itemListElement":[{"@type":"ListItem","position":1,"name":"Home","item":"https:\/\/portale2.unime.it\/comunicatistampa\/"},{"@type":"ListItem","position":2,"name":"Proiettato in Aula Magna il docufilm &#8220;Federica&#8221;, storia di una guerriera affetta da Smard1"}]},{"@type":"WebSite","@id":"https:\/\/portale2.unime.it\/comunicatistampa\/#website","url":"https:\/\/portale2.unime.it\/comunicatistampa\/","name":"Comunicati Stampa","description":"","publisher":{"@id":"https:\/\/portale2.unime.it\/comunicatistampa\/#organization"},"alternateName":"https:\/\/comunicatistampa.unime.it\/","potentialAction":[{"@type":"SearchAction","target":{"@type":"EntryPoint","urlTemplate":"https:\/\/portale2.unime.it\/comunicatistampa\/?s={search_term_string}"},"query-input":{"@type":"PropertyValueSpecification","valueRequired":true,"valueName":"search_term_string"}}],"inLanguage":"it-IT"},{"@type":"Organization","@id":"https:\/\/portale2.unime.it\/comunicatistampa\/#organization","name":"Comunicati Stampa","url":"https:\/\/portale2.unime.it\/comunicatistampa\/","logo":{"@type":"ImageObject","inLanguage":"it-IT","@id":"https:\/\/portale2.unime.it\/comunicatistampa\/#\/schema\/logo\/image\/","url":"https:\/\/portale2.unime.it\/comunicatistampa\/wp-content\/uploads\/sites\/51\/2024\/07\/COMUNICATI-STAMPA-2.png","contentUrl":"https:\/\/portale2.unime.it\/comunicatistampa\/wp-content\/uploads\/sites\/51\/2024\/07\/COMUNICATI-STAMPA-2.png","width":1000,"height":346,"caption":"Comunicati Stampa"},"image":{"@id":"https:\/\/portale2.unime.it\/comunicatistampa\/#\/schema\/logo\/image\/"}},{"@type":"Person","@id":"https:\/\/portale2.unime.it\/comunicatistampa\/#\/schema\/person\/ece3ce92132d3b80b89603a7e93eda7f","name":"astramandino","image":{"@type":"ImageObject","inLanguage":"it-IT","@id":"https:\/\/secure.gravatar.com\/avatar\/350a04f01afddd3a9f6e057c2d618be834d7ca1192086cfd02adaba43a0e0575?s=96&d=mm&r=g","url":"https:\/\/secure.gravatar.com\/avatar\/350a04f01afddd3a9f6e057c2d618be834d7ca1192086cfd02adaba43a0e0575?s=96&d=mm&r=g","contentUrl":"https:\/\/secure.gravatar.com\/avatar\/350a04f01afddd3a9f6e057c2d618be834d7ca1192086cfd02adaba43a0e0575?s=96&d=mm&r=g","caption":"astramandino"},"url":"https:\/\/portale2.unime.it\/comunicatistampa\/author\/astramandino\/"}]}},"acf":[],"_links":{"self":[{"href":"https:\/\/portale2.unime.it\/comunicatistampa\/wp-json\/wp\/v2\/posts\/15255","targetHints":{"allow":["GET"]}}],"collection":[{"href":"https:\/\/portale2.unime.it\/comunicatistampa\/wp-json\/wp\/v2\/posts"}],"about":[{"href":"https:\/\/portale2.unime.it\/comunicatistampa\/wp-json\/wp\/v2\/types\/post"}],"author":[{"embeddable":true,"href":"https:\/\/portale2.unime.it\/comunicatistampa\/wp-json\/wp\/v2\/users\/60"}],"replies":[{"embeddable":true,"href":"https:\/\/portale2.unime.it\/comunicatistampa\/wp-json\/wp\/v2\/comments?post=15255"}],"version-history":[{"count":0,"href":"https:\/\/portale2.unime.it\/comunicatistampa\/wp-json\/wp\/v2\/posts\/15255\/revisions"}],"wp:attachment":[{"href":"https:\/\/portale2.unime.it\/comunicatistampa\/wp-json\/wp\/v2\/media?parent=15255"}],"wp:term":[{"taxonomy":"category","embeddable":true,"href":"https:\/\/portale2.unime.it\/comunicatistampa\/wp-json\/wp\/v2\/categories?post=15255"},{"taxonomy":"post_tag","embeddable":true,"href":"https:\/\/portale2.unime.it\/comunicatistampa\/wp-json\/wp\/v2\/tags?post=15255"}],"curies":[{"name":"wp","href":"https:\/\/api.w.org\/{rel}","templated":true}]}}