{"id":16094,"date":"2024-01-22T11:18:21","date_gmt":"2024-01-22T10:18:21","guid":{"rendered":"https:\/\/portale.unime.it\/comunicatistampa\/?p=16094"},"modified":"2024-01-22T11:18:21","modified_gmt":"2024-01-22T10:18:21","slug":"venerdi-26-gennaio-lincontro-guarire-la-memoria-viktor-e-frankl-uno-psicologo-nei-lager","status":"publish","type":"post","link":"https:\/\/portale2.unime.it\/comunicatistampa\/venerdi-26-gennaio-lincontro-guarire-la-memoria-viktor-e-frankl-uno-psicologo-nei-lager\/","title":{"rendered":"Venerd\u00ec 26 gennaio l&#8217;incontro &#8220;Guarire la memoria: Viktor E. Frankl, uno psicologo nei lager&#8221;"},"content":{"rendered":"<p class=\"x_elementToProof\" style=\"text-align: justify\">Il 26 gennaio, a partire dalle ore 12, l&#8217;Aula Magna del Rettorato ospiter\u00e0 un incontro intitolato &#8220;Guarire la memoria: Viktor E. Frankl, uno psicologo nei lager&#8221;.<\/p>\n<p class=\"x_elementToProof\" style=\"text-align: justify\">I lavori saranno aperti dai saluti istituzionali della Rettrice, prof.ssa Giovanna Spatari e della Dirigente scolastica del Liceo &#8216;G. La Farina&#8217;, prof.ssa Caterina Celesti. Introdotti e coordinati dalla prof.ssa Giovanna Costanzo, associata di Filosofia morale, interverranno i proff. Giuseppe Bottaro (ordinario di Storia delle Dottrine politiche e Antonella Filloramo (docente di Filosofia del &#8216;La Farina&#8217;) e la dott.ssa Roberta Cardia (Psicoanalista).<!--more--><\/p>\n<p class=\"x_elementToProof\" style=\"text-align: justify\">Viktor Emil Frankl \u00e8 stato uno psichiatra, neurologo e filosofo austriaco direttamente colpito dall&#8217;orrore nazista. Fu, infatti,\u00a0deportato nel settembre del 1942 a Theresienstadt, in Boemia, per poi essere trasferito al campo di concentramento di Auschwitz, a Kaufering III ed a T\u00fcrkheim. Rientrato a Vienna dett\u00f2 in soli nove giorni le sue memorie; ci\u00f2 che scatur\u00ec fu proprio il libro &#8220;Uno psicologo nei lager&#8221;\u00a0(Ein Psychologe erlebt das Konzentrationslager). Tradotto in quarantadue lingue &#8211; ha venduto pi\u00f9 di dieci milioni di copie &#8211; il volume rappresenta un\u00a0documento umano di straordinario valore che va oltre la semplice testimonianza; avendo vissuto personalmente l&#8217;abominio dei lager, l&#8217;autore insegna che se vivere \u00e8 sofferenza, sopravvivere \u00e8 trovare il senso di questa sofferenza.\u00a0 &#8216;La vita vale la pena di essere vissuta, in qualunque situazione e l&#8217;uomo ha le capacit\u00e0 per mutare una tragedia personale in un trionfo&#8217;. Questo assunto \u00e8 il lascito di Frankl all&#8217;umanit\u00e0 ed \u00e8 il frutto di una intensa esperienza che lo catapult\u00f2 alla scoperta della logoterapia, di cui \u00e8 ritenuto padre e fondatore.<\/p>\n","protected":false},"excerpt":{"rendered":"<p>Il 26 gennaio, a partire dalle ore 12, l&#8217;Aula Magna del Rettorato ospiter\u00e0 un incontro intitolato &#8220;Guarire la memoria: Viktor E. Frankl, uno psicologo nei lager&#8221;. I lavori saranno aperti dai saluti istituzionali della Rettrice, prof.ssa Giovanna Spatari e della Dirigente scolastica del Liceo &#8216;G. La Farina&#8217;, prof.ssa Caterina Celesti. Introdotti e coordinati dalla prof.ssa&hellip; <a class=\"more-link\" href=\"https:\/\/portale2.unime.it\/comunicatistampa\/venerdi-26-gennaio-lincontro-guarire-la-memoria-viktor-e-frankl-uno-psicologo-nei-lager\/\">Continua a leggere <span class=\"screen-reader-text\">Venerd\u00ec 26 gennaio l&#8217;incontro &#8220;Guarire la memoria: Viktor E. Frankl, uno psicologo nei lager&#8221;<\/span><\/a><\/p>\n","protected":false},"author":60,"featured_media":0,"comment_status":"closed","ping_status":"open","sticky":false,"template":"","format":"standard","meta":{"_acf_changed":false,"footnotes":""},"categories":[3],"tags":[],"class_list":["post-16094","post","type-post","status-publish","format-standard","hentry","category-comunicati","entry"],"yoast_head":"<!-- This site is optimized with the Yoast SEO plugin v27.4 - https:\/\/yoast.com\/product\/yoast-seo-wordpress\/ -->\n<title>Venerd\u00ec 26 gennaio l&#039;incontro &quot;Guarire la memoria: Viktor E. Frankl, uno psicologo nei lager&quot; - Comunicati Stampa<\/title>\n<meta name=\"robots\" content=\"index, follow, max-snippet:-1, max-image-preview:large, max-video-preview:-1\" \/>\n<link rel=\"canonical\" href=\"https:\/\/comunicatistampa.unime.it\/venerdi-26-gennaio-lincontro-guarire-la-memoria-viktor-e-frankl-uno-psicologo-nei-lager\/\" \/>\n<meta property=\"og:locale\" content=\"it_IT\" \/>\n<meta property=\"og:type\" content=\"article\" \/>\n<meta property=\"og:title\" content=\"Venerd\u00ec 26 gennaio l&#039;incontro &quot;Guarire la memoria: Viktor E. Frankl, uno psicologo nei lager&quot; - Comunicati Stampa\" \/>\n<meta property=\"og:description\" content=\"Il 26 gennaio, a partire dalle ore 12, l&#8217;Aula Magna del Rettorato ospiter\u00e0 un incontro intitolato &#8220;Guarire la memoria: Viktor E. Frankl, uno psicologo nei lager&#8221;. I lavori saranno aperti dai saluti istituzionali della Rettrice, prof.ssa Giovanna Spatari e della Dirigente scolastica del Liceo &#8216;G. La Farina&#8217;, prof.ssa Caterina Celesti. Introdotti e coordinati dalla prof.ssa&hellip; Continua a leggere Venerd\u00ec 26 gennaio l&#8217;incontro &#8220;Guarire la memoria: Viktor E. Frankl, uno psicologo nei lager&#8221;\" \/>\n<meta property=\"og:url\" content=\"https:\/\/comunicatistampa.unime.it\/venerdi-26-gennaio-lincontro-guarire-la-memoria-viktor-e-frankl-uno-psicologo-nei-lager\/\" \/>\n<meta property=\"og:site_name\" content=\"Comunicati Stampa\" \/>\n<meta property=\"article:published_time\" content=\"2024-01-22T10:18:21+00:00\" \/>\n<meta name=\"author\" content=\"astramandino\" \/>\n<meta name=\"twitter:card\" content=\"summary_large_image\" \/>\n<meta name=\"twitter:label1\" content=\"Scritto da\" \/>\n\t<meta name=\"twitter:data1\" content=\"astramandino\" \/>\n\t<meta name=\"twitter:label2\" content=\"Tempo di lettura stimato\" \/>\n\t<meta name=\"twitter:data2\" content=\"1 minuto\" \/>\n<script type=\"application\/ld+json\" class=\"yoast-schema-graph\">{\"@context\":\"https:\\\/\\\/schema.org\",\"@graph\":[{\"@type\":\"Article\",\"@id\":\"https:\\\/\\\/comunicatistampa.unime.it\\\/venerdi-26-gennaio-lincontro-guarire-la-memoria-viktor-e-frankl-uno-psicologo-nei-lager\\\/#article\",\"isPartOf\":{\"@id\":\"https:\\\/\\\/comunicatistampa.unime.it\\\/venerdi-26-gennaio-lincontro-guarire-la-memoria-viktor-e-frankl-uno-psicologo-nei-lager\\\/\"},\"author\":{\"name\":\"astramandino\",\"@id\":\"https:\\\/\\\/portale2.unime.it\\\/comunicatistampa\\\/#\\\/schema\\\/person\\\/ece3ce92132d3b80b89603a7e93eda7f\"},\"headline\":\"Venerd\u00ec 26 gennaio l&#8217;incontro &#8220;Guarire la memoria: Viktor E. Frankl, uno psicologo nei lager&#8221;\",\"datePublished\":\"2024-01-22T10:18:21+00:00\",\"mainEntityOfPage\":{\"@id\":\"https:\\\/\\\/comunicatistampa.unime.it\\\/venerdi-26-gennaio-lincontro-guarire-la-memoria-viktor-e-frankl-uno-psicologo-nei-lager\\\/\"},\"wordCount\":276,\"publisher\":{\"@id\":\"https:\\\/\\\/portale2.unime.it\\\/comunicatistampa\\\/#organization\"},\"articleSection\":[\"Comunicati Stampa Universit\u00e0 di Messina\"],\"inLanguage\":\"it-IT\"},{\"@type\":\"WebPage\",\"@id\":\"https:\\\/\\\/comunicatistampa.unime.it\\\/venerdi-26-gennaio-lincontro-guarire-la-memoria-viktor-e-frankl-uno-psicologo-nei-lager\\\/\",\"url\":\"https:\\\/\\\/comunicatistampa.unime.it\\\/venerdi-26-gennaio-lincontro-guarire-la-memoria-viktor-e-frankl-uno-psicologo-nei-lager\\\/\",\"name\":\"Venerd\u00ec 26 gennaio l'incontro \\\"Guarire la memoria: Viktor E. Frankl, uno psicologo nei lager\\\" - Comunicati Stampa\",\"isPartOf\":{\"@id\":\"https:\\\/\\\/portale2.unime.it\\\/comunicatistampa\\\/#website\"},\"datePublished\":\"2024-01-22T10:18:21+00:00\",\"breadcrumb\":{\"@id\":\"https:\\\/\\\/comunicatistampa.unime.it\\\/venerdi-26-gennaio-lincontro-guarire-la-memoria-viktor-e-frankl-uno-psicologo-nei-lager\\\/#breadcrumb\"},\"inLanguage\":\"it-IT\",\"potentialAction\":[{\"@type\":\"ReadAction\",\"target\":[\"https:\\\/\\\/comunicatistampa.unime.it\\\/venerdi-26-gennaio-lincontro-guarire-la-memoria-viktor-e-frankl-uno-psicologo-nei-lager\\\/\"]}]},{\"@type\":\"BreadcrumbList\",\"@id\":\"https:\\\/\\\/comunicatistampa.unime.it\\\/venerdi-26-gennaio-lincontro-guarire-la-memoria-viktor-e-frankl-uno-psicologo-nei-lager\\\/#breadcrumb\",\"itemListElement\":[{\"@type\":\"ListItem\",\"position\":1,\"name\":\"Home\",\"item\":\"https:\\\/\\\/portale2.unime.it\\\/comunicatistampa\\\/\"},{\"@type\":\"ListItem\",\"position\":2,\"name\":\"Venerd\u00ec 26 gennaio l&#8217;incontro &#8220;Guarire la memoria: Viktor E. Frankl, uno psicologo nei lager&#8221;\"}]},{\"@type\":\"WebSite\",\"@id\":\"https:\\\/\\\/portale2.unime.it\\\/comunicatistampa\\\/#website\",\"url\":\"https:\\\/\\\/portale2.unime.it\\\/comunicatistampa\\\/\",\"name\":\"Comunicati Stampa\",\"description\":\"\",\"publisher\":{\"@id\":\"https:\\\/\\\/portale2.unime.it\\\/comunicatistampa\\\/#organization\"},\"alternateName\":\"https:\\\/\\\/comunicatistampa.unime.it\\\/\",\"potentialAction\":[{\"@type\":\"SearchAction\",\"target\":{\"@type\":\"EntryPoint\",\"urlTemplate\":\"https:\\\/\\\/portale2.unime.it\\\/comunicatistampa\\\/?s={search_term_string}\"},\"query-input\":{\"@type\":\"PropertyValueSpecification\",\"valueRequired\":true,\"valueName\":\"search_term_string\"}}],\"inLanguage\":\"it-IT\"},{\"@type\":\"Organization\",\"@id\":\"https:\\\/\\\/portale2.unime.it\\\/comunicatistampa\\\/#organization\",\"name\":\"Comunicati Stampa\",\"url\":\"https:\\\/\\\/portale2.unime.it\\\/comunicatistampa\\\/\",\"logo\":{\"@type\":\"ImageObject\",\"inLanguage\":\"it-IT\",\"@id\":\"https:\\\/\\\/portale2.unime.it\\\/comunicatistampa\\\/#\\\/schema\\\/logo\\\/image\\\/\",\"url\":\"https:\\\/\\\/portale2.unime.it\\\/comunicatistampa\\\/wp-content\\\/uploads\\\/sites\\\/51\\\/2024\\\/07\\\/COMUNICATI-STAMPA-2.png\",\"contentUrl\":\"https:\\\/\\\/portale2.unime.it\\\/comunicatistampa\\\/wp-content\\\/uploads\\\/sites\\\/51\\\/2024\\\/07\\\/COMUNICATI-STAMPA-2.png\",\"width\":1000,\"height\":346,\"caption\":\"Comunicati Stampa\"},\"image\":{\"@id\":\"https:\\\/\\\/portale2.unime.it\\\/comunicatistampa\\\/#\\\/schema\\\/logo\\\/image\\\/\"}},{\"@type\":\"Person\",\"@id\":\"https:\\\/\\\/portale2.unime.it\\\/comunicatistampa\\\/#\\\/schema\\\/person\\\/ece3ce92132d3b80b89603a7e93eda7f\",\"name\":\"astramandino\",\"image\":{\"@type\":\"ImageObject\",\"inLanguage\":\"it-IT\",\"@id\":\"https:\\\/\\\/secure.gravatar.com\\\/avatar\\\/350a04f01afddd3a9f6e057c2d618be834d7ca1192086cfd02adaba43a0e0575?s=96&d=mm&r=g\",\"url\":\"https:\\\/\\\/secure.gravatar.com\\\/avatar\\\/350a04f01afddd3a9f6e057c2d618be834d7ca1192086cfd02adaba43a0e0575?s=96&d=mm&r=g\",\"contentUrl\":\"https:\\\/\\\/secure.gravatar.com\\\/avatar\\\/350a04f01afddd3a9f6e057c2d618be834d7ca1192086cfd02adaba43a0e0575?s=96&d=mm&r=g\",\"caption\":\"astramandino\"},\"url\":\"https:\\\/\\\/portale2.unime.it\\\/comunicatistampa\\\/author\\\/astramandino\\\/\"}]}<\/script>\n<!-- \/ Yoast SEO plugin. -->","yoast_head_json":{"title":"Venerd\u00ec 26 gennaio l'incontro \"Guarire la memoria: Viktor E. Frankl, uno psicologo nei lager\" - Comunicati Stampa","robots":{"index":"index","follow":"follow","max-snippet":"max-snippet:-1","max-image-preview":"max-image-preview:large","max-video-preview":"max-video-preview:-1"},"canonical":"https:\/\/comunicatistampa.unime.it\/venerdi-26-gennaio-lincontro-guarire-la-memoria-viktor-e-frankl-uno-psicologo-nei-lager\/","og_locale":"it_IT","og_type":"article","og_title":"Venerd\u00ec 26 gennaio l'incontro \"Guarire la memoria: Viktor E. Frankl, uno psicologo nei lager\" - Comunicati Stampa","og_description":"Il 26 gennaio, a partire dalle ore 12, l&#8217;Aula Magna del Rettorato ospiter\u00e0 un incontro intitolato &#8220;Guarire la memoria: Viktor E. Frankl, uno psicologo nei lager&#8221;. I lavori saranno aperti dai saluti istituzionali della Rettrice, prof.ssa Giovanna Spatari e della Dirigente scolastica del Liceo &#8216;G. La Farina&#8217;, prof.ssa Caterina Celesti. Introdotti e coordinati dalla prof.ssa&hellip; Continua a leggere Venerd\u00ec 26 gennaio l&#8217;incontro &#8220;Guarire la memoria: Viktor E. Frankl, uno psicologo nei lager&#8221;","og_url":"https:\/\/comunicatistampa.unime.it\/venerdi-26-gennaio-lincontro-guarire-la-memoria-viktor-e-frankl-uno-psicologo-nei-lager\/","og_site_name":"Comunicati Stampa","article_published_time":"2024-01-22T10:18:21+00:00","author":"astramandino","twitter_card":"summary_large_image","twitter_misc":{"Scritto da":"astramandino","Tempo di lettura stimato":"1 minuto"},"schema":{"@context":"https:\/\/schema.org","@graph":[{"@type":"Article","@id":"https:\/\/comunicatistampa.unime.it\/venerdi-26-gennaio-lincontro-guarire-la-memoria-viktor-e-frankl-uno-psicologo-nei-lager\/#article","isPartOf":{"@id":"https:\/\/comunicatistampa.unime.it\/venerdi-26-gennaio-lincontro-guarire-la-memoria-viktor-e-frankl-uno-psicologo-nei-lager\/"},"author":{"name":"astramandino","@id":"https:\/\/portale2.unime.it\/comunicatistampa\/#\/schema\/person\/ece3ce92132d3b80b89603a7e93eda7f"},"headline":"Venerd\u00ec 26 gennaio l&#8217;incontro &#8220;Guarire la memoria: Viktor E. Frankl, uno psicologo nei lager&#8221;","datePublished":"2024-01-22T10:18:21+00:00","mainEntityOfPage":{"@id":"https:\/\/comunicatistampa.unime.it\/venerdi-26-gennaio-lincontro-guarire-la-memoria-viktor-e-frankl-uno-psicologo-nei-lager\/"},"wordCount":276,"publisher":{"@id":"https:\/\/portale2.unime.it\/comunicatistampa\/#organization"},"articleSection":["Comunicati Stampa Universit\u00e0 di Messina"],"inLanguage":"it-IT"},{"@type":"WebPage","@id":"https:\/\/comunicatistampa.unime.it\/venerdi-26-gennaio-lincontro-guarire-la-memoria-viktor-e-frankl-uno-psicologo-nei-lager\/","url":"https:\/\/comunicatistampa.unime.it\/venerdi-26-gennaio-lincontro-guarire-la-memoria-viktor-e-frankl-uno-psicologo-nei-lager\/","name":"Venerd\u00ec 26 gennaio l'incontro \"Guarire la memoria: Viktor E. Frankl, uno psicologo nei lager\" - Comunicati Stampa","isPartOf":{"@id":"https:\/\/portale2.unime.it\/comunicatistampa\/#website"},"datePublished":"2024-01-22T10:18:21+00:00","breadcrumb":{"@id":"https:\/\/comunicatistampa.unime.it\/venerdi-26-gennaio-lincontro-guarire-la-memoria-viktor-e-frankl-uno-psicologo-nei-lager\/#breadcrumb"},"inLanguage":"it-IT","potentialAction":[{"@type":"ReadAction","target":["https:\/\/comunicatistampa.unime.it\/venerdi-26-gennaio-lincontro-guarire-la-memoria-viktor-e-frankl-uno-psicologo-nei-lager\/"]}]},{"@type":"BreadcrumbList","@id":"https:\/\/comunicatistampa.unime.it\/venerdi-26-gennaio-lincontro-guarire-la-memoria-viktor-e-frankl-uno-psicologo-nei-lager\/#breadcrumb","itemListElement":[{"@type":"ListItem","position":1,"name":"Home","item":"https:\/\/portale2.unime.it\/comunicatistampa\/"},{"@type":"ListItem","position":2,"name":"Venerd\u00ec 26 gennaio l&#8217;incontro &#8220;Guarire la memoria: Viktor E. Frankl, uno psicologo nei lager&#8221;"}]},{"@type":"WebSite","@id":"https:\/\/portale2.unime.it\/comunicatistampa\/#website","url":"https:\/\/portale2.unime.it\/comunicatistampa\/","name":"Comunicati Stampa","description":"","publisher":{"@id":"https:\/\/portale2.unime.it\/comunicatistampa\/#organization"},"alternateName":"https:\/\/comunicatistampa.unime.it\/","potentialAction":[{"@type":"SearchAction","target":{"@type":"EntryPoint","urlTemplate":"https:\/\/portale2.unime.it\/comunicatistampa\/?s={search_term_string}"},"query-input":{"@type":"PropertyValueSpecification","valueRequired":true,"valueName":"search_term_string"}}],"inLanguage":"it-IT"},{"@type":"Organization","@id":"https:\/\/portale2.unime.it\/comunicatistampa\/#organization","name":"Comunicati Stampa","url":"https:\/\/portale2.unime.it\/comunicatistampa\/","logo":{"@type":"ImageObject","inLanguage":"it-IT","@id":"https:\/\/portale2.unime.it\/comunicatistampa\/#\/schema\/logo\/image\/","url":"https:\/\/portale2.unime.it\/comunicatistampa\/wp-content\/uploads\/sites\/51\/2024\/07\/COMUNICATI-STAMPA-2.png","contentUrl":"https:\/\/portale2.unime.it\/comunicatistampa\/wp-content\/uploads\/sites\/51\/2024\/07\/COMUNICATI-STAMPA-2.png","width":1000,"height":346,"caption":"Comunicati Stampa"},"image":{"@id":"https:\/\/portale2.unime.it\/comunicatistampa\/#\/schema\/logo\/image\/"}},{"@type":"Person","@id":"https:\/\/portale2.unime.it\/comunicatistampa\/#\/schema\/person\/ece3ce92132d3b80b89603a7e93eda7f","name":"astramandino","image":{"@type":"ImageObject","inLanguage":"it-IT","@id":"https:\/\/secure.gravatar.com\/avatar\/350a04f01afddd3a9f6e057c2d618be834d7ca1192086cfd02adaba43a0e0575?s=96&d=mm&r=g","url":"https:\/\/secure.gravatar.com\/avatar\/350a04f01afddd3a9f6e057c2d618be834d7ca1192086cfd02adaba43a0e0575?s=96&d=mm&r=g","contentUrl":"https:\/\/secure.gravatar.com\/avatar\/350a04f01afddd3a9f6e057c2d618be834d7ca1192086cfd02adaba43a0e0575?s=96&d=mm&r=g","caption":"astramandino"},"url":"https:\/\/portale2.unime.it\/comunicatistampa\/author\/astramandino\/"}]}},"acf":[],"_links":{"self":[{"href":"https:\/\/portale2.unime.it\/comunicatistampa\/wp-json\/wp\/v2\/posts\/16094","targetHints":{"allow":["GET"]}}],"collection":[{"href":"https:\/\/portale2.unime.it\/comunicatistampa\/wp-json\/wp\/v2\/posts"}],"about":[{"href":"https:\/\/portale2.unime.it\/comunicatistampa\/wp-json\/wp\/v2\/types\/post"}],"author":[{"embeddable":true,"href":"https:\/\/portale2.unime.it\/comunicatistampa\/wp-json\/wp\/v2\/users\/60"}],"replies":[{"embeddable":true,"href":"https:\/\/portale2.unime.it\/comunicatistampa\/wp-json\/wp\/v2\/comments?post=16094"}],"version-history":[{"count":0,"href":"https:\/\/portale2.unime.it\/comunicatistampa\/wp-json\/wp\/v2\/posts\/16094\/revisions"}],"wp:attachment":[{"href":"https:\/\/portale2.unime.it\/comunicatistampa\/wp-json\/wp\/v2\/media?parent=16094"}],"wp:term":[{"taxonomy":"category","embeddable":true,"href":"https:\/\/portale2.unime.it\/comunicatistampa\/wp-json\/wp\/v2\/categories?post=16094"},{"taxonomy":"post_tag","embeddable":true,"href":"https:\/\/portale2.unime.it\/comunicatistampa\/wp-json\/wp\/v2\/tags?post=16094"}],"curies":[{"name":"wp","href":"https:\/\/api.w.org\/{rel}","templated":true}]}}