{"id":16192,"date":"2024-03-15T13:43:23","date_gmt":"2024-03-15T12:43:23","guid":{"rendered":"https:\/\/portale.unime.it\/comunicatistampa\/?p=16192"},"modified":"2024-03-15T13:43:23","modified_gmt":"2024-03-15T12:43:23","slug":"universita-svelate-mercoledi-20-lateneo-apre-le-porte-alla-citta","status":"publish","type":"post","link":"https:\/\/portale2.unime.it\/comunicatistampa\/universita-svelate-mercoledi-20-lateneo-apre-le-porte-alla-citta\/","title":{"rendered":"Universit\u00e0 Svelate, mercoled\u00ec 20 l\u2019Ateneo apre le porte alla citt\u00e0"},"content":{"rendered":"<p class=\"x_MsoNormal\" style=\"text-align: justify\">Mercoled\u00ec 20 marzo alle ore 9, in occasione della Giornata Nazionale delle Universit\u00e0,\u00a0istituita su richiesta della CRUI, l\u2019Ateneo di Messina apre le porte alla citt\u00e0 per condividere con la comunit\u00e0 il proprio patrimonio librario pi\u00f9 prezioso e le iniziative che hanno contribuito a valorizzarlo.\u00a0&#8220;Universit\u00e0 svelate&#8221; sar\u00e0 il titolo che unir\u00e0 idealmente gli eventi di\u00a0tutti gli Atenei del Paese che si apprestano a celebrare questa ricorrenza con\u00a0entusiasmo, affinch\u00e9 diventi un&#8217;occasione annuale di connessione tra istruzione superiore ed i rispettivi territori. <!--more--><\/p>\n<p class=\"x_MsoNormal\" style=\"text-align: justify\">Il programma prender\u00e0 il via a partire dalle ore 9, presso l&#8217;Aula Magna del Rettorato, con i saluti istituzionali della Rettrice, prof.ssa Giovanna Spatari. Seguiranno gli interventi del prof. Vincenzo Fera (gi\u00e0 Ordinario di Filologia medievale e umanistica Dipartimento di Civilt\u00e0 antiche e moderne), della prof.ssa Caterina Malta (Ordinaria di Letteratura italiana afferente al Dipartimento di Civilt\u00e0 Antiche e Moderne) e del dott. Orazio Giubrone (Referente per il Patrimonio librario antico del Sistema Bibliotecario di Ateneo). Si svolger\u00e0 inoltre, a\u00a0cura dello SBA UniMe,\u00a0un laboratorio dal titolo &#8220;Dall\u2019invenzione di Gutenberg al digitale Esposizione e illustrazione di testi e documenti antichi&#8221;.<\/p>\n<p class=\"x_MsoNormal\" style=\"text-align: justify\">La\u00a0Giornata Nazionale delle Universit\u00e0 coincider\u00e0 con la Giornata Internazionale della Felicit\u00e0, all&#8217;interno della Settimana della Minerva in un periodo dedicato alla celebrazione del sapere e dell&#8217;istruzione. \u201cUniversit\u00e0 Svelate\u201d ha ottenuto il patrocinio del MUR.<\/p>\n<p class=\"x_MsoNormal\" aria-hidden=\"true\">\n","protected":false},"excerpt":{"rendered":"<p>Mercoled\u00ec 20 marzo alle ore 9, in occasione della Giornata Nazionale delle Universit\u00e0,\u00a0istituita su richiesta della CRUI, l\u2019Ateneo di Messina apre le porte alla citt\u00e0 per condividere con la comunit\u00e0 il proprio patrimonio librario pi\u00f9 prezioso e le iniziative che hanno contribuito a valorizzarlo.\u00a0&#8220;Universit\u00e0 svelate&#8221; sar\u00e0 il titolo che unir\u00e0 idealmente gli eventi di\u00a0tutti gli&hellip; <a class=\"more-link\" href=\"https:\/\/portale2.unime.it\/comunicatistampa\/universita-svelate-mercoledi-20-lateneo-apre-le-porte-alla-citta\/\">Continua a leggere <span class=\"screen-reader-text\">Universit\u00e0 Svelate, mercoled\u00ec 20 l\u2019Ateneo apre le porte alla citt\u00e0<\/span><\/a><\/p>\n","protected":false},"author":60,"featured_media":0,"comment_status":"closed","ping_status":"open","sticky":false,"template":"","format":"standard","meta":{"_acf_changed":false,"footnotes":""},"categories":[3],"tags":[],"class_list":["post-16192","post","type-post","status-publish","format-standard","hentry","category-comunicati","entry"],"yoast_head":"<!-- This site is optimized with the Yoast SEO plugin v27.4 - https:\/\/yoast.com\/product\/yoast-seo-wordpress\/ -->\n<title>Universit\u00e0 Svelate, mercoled\u00ec 20 l\u2019Ateneo apre le porte alla citt\u00e0 - Comunicati Stampa<\/title>\n<meta name=\"robots\" content=\"index, follow, max-snippet:-1, max-image-preview:large, max-video-preview:-1\" \/>\n<link rel=\"canonical\" href=\"https:\/\/comunicatistampa.unime.it\/universita-svelate-mercoledi-20-lateneo-apre-le-porte-alla-citta\/\" \/>\n<meta property=\"og:locale\" content=\"it_IT\" \/>\n<meta property=\"og:type\" content=\"article\" \/>\n<meta property=\"og:title\" content=\"Universit\u00e0 Svelate, mercoled\u00ec 20 l\u2019Ateneo apre le porte alla citt\u00e0 - Comunicati Stampa\" \/>\n<meta property=\"og:description\" content=\"Mercoled\u00ec 20 marzo alle ore 9, in occasione della Giornata Nazionale delle Universit\u00e0,\u00a0istituita su richiesta della CRUI, l\u2019Ateneo di Messina apre le porte alla citt\u00e0 per condividere con la comunit\u00e0 il proprio patrimonio librario pi\u00f9 prezioso e le iniziative che hanno contribuito a valorizzarlo.\u00a0&#8220;Universit\u00e0 svelate&#8221; sar\u00e0 il titolo che unir\u00e0 idealmente gli eventi di\u00a0tutti gli&hellip; Continua a leggere Universit\u00e0 Svelate, mercoled\u00ec 20 l\u2019Ateneo apre le porte alla citt\u00e0\" \/>\n<meta property=\"og:url\" content=\"https:\/\/comunicatistampa.unime.it\/universita-svelate-mercoledi-20-lateneo-apre-le-porte-alla-citta\/\" \/>\n<meta property=\"og:site_name\" content=\"Comunicati Stampa\" \/>\n<meta property=\"article:published_time\" content=\"2024-03-15T12:43:23+00:00\" \/>\n<meta name=\"author\" content=\"astramandino\" \/>\n<meta name=\"twitter:card\" content=\"summary_large_image\" \/>\n<meta name=\"twitter:label1\" content=\"Scritto da\" \/>\n\t<meta name=\"twitter:data1\" content=\"astramandino\" \/>\n\t<meta name=\"twitter:label2\" content=\"Tempo di lettura stimato\" \/>\n\t<meta name=\"twitter:data2\" content=\"1 minuto\" \/>\n<script type=\"application\/ld+json\" class=\"yoast-schema-graph\">{\"@context\":\"https:\\\/\\\/schema.org\",\"@graph\":[{\"@type\":\"Article\",\"@id\":\"https:\\\/\\\/comunicatistampa.unime.it\\\/universita-svelate-mercoledi-20-lateneo-apre-le-porte-alla-citta\\\/#article\",\"isPartOf\":{\"@id\":\"https:\\\/\\\/comunicatistampa.unime.it\\\/universita-svelate-mercoledi-20-lateneo-apre-le-porte-alla-citta\\\/\"},\"author\":{\"name\":\"astramandino\",\"@id\":\"https:\\\/\\\/portale2.unime.it\\\/comunicatistampa\\\/#\\\/schema\\\/person\\\/ece3ce92132d3b80b89603a7e93eda7f\"},\"headline\":\"Universit\u00e0 Svelate, mercoled\u00ec 20 l\u2019Ateneo apre le porte alla citt\u00e0\",\"datePublished\":\"2024-03-15T12:43:23+00:00\",\"mainEntityOfPage\":{\"@id\":\"https:\\\/\\\/comunicatistampa.unime.it\\\/universita-svelate-mercoledi-20-lateneo-apre-le-porte-alla-citta\\\/\"},\"wordCount\":234,\"publisher\":{\"@id\":\"https:\\\/\\\/portale2.unime.it\\\/comunicatistampa\\\/#organization\"},\"articleSection\":[\"Comunicati Stampa Universit\u00e0 di Messina\"],\"inLanguage\":\"it-IT\"},{\"@type\":\"WebPage\",\"@id\":\"https:\\\/\\\/comunicatistampa.unime.it\\\/universita-svelate-mercoledi-20-lateneo-apre-le-porte-alla-citta\\\/\",\"url\":\"https:\\\/\\\/comunicatistampa.unime.it\\\/universita-svelate-mercoledi-20-lateneo-apre-le-porte-alla-citta\\\/\",\"name\":\"Universit\u00e0 Svelate, mercoled\u00ec 20 l\u2019Ateneo apre le porte alla citt\u00e0 - Comunicati Stampa\",\"isPartOf\":{\"@id\":\"https:\\\/\\\/portale2.unime.it\\\/comunicatistampa\\\/#website\"},\"datePublished\":\"2024-03-15T12:43:23+00:00\",\"breadcrumb\":{\"@id\":\"https:\\\/\\\/comunicatistampa.unime.it\\\/universita-svelate-mercoledi-20-lateneo-apre-le-porte-alla-citta\\\/#breadcrumb\"},\"inLanguage\":\"it-IT\",\"potentialAction\":[{\"@type\":\"ReadAction\",\"target\":[\"https:\\\/\\\/comunicatistampa.unime.it\\\/universita-svelate-mercoledi-20-lateneo-apre-le-porte-alla-citta\\\/\"]}]},{\"@type\":\"BreadcrumbList\",\"@id\":\"https:\\\/\\\/comunicatistampa.unime.it\\\/universita-svelate-mercoledi-20-lateneo-apre-le-porte-alla-citta\\\/#breadcrumb\",\"itemListElement\":[{\"@type\":\"ListItem\",\"position\":1,\"name\":\"Home\",\"item\":\"https:\\\/\\\/portale2.unime.it\\\/comunicatistampa\\\/\"},{\"@type\":\"ListItem\",\"position\":2,\"name\":\"Universit\u00e0 Svelate, mercoled\u00ec 20 l\u2019Ateneo apre le porte alla citt\u00e0\"}]},{\"@type\":\"WebSite\",\"@id\":\"https:\\\/\\\/portale2.unime.it\\\/comunicatistampa\\\/#website\",\"url\":\"https:\\\/\\\/portale2.unime.it\\\/comunicatistampa\\\/\",\"name\":\"Comunicati Stampa\",\"description\":\"\",\"publisher\":{\"@id\":\"https:\\\/\\\/portale2.unime.it\\\/comunicatistampa\\\/#organization\"},\"alternateName\":\"https:\\\/\\\/comunicatistampa.unime.it\\\/\",\"potentialAction\":[{\"@type\":\"SearchAction\",\"target\":{\"@type\":\"EntryPoint\",\"urlTemplate\":\"https:\\\/\\\/portale2.unime.it\\\/comunicatistampa\\\/?s={search_term_string}\"},\"query-input\":{\"@type\":\"PropertyValueSpecification\",\"valueRequired\":true,\"valueName\":\"search_term_string\"}}],\"inLanguage\":\"it-IT\"},{\"@type\":\"Organization\",\"@id\":\"https:\\\/\\\/portale2.unime.it\\\/comunicatistampa\\\/#organization\",\"name\":\"Comunicati Stampa\",\"url\":\"https:\\\/\\\/portale2.unime.it\\\/comunicatistampa\\\/\",\"logo\":{\"@type\":\"ImageObject\",\"inLanguage\":\"it-IT\",\"@id\":\"https:\\\/\\\/portale2.unime.it\\\/comunicatistampa\\\/#\\\/schema\\\/logo\\\/image\\\/\",\"url\":\"https:\\\/\\\/portale2.unime.it\\\/comunicatistampa\\\/wp-content\\\/uploads\\\/sites\\\/51\\\/2024\\\/07\\\/COMUNICATI-STAMPA-2.png\",\"contentUrl\":\"https:\\\/\\\/portale2.unime.it\\\/comunicatistampa\\\/wp-content\\\/uploads\\\/sites\\\/51\\\/2024\\\/07\\\/COMUNICATI-STAMPA-2.png\",\"width\":1000,\"height\":346,\"caption\":\"Comunicati Stampa\"},\"image\":{\"@id\":\"https:\\\/\\\/portale2.unime.it\\\/comunicatistampa\\\/#\\\/schema\\\/logo\\\/image\\\/\"}},{\"@type\":\"Person\",\"@id\":\"https:\\\/\\\/portale2.unime.it\\\/comunicatistampa\\\/#\\\/schema\\\/person\\\/ece3ce92132d3b80b89603a7e93eda7f\",\"name\":\"astramandino\",\"image\":{\"@type\":\"ImageObject\",\"inLanguage\":\"it-IT\",\"@id\":\"https:\\\/\\\/secure.gravatar.com\\\/avatar\\\/350a04f01afddd3a9f6e057c2d618be834d7ca1192086cfd02adaba43a0e0575?s=96&d=mm&r=g\",\"url\":\"https:\\\/\\\/secure.gravatar.com\\\/avatar\\\/350a04f01afddd3a9f6e057c2d618be834d7ca1192086cfd02adaba43a0e0575?s=96&d=mm&r=g\",\"contentUrl\":\"https:\\\/\\\/secure.gravatar.com\\\/avatar\\\/350a04f01afddd3a9f6e057c2d618be834d7ca1192086cfd02adaba43a0e0575?s=96&d=mm&r=g\",\"caption\":\"astramandino\"},\"url\":\"https:\\\/\\\/portale2.unime.it\\\/comunicatistampa\\\/author\\\/astramandino\\\/\"}]}<\/script>\n<!-- \/ Yoast SEO plugin. -->","yoast_head_json":{"title":"Universit\u00e0 Svelate, mercoled\u00ec 20 l\u2019Ateneo apre le porte alla citt\u00e0 - Comunicati Stampa","robots":{"index":"index","follow":"follow","max-snippet":"max-snippet:-1","max-image-preview":"max-image-preview:large","max-video-preview":"max-video-preview:-1"},"canonical":"https:\/\/comunicatistampa.unime.it\/universita-svelate-mercoledi-20-lateneo-apre-le-porte-alla-citta\/","og_locale":"it_IT","og_type":"article","og_title":"Universit\u00e0 Svelate, mercoled\u00ec 20 l\u2019Ateneo apre le porte alla citt\u00e0 - Comunicati Stampa","og_description":"Mercoled\u00ec 20 marzo alle ore 9, in occasione della Giornata Nazionale delle Universit\u00e0,\u00a0istituita su richiesta della CRUI, l\u2019Ateneo di Messina apre le porte alla citt\u00e0 per condividere con la comunit\u00e0 il proprio patrimonio librario pi\u00f9 prezioso e le iniziative che hanno contribuito a valorizzarlo.\u00a0&#8220;Universit\u00e0 svelate&#8221; sar\u00e0 il titolo che unir\u00e0 idealmente gli eventi di\u00a0tutti gli&hellip; Continua a leggere Universit\u00e0 Svelate, mercoled\u00ec 20 l\u2019Ateneo apre le porte alla citt\u00e0","og_url":"https:\/\/comunicatistampa.unime.it\/universita-svelate-mercoledi-20-lateneo-apre-le-porte-alla-citta\/","og_site_name":"Comunicati Stampa","article_published_time":"2024-03-15T12:43:23+00:00","author":"astramandino","twitter_card":"summary_large_image","twitter_misc":{"Scritto da":"astramandino","Tempo di lettura stimato":"1 minuto"},"schema":{"@context":"https:\/\/schema.org","@graph":[{"@type":"Article","@id":"https:\/\/comunicatistampa.unime.it\/universita-svelate-mercoledi-20-lateneo-apre-le-porte-alla-citta\/#article","isPartOf":{"@id":"https:\/\/comunicatistampa.unime.it\/universita-svelate-mercoledi-20-lateneo-apre-le-porte-alla-citta\/"},"author":{"name":"astramandino","@id":"https:\/\/portale2.unime.it\/comunicatistampa\/#\/schema\/person\/ece3ce92132d3b80b89603a7e93eda7f"},"headline":"Universit\u00e0 Svelate, mercoled\u00ec 20 l\u2019Ateneo apre le porte alla citt\u00e0","datePublished":"2024-03-15T12:43:23+00:00","mainEntityOfPage":{"@id":"https:\/\/comunicatistampa.unime.it\/universita-svelate-mercoledi-20-lateneo-apre-le-porte-alla-citta\/"},"wordCount":234,"publisher":{"@id":"https:\/\/portale2.unime.it\/comunicatistampa\/#organization"},"articleSection":["Comunicati Stampa Universit\u00e0 di Messina"],"inLanguage":"it-IT"},{"@type":"WebPage","@id":"https:\/\/comunicatistampa.unime.it\/universita-svelate-mercoledi-20-lateneo-apre-le-porte-alla-citta\/","url":"https:\/\/comunicatistampa.unime.it\/universita-svelate-mercoledi-20-lateneo-apre-le-porte-alla-citta\/","name":"Universit\u00e0 Svelate, mercoled\u00ec 20 l\u2019Ateneo apre le porte alla citt\u00e0 - Comunicati Stampa","isPartOf":{"@id":"https:\/\/portale2.unime.it\/comunicatistampa\/#website"},"datePublished":"2024-03-15T12:43:23+00:00","breadcrumb":{"@id":"https:\/\/comunicatistampa.unime.it\/universita-svelate-mercoledi-20-lateneo-apre-le-porte-alla-citta\/#breadcrumb"},"inLanguage":"it-IT","potentialAction":[{"@type":"ReadAction","target":["https:\/\/comunicatistampa.unime.it\/universita-svelate-mercoledi-20-lateneo-apre-le-porte-alla-citta\/"]}]},{"@type":"BreadcrumbList","@id":"https:\/\/comunicatistampa.unime.it\/universita-svelate-mercoledi-20-lateneo-apre-le-porte-alla-citta\/#breadcrumb","itemListElement":[{"@type":"ListItem","position":1,"name":"Home","item":"https:\/\/portale2.unime.it\/comunicatistampa\/"},{"@type":"ListItem","position":2,"name":"Universit\u00e0 Svelate, mercoled\u00ec 20 l\u2019Ateneo apre le porte alla citt\u00e0"}]},{"@type":"WebSite","@id":"https:\/\/portale2.unime.it\/comunicatistampa\/#website","url":"https:\/\/portale2.unime.it\/comunicatistampa\/","name":"Comunicati Stampa","description":"","publisher":{"@id":"https:\/\/portale2.unime.it\/comunicatistampa\/#organization"},"alternateName":"https:\/\/comunicatistampa.unime.it\/","potentialAction":[{"@type":"SearchAction","target":{"@type":"EntryPoint","urlTemplate":"https:\/\/portale2.unime.it\/comunicatistampa\/?s={search_term_string}"},"query-input":{"@type":"PropertyValueSpecification","valueRequired":true,"valueName":"search_term_string"}}],"inLanguage":"it-IT"},{"@type":"Organization","@id":"https:\/\/portale2.unime.it\/comunicatistampa\/#organization","name":"Comunicati Stampa","url":"https:\/\/portale2.unime.it\/comunicatistampa\/","logo":{"@type":"ImageObject","inLanguage":"it-IT","@id":"https:\/\/portale2.unime.it\/comunicatistampa\/#\/schema\/logo\/image\/","url":"https:\/\/portale2.unime.it\/comunicatistampa\/wp-content\/uploads\/sites\/51\/2024\/07\/COMUNICATI-STAMPA-2.png","contentUrl":"https:\/\/portale2.unime.it\/comunicatistampa\/wp-content\/uploads\/sites\/51\/2024\/07\/COMUNICATI-STAMPA-2.png","width":1000,"height":346,"caption":"Comunicati Stampa"},"image":{"@id":"https:\/\/portale2.unime.it\/comunicatistampa\/#\/schema\/logo\/image\/"}},{"@type":"Person","@id":"https:\/\/portale2.unime.it\/comunicatistampa\/#\/schema\/person\/ece3ce92132d3b80b89603a7e93eda7f","name":"astramandino","image":{"@type":"ImageObject","inLanguage":"it-IT","@id":"https:\/\/secure.gravatar.com\/avatar\/350a04f01afddd3a9f6e057c2d618be834d7ca1192086cfd02adaba43a0e0575?s=96&d=mm&r=g","url":"https:\/\/secure.gravatar.com\/avatar\/350a04f01afddd3a9f6e057c2d618be834d7ca1192086cfd02adaba43a0e0575?s=96&d=mm&r=g","contentUrl":"https:\/\/secure.gravatar.com\/avatar\/350a04f01afddd3a9f6e057c2d618be834d7ca1192086cfd02adaba43a0e0575?s=96&d=mm&r=g","caption":"astramandino"},"url":"https:\/\/portale2.unime.it\/comunicatistampa\/author\/astramandino\/"}]}},"acf":[],"_links":{"self":[{"href":"https:\/\/portale2.unime.it\/comunicatistampa\/wp-json\/wp\/v2\/posts\/16192","targetHints":{"allow":["GET"]}}],"collection":[{"href":"https:\/\/portale2.unime.it\/comunicatistampa\/wp-json\/wp\/v2\/posts"}],"about":[{"href":"https:\/\/portale2.unime.it\/comunicatistampa\/wp-json\/wp\/v2\/types\/post"}],"author":[{"embeddable":true,"href":"https:\/\/portale2.unime.it\/comunicatistampa\/wp-json\/wp\/v2\/users\/60"}],"replies":[{"embeddable":true,"href":"https:\/\/portale2.unime.it\/comunicatistampa\/wp-json\/wp\/v2\/comments?post=16192"}],"version-history":[{"count":0,"href":"https:\/\/portale2.unime.it\/comunicatistampa\/wp-json\/wp\/v2\/posts\/16192\/revisions"}],"wp:attachment":[{"href":"https:\/\/portale2.unime.it\/comunicatistampa\/wp-json\/wp\/v2\/media?parent=16192"}],"wp:term":[{"taxonomy":"category","embeddable":true,"href":"https:\/\/portale2.unime.it\/comunicatistampa\/wp-json\/wp\/v2\/categories?post=16192"},{"taxonomy":"post_tag","embeddable":true,"href":"https:\/\/portale2.unime.it\/comunicatistampa\/wp-json\/wp\/v2\/tags?post=16192"}],"curies":[{"name":"wp","href":"https:\/\/api.w.org\/{rel}","templated":true}]}}