{"id":16218,"date":"2024-04-04T11:11:36","date_gmt":"2024-04-04T10:11:36","guid":{"rendered":"https:\/\/portale.unime.it\/comunicatistampa\/?p=16218"},"modified":"2024-04-04T11:11:36","modified_gmt":"2024-04-04T10:11:36","slug":"conferito-il-dottorato-di-ricerca-honoris-causa-in-scienze-giuridiche-al-prof-attard","status":"publish","type":"post","link":"https:\/\/portale2.unime.it\/comunicatistampa\/conferito-il-dottorato-di-ricerca-honoris-causa-in-scienze-giuridiche-al-prof-attard\/","title":{"rendered":"Conferito il Dottorato di Ricerca Honoris causa in Scienze giuridiche al prof. Attard"},"content":{"rendered":"<p>Si \u00e8 svolta presso l\u2019Aula Magna, la cerimonia di conferimento del Dottorato di Ricerca Honoris Causa in Scienze Giuridiche al prof. David Joseph Attard, giudice e studioso di fama mondiale che vanta una ricca produzione scientifica sul Diritto internazionale del mare.<!--more--><\/p>\n<p><span style=\"font-style: inherit;font-weight: inherit\">Alla Cerimonia hanno preso parte la Rettrice, prof.ssa Giovanna Spatari, il Direttore del Dipartimento di Giurisprudenza, prof. Alessio Lo Giudice, la Coordinatrice del Dottorato in Scienze giuridiche, prof.ssa Concetta Parrinello e il Direttore generale, avv. Francesco Bonanno.<\/span><\/p>\n<p><span style=\"font-style: inherit;font-weight: inherit\">Il prof. Attard\u00a0ha tenuto una Lectio Doctoralis sul tema &#8220;Enhancing the effectiveness of international maritime law&#8221;.<\/span><\/p>\n<p><span style=\"font-style: inherit;font-weight: inherit\">Nel corso della Cerimonia, la prof.ssa Francesca Pellegrino, Ordinaria di Diritto della navigazione, a cui \u00e8 stata affidata la Laudatio, ha illustrato le tappe della prestigiosa carriera del prof. Attard.<\/span><\/p>\n<p><span style=\"font-style: inherit;font-weight: inherit\">Giudice del Tribunale Internazionale per il Diritto del mare (ITLOS), organo giudiziario indipendente sul Diritto marittimo istituito dalla Convenzione delle Nazioni Unite del 1982, il prof. Attard ha svolto per 30 anni le funzioni di Direttore dell\u2019IMLI (International Maritime Law Institute) presso l\u2019Universit\u00e0 di Malta dove, attualmente, ricopre la prestigiosa carica di Chancellor. Visiting Professor presso rinomate Universit\u00e0 europee, tra cui Sorbonne-Parigi e Oxford, ha partecipato inoltre, in qualit\u00e0 di delegato maltese, a numerosi Working Groups e Conferenze ONU\u00a0in materia di inquinamento marino. In carriera, ha ricevuto numerosi premi e onorificenze, compresa quella dell\u2019Ordine al Merito della Repubblica Italiana nel 2010; nel 2022 \u00e8 stato insignito del Premio Marittimo Internazionale (International Maritime Prize).\u00a0<\/span><\/p>\n<p><span style=\"font-style: inherit;font-weight: inherit\">Le ragioni del conferimento al prof. Attard del Dottorato in Scienze Giuridiche\u00a0risiedono nella condivisa considerazione \u201cdello straordinario rilievo degli apporti offerti &#8211; anche in qualit\u00e0 di Giudice &#8211; al Diritto del mare&#8221;.<\/span><\/p>\n","protected":false},"excerpt":{"rendered":"<p>Si \u00e8 svolta presso l\u2019Aula Magna, la cerimonia di conferimento del Dottorato di Ricerca Honoris Causa in Scienze Giuridiche al prof. David Joseph Attard, giudice e studioso di fama mondiale che vanta una ricca produzione scientifica sul Diritto internazionale del mare.<\/p>\n","protected":false},"author":61,"featured_media":0,"comment_status":"closed","ping_status":"open","sticky":false,"template":"","format":"standard","meta":{"_acf_changed":false,"footnotes":""},"categories":[3],"tags":[],"class_list":["post-16218","post","type-post","status-publish","format-standard","hentry","category-comunicati","entry"],"yoast_head":"<!-- This site is optimized with the Yoast SEO plugin v27.4 - https:\/\/yoast.com\/product\/yoast-seo-wordpress\/ -->\n<title>Conferito il Dottorato di Ricerca Honoris causa in Scienze giuridiche al prof. Attard - Comunicati Stampa<\/title>\n<meta name=\"robots\" content=\"index, follow, max-snippet:-1, max-image-preview:large, max-video-preview:-1\" \/>\n<link rel=\"canonical\" href=\"https:\/\/comunicatistampa.unime.it\/conferito-il-dottorato-di-ricerca-honoris-causa-in-scienze-giuridiche-al-prof-attard\/\" \/>\n<meta property=\"og:locale\" content=\"it_IT\" \/>\n<meta property=\"og:type\" content=\"article\" \/>\n<meta property=\"og:title\" content=\"Conferito il Dottorato di Ricerca Honoris causa in Scienze giuridiche al prof. Attard - Comunicati Stampa\" \/>\n<meta property=\"og:description\" content=\"Si \u00e8 svolta presso l\u2019Aula Magna, la cerimonia di conferimento del Dottorato di Ricerca Honoris Causa in Scienze Giuridiche al prof. David Joseph Attard, giudice e studioso di fama mondiale che vanta una ricca produzione scientifica sul Diritto internazionale del mare.\" \/>\n<meta property=\"og:url\" content=\"https:\/\/comunicatistampa.unime.it\/conferito-il-dottorato-di-ricerca-honoris-causa-in-scienze-giuridiche-al-prof-attard\/\" \/>\n<meta property=\"og:site_name\" content=\"Comunicati Stampa\" \/>\n<meta property=\"article:published_time\" content=\"2024-04-04T10:11:36+00:00\" \/>\n<meta name=\"author\" content=\"icuzzocrea\" \/>\n<meta name=\"twitter:card\" content=\"summary_large_image\" \/>\n<meta name=\"twitter:label1\" content=\"Scritto da\" \/>\n\t<meta name=\"twitter:data1\" content=\"icuzzocrea\" \/>\n\t<meta name=\"twitter:label2\" content=\"Tempo di lettura stimato\" \/>\n\t<meta name=\"twitter:data2\" content=\"1 minuto\" \/>\n<script type=\"application\/ld+json\" class=\"yoast-schema-graph\">{\"@context\":\"https:\\\/\\\/schema.org\",\"@graph\":[{\"@type\":\"Article\",\"@id\":\"https:\\\/\\\/comunicatistampa.unime.it\\\/conferito-il-dottorato-di-ricerca-honoris-causa-in-scienze-giuridiche-al-prof-attard\\\/#article\",\"isPartOf\":{\"@id\":\"https:\\\/\\\/comunicatistampa.unime.it\\\/conferito-il-dottorato-di-ricerca-honoris-causa-in-scienze-giuridiche-al-prof-attard\\\/\"},\"author\":{\"name\":\"icuzzocrea\",\"@id\":\"https:\\\/\\\/portale2.unime.it\\\/comunicatistampa\\\/#\\\/schema\\\/person\\\/be8b1ddf505b523f68b02f4a26b0f3d4\"},\"headline\":\"Conferito il Dottorato di Ricerca Honoris causa in Scienze giuridiche al prof. Attard\",\"datePublished\":\"2024-04-04T10:11:36+00:00\",\"mainEntityOfPage\":{\"@id\":\"https:\\\/\\\/comunicatistampa.unime.it\\\/conferito-il-dottorato-di-ricerca-honoris-causa-in-scienze-giuridiche-al-prof-attard\\\/\"},\"wordCount\":285,\"publisher\":{\"@id\":\"https:\\\/\\\/portale2.unime.it\\\/comunicatistampa\\\/#organization\"},\"articleSection\":[\"Comunicati Stampa Universit\u00e0 di Messina\"],\"inLanguage\":\"it-IT\"},{\"@type\":\"WebPage\",\"@id\":\"https:\\\/\\\/comunicatistampa.unime.it\\\/conferito-il-dottorato-di-ricerca-honoris-causa-in-scienze-giuridiche-al-prof-attard\\\/\",\"url\":\"https:\\\/\\\/comunicatistampa.unime.it\\\/conferito-il-dottorato-di-ricerca-honoris-causa-in-scienze-giuridiche-al-prof-attard\\\/\",\"name\":\"Conferito il Dottorato di Ricerca Honoris causa in Scienze giuridiche al prof. Attard - Comunicati Stampa\",\"isPartOf\":{\"@id\":\"https:\\\/\\\/portale2.unime.it\\\/comunicatistampa\\\/#website\"},\"datePublished\":\"2024-04-04T10:11:36+00:00\",\"breadcrumb\":{\"@id\":\"https:\\\/\\\/comunicatistampa.unime.it\\\/conferito-il-dottorato-di-ricerca-honoris-causa-in-scienze-giuridiche-al-prof-attard\\\/#breadcrumb\"},\"inLanguage\":\"it-IT\",\"potentialAction\":[{\"@type\":\"ReadAction\",\"target\":[\"https:\\\/\\\/comunicatistampa.unime.it\\\/conferito-il-dottorato-di-ricerca-honoris-causa-in-scienze-giuridiche-al-prof-attard\\\/\"]}]},{\"@type\":\"BreadcrumbList\",\"@id\":\"https:\\\/\\\/comunicatistampa.unime.it\\\/conferito-il-dottorato-di-ricerca-honoris-causa-in-scienze-giuridiche-al-prof-attard\\\/#breadcrumb\",\"itemListElement\":[{\"@type\":\"ListItem\",\"position\":1,\"name\":\"Home\",\"item\":\"https:\\\/\\\/portale2.unime.it\\\/comunicatistampa\\\/\"},{\"@type\":\"ListItem\",\"position\":2,\"name\":\"Conferito il Dottorato di Ricerca Honoris causa in Scienze giuridiche al prof. Attard\"}]},{\"@type\":\"WebSite\",\"@id\":\"https:\\\/\\\/portale2.unime.it\\\/comunicatistampa\\\/#website\",\"url\":\"https:\\\/\\\/portale2.unime.it\\\/comunicatistampa\\\/\",\"name\":\"Comunicati Stampa\",\"description\":\"\",\"publisher\":{\"@id\":\"https:\\\/\\\/portale2.unime.it\\\/comunicatistampa\\\/#organization\"},\"alternateName\":\"https:\\\/\\\/comunicatistampa.unime.it\\\/\",\"potentialAction\":[{\"@type\":\"SearchAction\",\"target\":{\"@type\":\"EntryPoint\",\"urlTemplate\":\"https:\\\/\\\/portale2.unime.it\\\/comunicatistampa\\\/?s={search_term_string}\"},\"query-input\":{\"@type\":\"PropertyValueSpecification\",\"valueRequired\":true,\"valueName\":\"search_term_string\"}}],\"inLanguage\":\"it-IT\"},{\"@type\":\"Organization\",\"@id\":\"https:\\\/\\\/portale2.unime.it\\\/comunicatistampa\\\/#organization\",\"name\":\"Comunicati Stampa\",\"url\":\"https:\\\/\\\/portale2.unime.it\\\/comunicatistampa\\\/\",\"logo\":{\"@type\":\"ImageObject\",\"inLanguage\":\"it-IT\",\"@id\":\"https:\\\/\\\/portale2.unime.it\\\/comunicatistampa\\\/#\\\/schema\\\/logo\\\/image\\\/\",\"url\":\"https:\\\/\\\/portale2.unime.it\\\/comunicatistampa\\\/wp-content\\\/uploads\\\/sites\\\/51\\\/2024\\\/07\\\/COMUNICATI-STAMPA-2.png\",\"contentUrl\":\"https:\\\/\\\/portale2.unime.it\\\/comunicatistampa\\\/wp-content\\\/uploads\\\/sites\\\/51\\\/2024\\\/07\\\/COMUNICATI-STAMPA-2.png\",\"width\":1000,\"height\":346,\"caption\":\"Comunicati Stampa\"},\"image\":{\"@id\":\"https:\\\/\\\/portale2.unime.it\\\/comunicatistampa\\\/#\\\/schema\\\/logo\\\/image\\\/\"}},{\"@type\":\"Person\",\"@id\":\"https:\\\/\\\/portale2.unime.it\\\/comunicatistampa\\\/#\\\/schema\\\/person\\\/be8b1ddf505b523f68b02f4a26b0f3d4\",\"name\":\"icuzzocrea\",\"image\":{\"@type\":\"ImageObject\",\"inLanguage\":\"it-IT\",\"@id\":\"https:\\\/\\\/secure.gravatar.com\\\/avatar\\\/879fe5c205749c6e9b1bfbb7b150a06c8a1ef5c12f6c01c49d35d60b2627b0d3?s=96&d=mm&r=g\",\"url\":\"https:\\\/\\\/secure.gravatar.com\\\/avatar\\\/879fe5c205749c6e9b1bfbb7b150a06c8a1ef5c12f6c01c49d35d60b2627b0d3?s=96&d=mm&r=g\",\"contentUrl\":\"https:\\\/\\\/secure.gravatar.com\\\/avatar\\\/879fe5c205749c6e9b1bfbb7b150a06c8a1ef5c12f6c01c49d35d60b2627b0d3?s=96&d=mm&r=g\",\"caption\":\"icuzzocrea\"},\"url\":\"https:\\\/\\\/portale2.unime.it\\\/comunicatistampa\\\/author\\\/icuzzocrea\\\/\"}]}<\/script>\n<!-- \/ Yoast SEO plugin. -->","yoast_head_json":{"title":"Conferito il Dottorato di Ricerca Honoris causa in Scienze giuridiche al prof. Attard - Comunicati Stampa","robots":{"index":"index","follow":"follow","max-snippet":"max-snippet:-1","max-image-preview":"max-image-preview:large","max-video-preview":"max-video-preview:-1"},"canonical":"https:\/\/comunicatistampa.unime.it\/conferito-il-dottorato-di-ricerca-honoris-causa-in-scienze-giuridiche-al-prof-attard\/","og_locale":"it_IT","og_type":"article","og_title":"Conferito il Dottorato di Ricerca Honoris causa in Scienze giuridiche al prof. Attard - Comunicati Stampa","og_description":"Si \u00e8 svolta presso l\u2019Aula Magna, la cerimonia di conferimento del Dottorato di Ricerca Honoris Causa in Scienze Giuridiche al prof. David Joseph Attard, giudice e studioso di fama mondiale che vanta una ricca produzione scientifica sul Diritto internazionale del mare.","og_url":"https:\/\/comunicatistampa.unime.it\/conferito-il-dottorato-di-ricerca-honoris-causa-in-scienze-giuridiche-al-prof-attard\/","og_site_name":"Comunicati Stampa","article_published_time":"2024-04-04T10:11:36+00:00","author":"icuzzocrea","twitter_card":"summary_large_image","twitter_misc":{"Scritto da":"icuzzocrea","Tempo di lettura stimato":"1 minuto"},"schema":{"@context":"https:\/\/schema.org","@graph":[{"@type":"Article","@id":"https:\/\/comunicatistampa.unime.it\/conferito-il-dottorato-di-ricerca-honoris-causa-in-scienze-giuridiche-al-prof-attard\/#article","isPartOf":{"@id":"https:\/\/comunicatistampa.unime.it\/conferito-il-dottorato-di-ricerca-honoris-causa-in-scienze-giuridiche-al-prof-attard\/"},"author":{"name":"icuzzocrea","@id":"https:\/\/portale2.unime.it\/comunicatistampa\/#\/schema\/person\/be8b1ddf505b523f68b02f4a26b0f3d4"},"headline":"Conferito il Dottorato di Ricerca Honoris causa in Scienze giuridiche al prof. Attard","datePublished":"2024-04-04T10:11:36+00:00","mainEntityOfPage":{"@id":"https:\/\/comunicatistampa.unime.it\/conferito-il-dottorato-di-ricerca-honoris-causa-in-scienze-giuridiche-al-prof-attard\/"},"wordCount":285,"publisher":{"@id":"https:\/\/portale2.unime.it\/comunicatistampa\/#organization"},"articleSection":["Comunicati Stampa Universit\u00e0 di Messina"],"inLanguage":"it-IT"},{"@type":"WebPage","@id":"https:\/\/comunicatistampa.unime.it\/conferito-il-dottorato-di-ricerca-honoris-causa-in-scienze-giuridiche-al-prof-attard\/","url":"https:\/\/comunicatistampa.unime.it\/conferito-il-dottorato-di-ricerca-honoris-causa-in-scienze-giuridiche-al-prof-attard\/","name":"Conferito il Dottorato di Ricerca Honoris causa in Scienze giuridiche al prof. Attard - Comunicati Stampa","isPartOf":{"@id":"https:\/\/portale2.unime.it\/comunicatistampa\/#website"},"datePublished":"2024-04-04T10:11:36+00:00","breadcrumb":{"@id":"https:\/\/comunicatistampa.unime.it\/conferito-il-dottorato-di-ricerca-honoris-causa-in-scienze-giuridiche-al-prof-attard\/#breadcrumb"},"inLanguage":"it-IT","potentialAction":[{"@type":"ReadAction","target":["https:\/\/comunicatistampa.unime.it\/conferito-il-dottorato-di-ricerca-honoris-causa-in-scienze-giuridiche-al-prof-attard\/"]}]},{"@type":"BreadcrumbList","@id":"https:\/\/comunicatistampa.unime.it\/conferito-il-dottorato-di-ricerca-honoris-causa-in-scienze-giuridiche-al-prof-attard\/#breadcrumb","itemListElement":[{"@type":"ListItem","position":1,"name":"Home","item":"https:\/\/portale2.unime.it\/comunicatistampa\/"},{"@type":"ListItem","position":2,"name":"Conferito il Dottorato di Ricerca Honoris causa in Scienze giuridiche al prof. Attard"}]},{"@type":"WebSite","@id":"https:\/\/portale2.unime.it\/comunicatistampa\/#website","url":"https:\/\/portale2.unime.it\/comunicatistampa\/","name":"Comunicati Stampa","description":"","publisher":{"@id":"https:\/\/portale2.unime.it\/comunicatistampa\/#organization"},"alternateName":"https:\/\/comunicatistampa.unime.it\/","potentialAction":[{"@type":"SearchAction","target":{"@type":"EntryPoint","urlTemplate":"https:\/\/portale2.unime.it\/comunicatistampa\/?s={search_term_string}"},"query-input":{"@type":"PropertyValueSpecification","valueRequired":true,"valueName":"search_term_string"}}],"inLanguage":"it-IT"},{"@type":"Organization","@id":"https:\/\/portale2.unime.it\/comunicatistampa\/#organization","name":"Comunicati Stampa","url":"https:\/\/portale2.unime.it\/comunicatistampa\/","logo":{"@type":"ImageObject","inLanguage":"it-IT","@id":"https:\/\/portale2.unime.it\/comunicatistampa\/#\/schema\/logo\/image\/","url":"https:\/\/portale2.unime.it\/comunicatistampa\/wp-content\/uploads\/sites\/51\/2024\/07\/COMUNICATI-STAMPA-2.png","contentUrl":"https:\/\/portale2.unime.it\/comunicatistampa\/wp-content\/uploads\/sites\/51\/2024\/07\/COMUNICATI-STAMPA-2.png","width":1000,"height":346,"caption":"Comunicati Stampa"},"image":{"@id":"https:\/\/portale2.unime.it\/comunicatistampa\/#\/schema\/logo\/image\/"}},{"@type":"Person","@id":"https:\/\/portale2.unime.it\/comunicatistampa\/#\/schema\/person\/be8b1ddf505b523f68b02f4a26b0f3d4","name":"icuzzocrea","image":{"@type":"ImageObject","inLanguage":"it-IT","@id":"https:\/\/secure.gravatar.com\/avatar\/879fe5c205749c6e9b1bfbb7b150a06c8a1ef5c12f6c01c49d35d60b2627b0d3?s=96&d=mm&r=g","url":"https:\/\/secure.gravatar.com\/avatar\/879fe5c205749c6e9b1bfbb7b150a06c8a1ef5c12f6c01c49d35d60b2627b0d3?s=96&d=mm&r=g","contentUrl":"https:\/\/secure.gravatar.com\/avatar\/879fe5c205749c6e9b1bfbb7b150a06c8a1ef5c12f6c01c49d35d60b2627b0d3?s=96&d=mm&r=g","caption":"icuzzocrea"},"url":"https:\/\/portale2.unime.it\/comunicatistampa\/author\/icuzzocrea\/"}]}},"acf":[],"_links":{"self":[{"href":"https:\/\/portale2.unime.it\/comunicatistampa\/wp-json\/wp\/v2\/posts\/16218","targetHints":{"allow":["GET"]}}],"collection":[{"href":"https:\/\/portale2.unime.it\/comunicatistampa\/wp-json\/wp\/v2\/posts"}],"about":[{"href":"https:\/\/portale2.unime.it\/comunicatistampa\/wp-json\/wp\/v2\/types\/post"}],"author":[{"embeddable":true,"href":"https:\/\/portale2.unime.it\/comunicatistampa\/wp-json\/wp\/v2\/users\/61"}],"replies":[{"embeddable":true,"href":"https:\/\/portale2.unime.it\/comunicatistampa\/wp-json\/wp\/v2\/comments?post=16218"}],"version-history":[{"count":0,"href":"https:\/\/portale2.unime.it\/comunicatistampa\/wp-json\/wp\/v2\/posts\/16218\/revisions"}],"wp:attachment":[{"href":"https:\/\/portale2.unime.it\/comunicatistampa\/wp-json\/wp\/v2\/media?parent=16218"}],"wp:term":[{"taxonomy":"category","embeddable":true,"href":"https:\/\/portale2.unime.it\/comunicatistampa\/wp-json\/wp\/v2\/categories?post=16218"},{"taxonomy":"post_tag","embeddable":true,"href":"https:\/\/portale2.unime.it\/comunicatistampa\/wp-json\/wp\/v2\/tags?post=16218"}],"curies":[{"name":"wp","href":"https:\/\/api.w.org\/{rel}","templated":true}]}}