{"id":20617,"date":"2024-11-26T08:30:03","date_gmt":"2024-11-26T07:30:03","guid":{"rendered":"https:\/\/portale2.unime.it\/comunicatistampa\/?p=20617"},"modified":"2024-11-26T11:59:07","modified_gmt":"2024-11-26T10:59:07","slug":"intitolazione-del-chiostro-di-palazzo-mariani-al-dott-ferluga","status":"publish","type":"post","link":"https:\/\/portale2.unime.it\/comunicatistampa\/intitolazione-del-chiostro-di-palazzo-mariani-al-dott-ferluga\/","title":{"rendered":"Intitolazione del Chiostro di Palazzo Mariani al dott. Ferluga"},"content":{"rendered":"<p style=\"text-align: justify\">Venerd\u00ec 29 novembre, alle ore 12, alla presenza della Rettrice, prof.ssa Giovanna Spatari, si svolger\u00e0 la Cerimonia di Intitolazione del Chiostro di Palazzo Mariani al dott. Vincenzo Ferluga, gi\u00e0 Direttore amministrativo dell\u2019Ateneo Peloritano, scomparso nel 2018.<!--more--><\/p>\n<p style=\"text-align: justify\">Il dott. Ferluga, prima di ricoprire l\u2019incarico di Direttore amministrativo era stato Segretario Generale dell\u2019AOU \u201cG. Martino\u201c , dal 1990, \u00a0Primo Dirigente e successivamente Dirigente superiore. Durante la sua lunga attivit\u00e0 lavorativa si \u00e8 sempre contraddistinto per le sue capacit\u00e0 professionali e umane apprezzate all&#8217;interno dell\u2019Istituzione Universitaria.<\/p>\n","protected":false},"excerpt":{"rendered":"<p>Venerd\u00ec 29 novembre, alle ore 12, alla presenza della Rettrice, prof.ssa Giovanna Spatari, si svolger\u00e0 la Cerimonia di Intitolazione del Chiostro di Palazzo Mariani al dott. Vincenzo Ferluga, gi\u00e0 Direttore amministrativo dell\u2019Ateneo Peloritano, scomparso nel 2018.<\/p>\n","protected":false},"author":60,"featured_media":0,"comment_status":"closed","ping_status":"open","sticky":false,"template":"","format":"standard","meta":{"_acf_changed":false,"footnotes":""},"categories":[3],"tags":[4493,4492,2159],"class_list":["post-20617","post","type-post","status-publish","format-standard","hentry","category-comunicati","tag-chiostro","tag-dott-ferluga","tag-intitolazione","entry"],"yoast_head":"<!-- This site is optimized with the Yoast SEO plugin v27.4 - https:\/\/yoast.com\/product\/yoast-seo-wordpress\/ -->\n<title>Intitolazione del Chiostro di Palazzo Mariani al dott. Ferluga - Comunicati Stampa<\/title>\n<meta name=\"robots\" content=\"index, follow, max-snippet:-1, max-image-preview:large, max-video-preview:-1\" \/>\n<link rel=\"canonical\" href=\"https:\/\/portale2.unime.it\/comunicatistampa\/intitolazione-del-chiostro-di-palazzo-mariani-al-dott-ferluga\/\" \/>\n<meta property=\"og:locale\" content=\"it_IT\" \/>\n<meta property=\"og:type\" content=\"article\" \/>\n<meta property=\"og:title\" content=\"Intitolazione del Chiostro di Palazzo Mariani al dott. Ferluga - Comunicati Stampa\" \/>\n<meta property=\"og:description\" content=\"Venerd\u00ec 29 novembre, alle ore 12, alla presenza della Rettrice, prof.ssa Giovanna Spatari, si svolger\u00e0 la Cerimonia di Intitolazione del Chiostro di Palazzo Mariani al dott. Vincenzo Ferluga, gi\u00e0 Direttore amministrativo dell\u2019Ateneo Peloritano, scomparso nel 2018.\" \/>\n<meta property=\"og:url\" content=\"https:\/\/portale2.unime.it\/comunicatistampa\/intitolazione-del-chiostro-di-palazzo-mariani-al-dott-ferluga\/\" \/>\n<meta property=\"og:site_name\" content=\"Comunicati Stampa\" \/>\n<meta property=\"article:published_time\" content=\"2024-11-26T07:30:03+00:00\" \/>\n<meta property=\"article:modified_time\" content=\"2024-11-26T10:59:07+00:00\" \/>\n<meta name=\"author\" content=\"astramandino\" \/>\n<meta name=\"twitter:card\" content=\"summary_large_image\" \/>\n<meta name=\"twitter:label1\" content=\"Scritto da\" \/>\n\t<meta name=\"twitter:data1\" content=\"astramandino\" \/>\n\t<meta name=\"twitter:label2\" content=\"Tempo di lettura stimato\" \/>\n\t<meta name=\"twitter:data2\" content=\"1 minuto\" \/>\n<script type=\"application\/ld+json\" class=\"yoast-schema-graph\">{\"@context\":\"https:\\\/\\\/schema.org\",\"@graph\":[{\"@type\":\"Article\",\"@id\":\"https:\\\/\\\/portale2.unime.it\\\/comunicatistampa\\\/intitolazione-del-chiostro-di-palazzo-mariani-al-dott-ferluga\\\/#article\",\"isPartOf\":{\"@id\":\"https:\\\/\\\/portale2.unime.it\\\/comunicatistampa\\\/intitolazione-del-chiostro-di-palazzo-mariani-al-dott-ferluga\\\/\"},\"author\":{\"name\":\"astramandino\",\"@id\":\"https:\\\/\\\/portale2.unime.it\\\/comunicatistampa\\\/#\\\/schema\\\/person\\\/ece3ce92132d3b80b89603a7e93eda7f\"},\"headline\":\"Intitolazione del Chiostro di Palazzo Mariani al dott. Ferluga\",\"datePublished\":\"2024-11-26T07:30:03+00:00\",\"dateModified\":\"2024-11-26T10:59:07+00:00\",\"mainEntityOfPage\":{\"@id\":\"https:\\\/\\\/portale2.unime.it\\\/comunicatistampa\\\/intitolazione-del-chiostro-di-palazzo-mariani-al-dott-ferluga\\\/\"},\"wordCount\":92,\"publisher\":{\"@id\":\"https:\\\/\\\/portale2.unime.it\\\/comunicatistampa\\\/#organization\"},\"keywords\":[\"chiostro\",\"dott. Ferluga\",\"intitolazione\"],\"articleSection\":[\"Comunicati Stampa Universit\u00e0 di Messina\"],\"inLanguage\":\"it-IT\"},{\"@type\":\"WebPage\",\"@id\":\"https:\\\/\\\/portale2.unime.it\\\/comunicatistampa\\\/intitolazione-del-chiostro-di-palazzo-mariani-al-dott-ferluga\\\/\",\"url\":\"https:\\\/\\\/portale2.unime.it\\\/comunicatistampa\\\/intitolazione-del-chiostro-di-palazzo-mariani-al-dott-ferluga\\\/\",\"name\":\"Intitolazione del Chiostro di Palazzo Mariani al dott. Ferluga - Comunicati Stampa\",\"isPartOf\":{\"@id\":\"https:\\\/\\\/portale2.unime.it\\\/comunicatistampa\\\/#website\"},\"datePublished\":\"2024-11-26T07:30:03+00:00\",\"dateModified\":\"2024-11-26T10:59:07+00:00\",\"breadcrumb\":{\"@id\":\"https:\\\/\\\/portale2.unime.it\\\/comunicatistampa\\\/intitolazione-del-chiostro-di-palazzo-mariani-al-dott-ferluga\\\/#breadcrumb\"},\"inLanguage\":\"it-IT\",\"potentialAction\":[{\"@type\":\"ReadAction\",\"target\":[\"https:\\\/\\\/portale2.unime.it\\\/comunicatistampa\\\/intitolazione-del-chiostro-di-palazzo-mariani-al-dott-ferluga\\\/\"]}]},{\"@type\":\"BreadcrumbList\",\"@id\":\"https:\\\/\\\/portale2.unime.it\\\/comunicatistampa\\\/intitolazione-del-chiostro-di-palazzo-mariani-al-dott-ferluga\\\/#breadcrumb\",\"itemListElement\":[{\"@type\":\"ListItem\",\"position\":1,\"name\":\"Home\",\"item\":\"https:\\\/\\\/portale2.unime.it\\\/comunicatistampa\\\/\"},{\"@type\":\"ListItem\",\"position\":2,\"name\":\"Intitolazione del Chiostro di Palazzo Mariani al dott. Ferluga\"}]},{\"@type\":\"WebSite\",\"@id\":\"https:\\\/\\\/portale2.unime.it\\\/comunicatistampa\\\/#website\",\"url\":\"https:\\\/\\\/portale2.unime.it\\\/comunicatistampa\\\/\",\"name\":\"Comunicati Stampa\",\"description\":\"\",\"publisher\":{\"@id\":\"https:\\\/\\\/portale2.unime.it\\\/comunicatistampa\\\/#organization\"},\"alternateName\":\"https:\\\/\\\/comunicatistampa.unime.it\\\/\",\"potentialAction\":[{\"@type\":\"SearchAction\",\"target\":{\"@type\":\"EntryPoint\",\"urlTemplate\":\"https:\\\/\\\/portale2.unime.it\\\/comunicatistampa\\\/?s={search_term_string}\"},\"query-input\":{\"@type\":\"PropertyValueSpecification\",\"valueRequired\":true,\"valueName\":\"search_term_string\"}}],\"inLanguage\":\"it-IT\"},{\"@type\":\"Organization\",\"@id\":\"https:\\\/\\\/portale2.unime.it\\\/comunicatistampa\\\/#organization\",\"name\":\"Comunicati Stampa\",\"url\":\"https:\\\/\\\/portale2.unime.it\\\/comunicatistampa\\\/\",\"logo\":{\"@type\":\"ImageObject\",\"inLanguage\":\"it-IT\",\"@id\":\"https:\\\/\\\/portale2.unime.it\\\/comunicatistampa\\\/#\\\/schema\\\/logo\\\/image\\\/\",\"url\":\"https:\\\/\\\/portale2.unime.it\\\/comunicatistampa\\\/wp-content\\\/uploads\\\/sites\\\/51\\\/2024\\\/07\\\/COMUNICATI-STAMPA-2.png\",\"contentUrl\":\"https:\\\/\\\/portale2.unime.it\\\/comunicatistampa\\\/wp-content\\\/uploads\\\/sites\\\/51\\\/2024\\\/07\\\/COMUNICATI-STAMPA-2.png\",\"width\":1000,\"height\":346,\"caption\":\"Comunicati Stampa\"},\"image\":{\"@id\":\"https:\\\/\\\/portale2.unime.it\\\/comunicatistampa\\\/#\\\/schema\\\/logo\\\/image\\\/\"}},{\"@type\":\"Person\",\"@id\":\"https:\\\/\\\/portale2.unime.it\\\/comunicatistampa\\\/#\\\/schema\\\/person\\\/ece3ce92132d3b80b89603a7e93eda7f\",\"name\":\"astramandino\",\"image\":{\"@type\":\"ImageObject\",\"inLanguage\":\"it-IT\",\"@id\":\"https:\\\/\\\/secure.gravatar.com\\\/avatar\\\/350a04f01afddd3a9f6e057c2d618be834d7ca1192086cfd02adaba43a0e0575?s=96&d=mm&r=g\",\"url\":\"https:\\\/\\\/secure.gravatar.com\\\/avatar\\\/350a04f01afddd3a9f6e057c2d618be834d7ca1192086cfd02adaba43a0e0575?s=96&d=mm&r=g\",\"contentUrl\":\"https:\\\/\\\/secure.gravatar.com\\\/avatar\\\/350a04f01afddd3a9f6e057c2d618be834d7ca1192086cfd02adaba43a0e0575?s=96&d=mm&r=g\",\"caption\":\"astramandino\"},\"url\":\"https:\\\/\\\/portale2.unime.it\\\/comunicatistampa\\\/author\\\/astramandino\\\/\"}]}<\/script>\n<!-- \/ Yoast SEO plugin. -->","yoast_head_json":{"title":"Intitolazione del Chiostro di Palazzo Mariani al dott. Ferluga - Comunicati Stampa","robots":{"index":"index","follow":"follow","max-snippet":"max-snippet:-1","max-image-preview":"max-image-preview:large","max-video-preview":"max-video-preview:-1"},"canonical":"https:\/\/portale2.unime.it\/comunicatistampa\/intitolazione-del-chiostro-di-palazzo-mariani-al-dott-ferluga\/","og_locale":"it_IT","og_type":"article","og_title":"Intitolazione del Chiostro di Palazzo Mariani al dott. Ferluga - Comunicati Stampa","og_description":"Venerd\u00ec 29 novembre, alle ore 12, alla presenza della Rettrice, prof.ssa Giovanna Spatari, si svolger\u00e0 la Cerimonia di Intitolazione del Chiostro di Palazzo Mariani al dott. Vincenzo Ferluga, gi\u00e0 Direttore amministrativo dell\u2019Ateneo Peloritano, scomparso nel 2018.","og_url":"https:\/\/portale2.unime.it\/comunicatistampa\/intitolazione-del-chiostro-di-palazzo-mariani-al-dott-ferluga\/","og_site_name":"Comunicati Stampa","article_published_time":"2024-11-26T07:30:03+00:00","article_modified_time":"2024-11-26T10:59:07+00:00","author":"astramandino","twitter_card":"summary_large_image","twitter_misc":{"Scritto da":"astramandino","Tempo di lettura stimato":"1 minuto"},"schema":{"@context":"https:\/\/schema.org","@graph":[{"@type":"Article","@id":"https:\/\/portale2.unime.it\/comunicatistampa\/intitolazione-del-chiostro-di-palazzo-mariani-al-dott-ferluga\/#article","isPartOf":{"@id":"https:\/\/portale2.unime.it\/comunicatistampa\/intitolazione-del-chiostro-di-palazzo-mariani-al-dott-ferluga\/"},"author":{"name":"astramandino","@id":"https:\/\/portale2.unime.it\/comunicatistampa\/#\/schema\/person\/ece3ce92132d3b80b89603a7e93eda7f"},"headline":"Intitolazione del Chiostro di Palazzo Mariani al dott. Ferluga","datePublished":"2024-11-26T07:30:03+00:00","dateModified":"2024-11-26T10:59:07+00:00","mainEntityOfPage":{"@id":"https:\/\/portale2.unime.it\/comunicatistampa\/intitolazione-del-chiostro-di-palazzo-mariani-al-dott-ferluga\/"},"wordCount":92,"publisher":{"@id":"https:\/\/portale2.unime.it\/comunicatistampa\/#organization"},"keywords":["chiostro","dott. Ferluga","intitolazione"],"articleSection":["Comunicati Stampa Universit\u00e0 di Messina"],"inLanguage":"it-IT"},{"@type":"WebPage","@id":"https:\/\/portale2.unime.it\/comunicatistampa\/intitolazione-del-chiostro-di-palazzo-mariani-al-dott-ferluga\/","url":"https:\/\/portale2.unime.it\/comunicatistampa\/intitolazione-del-chiostro-di-palazzo-mariani-al-dott-ferluga\/","name":"Intitolazione del Chiostro di Palazzo Mariani al dott. Ferluga - Comunicati Stampa","isPartOf":{"@id":"https:\/\/portale2.unime.it\/comunicatistampa\/#website"},"datePublished":"2024-11-26T07:30:03+00:00","dateModified":"2024-11-26T10:59:07+00:00","breadcrumb":{"@id":"https:\/\/portale2.unime.it\/comunicatistampa\/intitolazione-del-chiostro-di-palazzo-mariani-al-dott-ferluga\/#breadcrumb"},"inLanguage":"it-IT","potentialAction":[{"@type":"ReadAction","target":["https:\/\/portale2.unime.it\/comunicatistampa\/intitolazione-del-chiostro-di-palazzo-mariani-al-dott-ferluga\/"]}]},{"@type":"BreadcrumbList","@id":"https:\/\/portale2.unime.it\/comunicatistampa\/intitolazione-del-chiostro-di-palazzo-mariani-al-dott-ferluga\/#breadcrumb","itemListElement":[{"@type":"ListItem","position":1,"name":"Home","item":"https:\/\/portale2.unime.it\/comunicatistampa\/"},{"@type":"ListItem","position":2,"name":"Intitolazione del Chiostro di Palazzo Mariani al dott. Ferluga"}]},{"@type":"WebSite","@id":"https:\/\/portale2.unime.it\/comunicatistampa\/#website","url":"https:\/\/portale2.unime.it\/comunicatistampa\/","name":"Comunicati Stampa","description":"","publisher":{"@id":"https:\/\/portale2.unime.it\/comunicatistampa\/#organization"},"alternateName":"https:\/\/comunicatistampa.unime.it\/","potentialAction":[{"@type":"SearchAction","target":{"@type":"EntryPoint","urlTemplate":"https:\/\/portale2.unime.it\/comunicatistampa\/?s={search_term_string}"},"query-input":{"@type":"PropertyValueSpecification","valueRequired":true,"valueName":"search_term_string"}}],"inLanguage":"it-IT"},{"@type":"Organization","@id":"https:\/\/portale2.unime.it\/comunicatistampa\/#organization","name":"Comunicati Stampa","url":"https:\/\/portale2.unime.it\/comunicatistampa\/","logo":{"@type":"ImageObject","inLanguage":"it-IT","@id":"https:\/\/portale2.unime.it\/comunicatistampa\/#\/schema\/logo\/image\/","url":"https:\/\/portale2.unime.it\/comunicatistampa\/wp-content\/uploads\/sites\/51\/2024\/07\/COMUNICATI-STAMPA-2.png","contentUrl":"https:\/\/portale2.unime.it\/comunicatistampa\/wp-content\/uploads\/sites\/51\/2024\/07\/COMUNICATI-STAMPA-2.png","width":1000,"height":346,"caption":"Comunicati Stampa"},"image":{"@id":"https:\/\/portale2.unime.it\/comunicatistampa\/#\/schema\/logo\/image\/"}},{"@type":"Person","@id":"https:\/\/portale2.unime.it\/comunicatistampa\/#\/schema\/person\/ece3ce92132d3b80b89603a7e93eda7f","name":"astramandino","image":{"@type":"ImageObject","inLanguage":"it-IT","@id":"https:\/\/secure.gravatar.com\/avatar\/350a04f01afddd3a9f6e057c2d618be834d7ca1192086cfd02adaba43a0e0575?s=96&d=mm&r=g","url":"https:\/\/secure.gravatar.com\/avatar\/350a04f01afddd3a9f6e057c2d618be834d7ca1192086cfd02adaba43a0e0575?s=96&d=mm&r=g","contentUrl":"https:\/\/secure.gravatar.com\/avatar\/350a04f01afddd3a9f6e057c2d618be834d7ca1192086cfd02adaba43a0e0575?s=96&d=mm&r=g","caption":"astramandino"},"url":"https:\/\/portale2.unime.it\/comunicatistampa\/author\/astramandino\/"}]}},"acf":[],"_links":{"self":[{"href":"https:\/\/portale2.unime.it\/comunicatistampa\/wp-json\/wp\/v2\/posts\/20617","targetHints":{"allow":["GET"]}}],"collection":[{"href":"https:\/\/portale2.unime.it\/comunicatistampa\/wp-json\/wp\/v2\/posts"}],"about":[{"href":"https:\/\/portale2.unime.it\/comunicatistampa\/wp-json\/wp\/v2\/types\/post"}],"author":[{"embeddable":true,"href":"https:\/\/portale2.unime.it\/comunicatistampa\/wp-json\/wp\/v2\/users\/60"}],"replies":[{"embeddable":true,"href":"https:\/\/portale2.unime.it\/comunicatistampa\/wp-json\/wp\/v2\/comments?post=20617"}],"version-history":[{"count":2,"href":"https:\/\/portale2.unime.it\/comunicatistampa\/wp-json\/wp\/v2\/posts\/20617\/revisions"}],"predecessor-version":[{"id":20619,"href":"https:\/\/portale2.unime.it\/comunicatistampa\/wp-json\/wp\/v2\/posts\/20617\/revisions\/20619"}],"wp:attachment":[{"href":"https:\/\/portale2.unime.it\/comunicatistampa\/wp-json\/wp\/v2\/media?parent=20617"}],"wp:term":[{"taxonomy":"category","embeddable":true,"href":"https:\/\/portale2.unime.it\/comunicatistampa\/wp-json\/wp\/v2\/categories?post=20617"},{"taxonomy":"post_tag","embeddable":true,"href":"https:\/\/portale2.unime.it\/comunicatistampa\/wp-json\/wp\/v2\/tags?post=20617"}],"curies":[{"name":"wp","href":"https:\/\/api.w.org\/{rel}","templated":true}]}}