{"id":2097,"date":"2013-04-16T12:34:14","date_gmt":"2013-04-16T11:34:14","guid":{"rendered":"http:\/\/portale.unime.it\/comunicatistampa\/?p=2097"},"modified":"2013-04-16T12:34:14","modified_gmt":"2013-04-16T11:34:14","slug":"capacita-di-lettura-passione-innamoramento-qualita-indispensabili-del-giornalista-di-oggi","status":"publish","type":"post","link":"https:\/\/portale2.unime.it\/comunicatistampa\/capacita-di-lettura-passione-innamoramento-qualita-indispensabili-del-giornalista-di-oggi\/","title":{"rendered":"CAPACITA\u2019 DI LETTURA, PASSIONE, INNAMORAMENTO  QUALITA\u2019 INDISPENSABILI DEL GIORNALISTA DI OGGI"},"content":{"rendered":"<p style=\"text-align: justify\">\u201cTra la prima pagina del primo numero del Corriere della Sera del 5 marzo 1876 e quella in edicola oggi\u00a0 c\u2019\u00e8 un unico e comune di punto di partenza, una matita ed un foglio bianco, che indicano allora come oggi gli stessi strumenti di lavoro del giornalista che si accinge a preparare il menab\u00f2 del giornale che sar\u00e0 poi stampato e distribuito nelle edicole\u201d.\u00a0<!--more--><\/p>\n<p style=\"text-align: justify\">Questo uno dei pi\u00f9 importanti passaggi dell\u2019intervento sul tema \u201cDalla terza pagina alla cultura digitale:perch\u00e9 vincer\u00e0 chi sa leggere\u201d che Antonio Troiano, giornalista professionista, responsabile della Redazione Cultura del pi\u00f9 importante quotidiano italiano, il \u201cCorriere della Sera\u201d ed al contempo responsabile del supplemento domenicale \u201cLa Lettura\u201d, ha svolto stamani, nell\u2019ambito del ciclo di seminari sul giornalismo \u201cL\u2019informazione, dall\u2019analogico al digitale\u201d, coordinati dal prof. Francesco Pira, docente di Comunicazione pubblica e gestione degli Uffici Stampa nel Dipartimento di Civilt\u00e0 Antiche e Moderne dell\u2019Ateneo peloritano.\u00a0<!--more--><!--more--><\/p>\n<p style=\"text-align: justify\">Troiano ha esordito facendo un excursus sugli inizi della sua carriera giornalistica: \u201cSono al Corriere della Sera da 25 anni &#8211; ha detto rivolto ai numerosi studenti che hanno preso parte al seminario, svoltosi nella ristrutturata sala dell\u2019Accademia Peloritana dei Pericolanti (la seconda accademia d\u2019Italia\u201d, come ha precisato il Rettore Tomasello nel corso del suo intervento ) &#8211; ma ho iniziato il mio lavoro di giornalista alla Gazzetta del Popolo di Torino, poi sono stato tre anni negli Usa e successivamente, nel periodo di direzione di Ugo Stille, che per anni \u00e8 stato corrispondente da New York, sono stato chiamato al Corriere, dove mi sono occupato di cronaca nera e giudiziaria, prima di essere\u00a0 finalmente chiamato a lavorare per la Terza Pagina che pure da giovane non \u00e8 che mi interessasse molto, visto che mi sarebbe piaciuto occuparmi di sport, ma non mi hanno mai fatto scrivere niente al riguardo\u201d.\u00a0<!--more--><\/p>\n<p style=\"text-align: justify\">Troiano ha parlato dei giornalisti oggi, affermando che per fare bene questo lavoro bisogna essere appassionati, avere interesse e dimostrare anche un vero e proprio innamoramento \u201cper il mestiere\u201d, ma soprattutto non dimenticare mai di essere al servizio dei lettori, tenendo contro che il mondo del giornalismo \u00e8 imperfetto, e come tale alla passione non sempre corrisponde il riconoscimento del merito. \u201cNon \u00e8 vero &#8211; ha sottolineato Troiano &#8211; che il mondo del giornalismo di oggi \u00e8 pi\u00f9 difficile rispetto al passato, \u00e8 vero invece che il percorso \u00e8 diventato molto pi\u00f9 complicato per la grande \u201coverdose\u201d di notizie che prendono d\u2019assalto il lettore, che deve sapere selezionare quelle da ricordare e quelle da cestinare, il che non \u00e8 affatto facile \u201c. Il giornalista ha poi ricordato di avere\u00a0 lavorato con personaggi illustri come Giulio Nascimbeni e Gillo D\u2019Orfles (quest\u2019ultimo recentemente ha compiuto 103 anni), che la Terza pagina del Corriere era un mondo granitico riservato solo ai grandi scrittori, premi Nobel e scienziati di chiara fama, e\u00a0 che tale situazione \u00e8 rimasta inalterata per quasi 100 anni. \u201cOggi &#8211; ha puntualizzato Troiano &#8211;\u00a0 tutto \u00e8 cambiato, perch\u00e8 in tutti i giornali\u00a0 la cultura ha chiesto ed\u00a0 ottenuto maggiore spazio e sono stati ammessi giornalisti e autori che avessero idee nuove da proporre ai lettori, ma non crediate che tutto sia andato liscio perch\u00e9 tanti non erano d\u2019accordo ad ampliare gli spazi, sia tra noi giornalisti sia tra i lettori\u201d. <!--more--><br \/>\nTroiano infine ha parlato dell\u2019ultima \u201cfatica\u201d letteraria della quale si sta occupando, \u201cLa Lettura\u201d supplemento domenicale del Corsera, fortemente voluto dal direttore Ferruccio de Bortoli, che\u00a0 ne ha affidato a lui la responsabilit\u00e0, un\u2019iniziativa editoriale vincente nata nel 2011, che la domenica ha portato un\u2019incremento nella vendita di circa 28 mila copie.<br \/>\nAl seminario hanno preso parte\u00a0 il Rettore, prof. Francesco Tomasello, il\u00a0 prof. Francesco Pira, delegato rettorale alla Comunicazione e la prof. Marianna Gensabella,\u00a0 coordinatrice del Corso di laurea triennale in Scienze dell\u2019Informazione, comunicazione pubblica e tecniche giornalistiche. Gioved\u00ec 18 aprile, sempre nella Sala dell\u2019Accademia Peloritana (10,30) il secondo seminario su \u201cL\u2019organizzazione\u00a0 di un grande quotidiano nell\u2019era del giornalismo digitale , con Antonio Morra, responsabile della Segreteria di Direzione del Corriere della Sera.<\/p>\n","protected":false},"excerpt":{"rendered":"<p>\u201cTra la prima pagina del primo numero del Corriere della Sera del 5 marzo 1876 e quella in edicola oggi\u00a0 c\u2019\u00e8 un unico e comune di punto di partenza, una matita ed un foglio bianco, che indicano allora come oggi gli stessi strumenti di lavoro del giornalista che si accinge a preparare il menab\u00f2 del&hellip; <a class=\"more-link\" href=\"https:\/\/portale2.unime.it\/comunicatistampa\/capacita-di-lettura-passione-innamoramento-qualita-indispensabili-del-giornalista-di-oggi\/\">Continua a leggere <span class=\"screen-reader-text\">CAPACITA\u2019 DI LETTURA, PASSIONE, INNAMORAMENTO  QUALITA\u2019 INDISPENSABILI DEL GIORNALISTA DI OGGI<\/span><\/a><\/p>\n","protected":false},"author":1,"featured_media":0,"comment_status":"closed","ping_status":"open","sticky":false,"template":"","format":"standard","meta":{"_acf_changed":false,"footnotes":""},"categories":[2,3],"tags":[291,1079,1786,2236,4280],"class_list":["post-2097","post","type-post","status-publish","format-standard","hentry","category-comunicati-archiviati","category-comunicati","tag-antonio-troiano","tag-corriere-della-sera","tag-francesco-pira","tag-la-lettura","tag-universita-di-messina","entry"],"yoast_head":"<!-- This site is optimized with the Yoast SEO plugin v27.4 - https:\/\/yoast.com\/product\/yoast-seo-wordpress\/ -->\n<title>CAPACITA\u2019 DI LETTURA, PASSIONE, INNAMORAMENTO QUALITA\u2019 INDISPENSABILI DEL GIORNALISTA DI OGGI - Comunicati Stampa<\/title>\n<meta name=\"robots\" content=\"index, follow, max-snippet:-1, max-image-preview:large, max-video-preview:-1\" \/>\n<link rel=\"canonical\" href=\"https:\/\/comunicatistampa.unime.it\/capacita-di-lettura-passione-innamoramento-qualita-indispensabili-del-giornalista-di-oggi\/\" \/>\n<meta property=\"og:locale\" content=\"it_IT\" \/>\n<meta property=\"og:type\" content=\"article\" \/>\n<meta property=\"og:title\" content=\"CAPACITA\u2019 DI LETTURA, PASSIONE, INNAMORAMENTO QUALITA\u2019 INDISPENSABILI DEL GIORNALISTA DI OGGI - Comunicati Stampa\" \/>\n<meta property=\"og:description\" content=\"\u201cTra la prima pagina del primo numero del Corriere della Sera del 5 marzo 1876 e quella in edicola oggi\u00a0 c\u2019\u00e8 un unico e comune di punto di partenza, una matita ed un foglio bianco, che indicano allora come oggi gli stessi strumenti di lavoro del giornalista che si accinge a preparare il menab\u00f2 del&hellip; Continua a leggere CAPACITA\u2019 DI LETTURA, PASSIONE, INNAMORAMENTO QUALITA\u2019 INDISPENSABILI DEL GIORNALISTA DI OGGI\" \/>\n<meta property=\"og:url\" content=\"https:\/\/comunicatistampa.unime.it\/capacita-di-lettura-passione-innamoramento-qualita-indispensabili-del-giornalista-di-oggi\/\" \/>\n<meta property=\"og:site_name\" content=\"Comunicati Stampa\" \/>\n<meta property=\"article:published_time\" content=\"2013-04-16T11:34:14+00:00\" \/>\n<meta name=\"author\" content=\"mirrera\" \/>\n<meta name=\"twitter:card\" content=\"summary_large_image\" \/>\n<meta name=\"twitter:label1\" content=\"Scritto da\" \/>\n\t<meta name=\"twitter:data1\" content=\"mirrera\" \/>\n\t<meta name=\"twitter:label2\" content=\"Tempo di lettura stimato\" \/>\n\t<meta name=\"twitter:data2\" content=\"3 minuti\" \/>\n<script type=\"application\/ld+json\" class=\"yoast-schema-graph\">{\"@context\":\"https:\\\/\\\/schema.org\",\"@graph\":[{\"@type\":\"Article\",\"@id\":\"https:\\\/\\\/comunicatistampa.unime.it\\\/capacita-di-lettura-passione-innamoramento-qualita-indispensabili-del-giornalista-di-oggi\\\/#article\",\"isPartOf\":{\"@id\":\"https:\\\/\\\/comunicatistampa.unime.it\\\/capacita-di-lettura-passione-innamoramento-qualita-indispensabili-del-giornalista-di-oggi\\\/\"},\"author\":{\"name\":\"mirrera\",\"@id\":\"https:\\\/\\\/portale2.unime.it\\\/comunicatistampa\\\/#\\\/schema\\\/person\\\/dcee53305b174b229f3ff2e6f69f1729\"},\"headline\":\"CAPACITA\u2019 DI LETTURA, PASSIONE, INNAMORAMENTO QUALITA\u2019 INDISPENSABILI DEL GIORNALISTA DI OGGI\",\"datePublished\":\"2013-04-16T11:34:14+00:00\",\"mainEntityOfPage\":{\"@id\":\"https:\\\/\\\/comunicatistampa.unime.it\\\/capacita-di-lettura-passione-innamoramento-qualita-indispensabili-del-giornalista-di-oggi\\\/\"},\"wordCount\":669,\"publisher\":{\"@id\":\"https:\\\/\\\/portale2.unime.it\\\/comunicatistampa\\\/#organization\"},\"keywords\":[\"Antonio Troiano\",\"Corriere della Sera\",\"Francesco Pira\",\"La Lettura\",\"Universit\u00e0 di Messina\"],\"articleSection\":[\"Comunicati Stampa Anni Precedenti\",\"Comunicati Stampa Universit\u00e0 di Messina\"],\"inLanguage\":\"it-IT\"},{\"@type\":\"WebPage\",\"@id\":\"https:\\\/\\\/comunicatistampa.unime.it\\\/capacita-di-lettura-passione-innamoramento-qualita-indispensabili-del-giornalista-di-oggi\\\/\",\"url\":\"https:\\\/\\\/comunicatistampa.unime.it\\\/capacita-di-lettura-passione-innamoramento-qualita-indispensabili-del-giornalista-di-oggi\\\/\",\"name\":\"CAPACITA\u2019 DI LETTURA, PASSIONE, INNAMORAMENTO QUALITA\u2019 INDISPENSABILI DEL GIORNALISTA DI OGGI - Comunicati Stampa\",\"isPartOf\":{\"@id\":\"https:\\\/\\\/portale2.unime.it\\\/comunicatistampa\\\/#website\"},\"datePublished\":\"2013-04-16T11:34:14+00:00\",\"breadcrumb\":{\"@id\":\"https:\\\/\\\/comunicatistampa.unime.it\\\/capacita-di-lettura-passione-innamoramento-qualita-indispensabili-del-giornalista-di-oggi\\\/#breadcrumb\"},\"inLanguage\":\"it-IT\",\"potentialAction\":[{\"@type\":\"ReadAction\",\"target\":[\"https:\\\/\\\/comunicatistampa.unime.it\\\/capacita-di-lettura-passione-innamoramento-qualita-indispensabili-del-giornalista-di-oggi\\\/\"]}]},{\"@type\":\"BreadcrumbList\",\"@id\":\"https:\\\/\\\/comunicatistampa.unime.it\\\/capacita-di-lettura-passione-innamoramento-qualita-indispensabili-del-giornalista-di-oggi\\\/#breadcrumb\",\"itemListElement\":[{\"@type\":\"ListItem\",\"position\":1,\"name\":\"Home\",\"item\":\"https:\\\/\\\/portale2.unime.it\\\/comunicatistampa\\\/\"},{\"@type\":\"ListItem\",\"position\":2,\"name\":\"CAPACITA\u2019 DI LETTURA, PASSIONE, INNAMORAMENTO QUALITA\u2019 INDISPENSABILI DEL GIORNALISTA DI OGGI\"}]},{\"@type\":\"WebSite\",\"@id\":\"https:\\\/\\\/portale2.unime.it\\\/comunicatistampa\\\/#website\",\"url\":\"https:\\\/\\\/portale2.unime.it\\\/comunicatistampa\\\/\",\"name\":\"Comunicati Stampa\",\"description\":\"\",\"publisher\":{\"@id\":\"https:\\\/\\\/portale2.unime.it\\\/comunicatistampa\\\/#organization\"},\"alternateName\":\"https:\\\/\\\/comunicatistampa.unime.it\\\/\",\"potentialAction\":[{\"@type\":\"SearchAction\",\"target\":{\"@type\":\"EntryPoint\",\"urlTemplate\":\"https:\\\/\\\/portale2.unime.it\\\/comunicatistampa\\\/?s={search_term_string}\"},\"query-input\":{\"@type\":\"PropertyValueSpecification\",\"valueRequired\":true,\"valueName\":\"search_term_string\"}}],\"inLanguage\":\"it-IT\"},{\"@type\":\"Organization\",\"@id\":\"https:\\\/\\\/portale2.unime.it\\\/comunicatistampa\\\/#organization\",\"name\":\"Comunicati Stampa\",\"url\":\"https:\\\/\\\/portale2.unime.it\\\/comunicatistampa\\\/\",\"logo\":{\"@type\":\"ImageObject\",\"inLanguage\":\"it-IT\",\"@id\":\"https:\\\/\\\/portale2.unime.it\\\/comunicatistampa\\\/#\\\/schema\\\/logo\\\/image\\\/\",\"url\":\"https:\\\/\\\/portale2.unime.it\\\/comunicatistampa\\\/wp-content\\\/uploads\\\/sites\\\/51\\\/2024\\\/07\\\/COMUNICATI-STAMPA-2.png\",\"contentUrl\":\"https:\\\/\\\/portale2.unime.it\\\/comunicatistampa\\\/wp-content\\\/uploads\\\/sites\\\/51\\\/2024\\\/07\\\/COMUNICATI-STAMPA-2.png\",\"width\":1000,\"height\":346,\"caption\":\"Comunicati Stampa\"},\"image\":{\"@id\":\"https:\\\/\\\/portale2.unime.it\\\/comunicatistampa\\\/#\\\/schema\\\/logo\\\/image\\\/\"}},{\"@type\":\"Person\",\"@id\":\"https:\\\/\\\/portale2.unime.it\\\/comunicatistampa\\\/#\\\/schema\\\/person\\\/dcee53305b174b229f3ff2e6f69f1729\",\"name\":\"mirrera\",\"image\":{\"@type\":\"ImageObject\",\"inLanguage\":\"it-IT\",\"@id\":\"https:\\\/\\\/secure.gravatar.com\\\/avatar\\\/5ec86af929cf4e3b3c1778678a8cff4750fcb29b69bba8352bcddad756dbb6bf?s=96&d=mm&r=g\",\"url\":\"https:\\\/\\\/secure.gravatar.com\\\/avatar\\\/5ec86af929cf4e3b3c1778678a8cff4750fcb29b69bba8352bcddad756dbb6bf?s=96&d=mm&r=g\",\"contentUrl\":\"https:\\\/\\\/secure.gravatar.com\\\/avatar\\\/5ec86af929cf4e3b3c1778678a8cff4750fcb29b69bba8352bcddad756dbb6bf?s=96&d=mm&r=g\",\"caption\":\"mirrera\"},\"sameAs\":[\"https:\\\/\\\/portale2.unime.it\"],\"url\":\"https:\\\/\\\/portale2.unime.it\\\/comunicatistampa\\\/author\\\/mirrera\\\/\"}]}<\/script>\n<!-- \/ Yoast SEO plugin. -->","yoast_head_json":{"title":"CAPACITA\u2019 DI LETTURA, PASSIONE, INNAMORAMENTO QUALITA\u2019 INDISPENSABILI DEL GIORNALISTA DI OGGI - Comunicati Stampa","robots":{"index":"index","follow":"follow","max-snippet":"max-snippet:-1","max-image-preview":"max-image-preview:large","max-video-preview":"max-video-preview:-1"},"canonical":"https:\/\/comunicatistampa.unime.it\/capacita-di-lettura-passione-innamoramento-qualita-indispensabili-del-giornalista-di-oggi\/","og_locale":"it_IT","og_type":"article","og_title":"CAPACITA\u2019 DI LETTURA, PASSIONE, INNAMORAMENTO QUALITA\u2019 INDISPENSABILI DEL GIORNALISTA DI OGGI - Comunicati Stampa","og_description":"\u201cTra la prima pagina del primo numero del Corriere della Sera del 5 marzo 1876 e quella in edicola oggi\u00a0 c\u2019\u00e8 un unico e comune di punto di partenza, una matita ed un foglio bianco, che indicano allora come oggi gli stessi strumenti di lavoro del giornalista che si accinge a preparare il menab\u00f2 del&hellip; Continua a leggere CAPACITA\u2019 DI LETTURA, PASSIONE, INNAMORAMENTO QUALITA\u2019 INDISPENSABILI DEL GIORNALISTA DI OGGI","og_url":"https:\/\/comunicatistampa.unime.it\/capacita-di-lettura-passione-innamoramento-qualita-indispensabili-del-giornalista-di-oggi\/","og_site_name":"Comunicati Stampa","article_published_time":"2013-04-16T11:34:14+00:00","author":"mirrera","twitter_card":"summary_large_image","twitter_misc":{"Scritto da":"mirrera","Tempo di lettura stimato":"3 minuti"},"schema":{"@context":"https:\/\/schema.org","@graph":[{"@type":"Article","@id":"https:\/\/comunicatistampa.unime.it\/capacita-di-lettura-passione-innamoramento-qualita-indispensabili-del-giornalista-di-oggi\/#article","isPartOf":{"@id":"https:\/\/comunicatistampa.unime.it\/capacita-di-lettura-passione-innamoramento-qualita-indispensabili-del-giornalista-di-oggi\/"},"author":{"name":"mirrera","@id":"https:\/\/portale2.unime.it\/comunicatistampa\/#\/schema\/person\/dcee53305b174b229f3ff2e6f69f1729"},"headline":"CAPACITA\u2019 DI LETTURA, PASSIONE, INNAMORAMENTO QUALITA\u2019 INDISPENSABILI DEL GIORNALISTA DI OGGI","datePublished":"2013-04-16T11:34:14+00:00","mainEntityOfPage":{"@id":"https:\/\/comunicatistampa.unime.it\/capacita-di-lettura-passione-innamoramento-qualita-indispensabili-del-giornalista-di-oggi\/"},"wordCount":669,"publisher":{"@id":"https:\/\/portale2.unime.it\/comunicatistampa\/#organization"},"keywords":["Antonio Troiano","Corriere della Sera","Francesco Pira","La Lettura","Universit\u00e0 di Messina"],"articleSection":["Comunicati Stampa Anni Precedenti","Comunicati Stampa Universit\u00e0 di Messina"],"inLanguage":"it-IT"},{"@type":"WebPage","@id":"https:\/\/comunicatistampa.unime.it\/capacita-di-lettura-passione-innamoramento-qualita-indispensabili-del-giornalista-di-oggi\/","url":"https:\/\/comunicatistampa.unime.it\/capacita-di-lettura-passione-innamoramento-qualita-indispensabili-del-giornalista-di-oggi\/","name":"CAPACITA\u2019 DI LETTURA, PASSIONE, INNAMORAMENTO QUALITA\u2019 INDISPENSABILI DEL GIORNALISTA DI OGGI - Comunicati Stampa","isPartOf":{"@id":"https:\/\/portale2.unime.it\/comunicatistampa\/#website"},"datePublished":"2013-04-16T11:34:14+00:00","breadcrumb":{"@id":"https:\/\/comunicatistampa.unime.it\/capacita-di-lettura-passione-innamoramento-qualita-indispensabili-del-giornalista-di-oggi\/#breadcrumb"},"inLanguage":"it-IT","potentialAction":[{"@type":"ReadAction","target":["https:\/\/comunicatistampa.unime.it\/capacita-di-lettura-passione-innamoramento-qualita-indispensabili-del-giornalista-di-oggi\/"]}]},{"@type":"BreadcrumbList","@id":"https:\/\/comunicatistampa.unime.it\/capacita-di-lettura-passione-innamoramento-qualita-indispensabili-del-giornalista-di-oggi\/#breadcrumb","itemListElement":[{"@type":"ListItem","position":1,"name":"Home","item":"https:\/\/portale2.unime.it\/comunicatistampa\/"},{"@type":"ListItem","position":2,"name":"CAPACITA\u2019 DI LETTURA, PASSIONE, INNAMORAMENTO QUALITA\u2019 INDISPENSABILI DEL GIORNALISTA DI OGGI"}]},{"@type":"WebSite","@id":"https:\/\/portale2.unime.it\/comunicatistampa\/#website","url":"https:\/\/portale2.unime.it\/comunicatistampa\/","name":"Comunicati Stampa","description":"","publisher":{"@id":"https:\/\/portale2.unime.it\/comunicatistampa\/#organization"},"alternateName":"https:\/\/comunicatistampa.unime.it\/","potentialAction":[{"@type":"SearchAction","target":{"@type":"EntryPoint","urlTemplate":"https:\/\/portale2.unime.it\/comunicatistampa\/?s={search_term_string}"},"query-input":{"@type":"PropertyValueSpecification","valueRequired":true,"valueName":"search_term_string"}}],"inLanguage":"it-IT"},{"@type":"Organization","@id":"https:\/\/portale2.unime.it\/comunicatistampa\/#organization","name":"Comunicati Stampa","url":"https:\/\/portale2.unime.it\/comunicatistampa\/","logo":{"@type":"ImageObject","inLanguage":"it-IT","@id":"https:\/\/portale2.unime.it\/comunicatistampa\/#\/schema\/logo\/image\/","url":"https:\/\/portale2.unime.it\/comunicatistampa\/wp-content\/uploads\/sites\/51\/2024\/07\/COMUNICATI-STAMPA-2.png","contentUrl":"https:\/\/portale2.unime.it\/comunicatistampa\/wp-content\/uploads\/sites\/51\/2024\/07\/COMUNICATI-STAMPA-2.png","width":1000,"height":346,"caption":"Comunicati Stampa"},"image":{"@id":"https:\/\/portale2.unime.it\/comunicatistampa\/#\/schema\/logo\/image\/"}},{"@type":"Person","@id":"https:\/\/portale2.unime.it\/comunicatistampa\/#\/schema\/person\/dcee53305b174b229f3ff2e6f69f1729","name":"mirrera","image":{"@type":"ImageObject","inLanguage":"it-IT","@id":"https:\/\/secure.gravatar.com\/avatar\/5ec86af929cf4e3b3c1778678a8cff4750fcb29b69bba8352bcddad756dbb6bf?s=96&d=mm&r=g","url":"https:\/\/secure.gravatar.com\/avatar\/5ec86af929cf4e3b3c1778678a8cff4750fcb29b69bba8352bcddad756dbb6bf?s=96&d=mm&r=g","contentUrl":"https:\/\/secure.gravatar.com\/avatar\/5ec86af929cf4e3b3c1778678a8cff4750fcb29b69bba8352bcddad756dbb6bf?s=96&d=mm&r=g","caption":"mirrera"},"sameAs":["https:\/\/portale2.unime.it"],"url":"https:\/\/portale2.unime.it\/comunicatistampa\/author\/mirrera\/"}]}},"acf":[],"_links":{"self":[{"href":"https:\/\/portale2.unime.it\/comunicatistampa\/wp-json\/wp\/v2\/posts\/2097","targetHints":{"allow":["GET"]}}],"collection":[{"href":"https:\/\/portale2.unime.it\/comunicatistampa\/wp-json\/wp\/v2\/posts"}],"about":[{"href":"https:\/\/portale2.unime.it\/comunicatistampa\/wp-json\/wp\/v2\/types\/post"}],"author":[{"embeddable":true,"href":"https:\/\/portale2.unime.it\/comunicatistampa\/wp-json\/wp\/v2\/users\/1"}],"replies":[{"embeddable":true,"href":"https:\/\/portale2.unime.it\/comunicatistampa\/wp-json\/wp\/v2\/comments?post=2097"}],"version-history":[{"count":0,"href":"https:\/\/portale2.unime.it\/comunicatistampa\/wp-json\/wp\/v2\/posts\/2097\/revisions"}],"wp:attachment":[{"href":"https:\/\/portale2.unime.it\/comunicatistampa\/wp-json\/wp\/v2\/media?parent=2097"}],"wp:term":[{"taxonomy":"category","embeddable":true,"href":"https:\/\/portale2.unime.it\/comunicatistampa\/wp-json\/wp\/v2\/categories?post=2097"},{"taxonomy":"post_tag","embeddable":true,"href":"https:\/\/portale2.unime.it\/comunicatistampa\/wp-json\/wp\/v2\/tags?post=2097"}],"curies":[{"name":"wp","href":"https:\/\/api.w.org\/{rel}","templated":true}]}}