{"id":21302,"date":"2026-04-30T12:28:07","date_gmt":"2026-04-30T10:28:07","guid":{"rendered":"https:\/\/portale2.unime.it\/comunicatistampa\/?p=21302"},"modified":"2026-04-30T12:31:38","modified_gmt":"2026-04-30T10:31:38","slug":"presentata-ledizione-2026-del-tedx-messina-prevista-scontistica-per-gli-studenti-unime","status":"publish","type":"post","link":"https:\/\/portale2.unime.it\/comunicatistampa\/presentata-ledizione-2026-del-tedx-messina-prevista-scontistica-per-gli-studenti-unime\/","title":{"rendered":"Presentata l&#8217;edizione 2026 del TEDx Messina, prevista scontistica per gli studenti UniMe"},"content":{"rendered":"<p class=\"x_elementToProof\" style=\"text-align: justify\">La Sala Senato dell\u2019Universit\u00e0 di Messina ha ospitato la conferenza stampa di presentazione dell\u2019edizione 2026 del TEDxMessina, \u00a0che si svolger\u00e0 sabato 16 maggio \u2013 alle ore 14:30 \u2013\u00a0presso il Polo Universitario Papardo. Erano presenti la prof.ssa Marina Trimarchi, Prorettrice alla Terza Missione e Associata di Fisica sperimentale presso il Dipartimento MIFT, il dott. Giuseppe Arrigo, Presidente dell\u2019Associazione Startup Messina e organizzatore TEDxMessina, il dott.\u00a0 Joroen Spooren, Licenziatario e organizzatore TEDxMessina.<\/p>\n<p style=\"text-align: justify\"><!--more--><\/p>\n<p class=\"x_elementToProof\" style=\"text-align: justify\">&#8220;TEDxMessina &#8211; ha detto la prof.ssa Trimarchi &#8211; \u00e8 un evento ricco e dinamico, capace di connettersi con il territorio e di farlo conoscere sotto molteplici punti di vista a docenti, relatori e giovani. \u00c8 la seconda volta che l&#8217;Ateneo collabora sinergicamente all&#8217;organizzazione di questa iniziativa che si preannuncia ispirante e coinvolgente. Ho personalmente partecipato a vari TEDx in altre citt\u00e0 e la cifra pi\u00f9 importante che lo caratterizza \u00e8 la capacit\u00e0 di riuscire a formare una comunit\u00e0 con persone differenti, per esperienza, formazione e vissuto, che si incontrano per parlare di un tema specifico&#8221;.<\/p>\n<p class=\"x_elementToProof\" style=\"text-align: justify\">&#8220;Per questa edizione, TEDxMeeina sar\u00e0 arricchita &#8211; ha detto il dott. Arrigo &#8211; dalla presenza di nove speaker, tre dei quali sono gi\u00e0 stati svelati. Si tratta del messinese Mauro Cavarra, psicoterapeuta e ricercatore, di Ella Bottom Rouge, performer di burlesque (anch&#8217;essa di origini messinesi) e di Jacopo Romei, co-founder di Scaling Tales. Siamo felici di essere ospitati per la seconda volta dall&#8217;Ateneo di Messina, che sar\u00e0 il luogo privilegiato di attivit\u00e0 suddivise in due blocchi in cui si alterneranno i vari relatori. Stiamo provando a realizzare anche delle esposizioni, come avvenuto gi\u00e0 in passato. Le somme per l&#8217;acquisto del biglietto copriranno l&#8217;organizzazione dell&#8217;evento e per gli studenti \u00e8 previsto un costo calmierato. La Sicilia \u00e8 la Regione italiana che vanta pi\u00f9 TEDx, ben sei, e l&#8217;obiettivo dell&#8217;edizione messinese 2026 \u00e8 quello di portare in citt\u00e0 un momento di contaminazione tra questo luogo e nove personalit\u00e0 che declineranno un tema, &#8216;Confini&#8217;, secondo il proprio punto di vista professionale e personale. Con l&#8217;evento TEDx rinnova il suo impegno per questo territorio e per i suoi giovani, cercando di dar vita ad un momento in cui fare comunit\u00e0 ed agire per essa&#8221;.<\/p>\n<p class=\"x_elementToProof\" style=\"text-align: justify\">Il tema dell\u2019iniziativa, ovvero,\u00a0 \u201cConfini\u201d, vuole rappresentare la linea sottile tra ci\u00f2 che siamo e ci\u00f2 che potremmo diventare, l\u2019ultimo passo prima del salto, il punto in cui qualcosa finisce e qualcos\u2019altro inizia. Dal palco del TEDxMessina ascolteremo storie di chi ha abitato questi confini, di chi li ha attraversati, di chi ha imparato a riconoscerli e rispettarli e di chi ha trovato proprio in un limite il punto da cui ripartire.<\/p>\n<p class=\"x_elementToProof\" style=\"text-align: justify\">Per partecipare al TEDxMessina \u00e8 possibile acquistare il biglietto sul sito ufficiale dell&#8217;evento; i ragazzi e le ragazze di UniMe potranno usufruire di una apposita scontistica selezionando l\u2019opzione \u201cStudenti\u201d al link<b>\u00a0<\/b><a id=\"OWAffb5d2fa-1bd3-6cd5-f5e3-2fbf7b183a71\" class=\"x_OWAAutoLink\" title=\"URL originale: https:\/\/www.tedxmessina.com\/event\/tedxmessina-2026\/. Fare clic o toccare se si considera attendibile questo collegamento.\" href=\"https:\/\/emea01.safelinks.protection.outlook.com\/?url=https%3A%2F%2Fwww.tedxmessina.com%2Fevent%2Ftedxmessina-2026%2F&amp;data=05%7C02%7Cida.cuzzocrea%40unime.it%7C6a8d93f5f7b14c1ed23308dea6a2affe%7C84679d4583464e238c84a7304edba77f%7C0%7C0%7C639131414820807186%7CUnknown%7CTWFpbGZsb3d8eyJFbXB0eU1hcGkiOnRydWUsIlYiOiIwLjAuMDAwMCIsIlAiOiJXaW4zMiIsIkFOIjoiTWFpbCIsIldUIjoyfQ%3D%3D%7C0%7C%7C%7C&amp;sdata=V2DmH%2Brb26Ri5z6b0oVChAXZvipeOkccLHX9Wvpxwhs%3D&amp;reserved=0\" target=\"_blank\" rel=\"noopener noreferrer\" data-auth=\"NotApplicable\" data-linkindex=\"0\"><b><u>https:\/\/www.tedxmessina.com\/event\/tedxmessina-2026\/<\/u><\/b><\/a>.<\/p>\n<p class=\"x_elementToProof\" style=\"text-align: justify\">\n","protected":false},"excerpt":{"rendered":"<p>La Sala Senato dell\u2019Universit\u00e0 di Messina ha ospitato la conferenza stampa di presentazione dell\u2019edizione 2026 del TEDxMessina, \u00a0che si svolger\u00e0 sabato 16 maggio \u2013 alle ore 14:30 \u2013\u00a0presso il Polo Universitario Papardo. Erano presenti la prof.ssa Marina Trimarchi, Prorettrice alla Terza Missione e Associata di Fisica sperimentale presso il Dipartimento MIFT, il dott. Giuseppe Arrigo,&hellip; <a class=\"more-link\" href=\"https:\/\/portale2.unime.it\/comunicatistampa\/presentata-ledizione-2026-del-tedx-messina-prevista-scontistica-per-gli-studenti-unime\/\">Continua a leggere <span class=\"screen-reader-text\">Presentata l&#8217;edizione 2026 del TEDx Messina, prevista scontistica per gli studenti UniMe<\/span><\/a><\/p>\n","protected":false},"author":61,"featured_media":0,"comment_status":"closed","ping_status":"open","sticky":false,"template":"","format":"standard","meta":{"_acf_changed":false,"footnotes":""},"categories":[3],"tags":[3585,4660,4244],"class_list":["post-21302","post","type-post","status-publish","format-standard","hentry","category-comunicati","tag-sala-senato","tag-tedxmessina-2026","tag-unime","entry"],"yoast_head":"<!-- This site is optimized with the Yoast SEO plugin v27.4 - https:\/\/yoast.com\/product\/yoast-seo-wordpress\/ -->\n<title>Presentata l&#039;edizione 2026 del TEDx Messina, prevista scontistica per gli studenti UniMe - Comunicati Stampa<\/title>\n<meta name=\"robots\" content=\"index, follow, max-snippet:-1, max-image-preview:large, max-video-preview:-1\" \/>\n<link rel=\"canonical\" href=\"https:\/\/portale2.unime.it\/comunicatistampa\/presentata-ledizione-2026-del-tedx-messina-prevista-scontistica-per-gli-studenti-unime\/\" \/>\n<meta property=\"og:locale\" content=\"it_IT\" \/>\n<meta property=\"og:type\" content=\"article\" \/>\n<meta property=\"og:title\" content=\"Presentata l&#039;edizione 2026 del TEDx Messina, prevista scontistica per gli studenti UniMe - Comunicati Stampa\" \/>\n<meta property=\"og:description\" content=\"La Sala Senato dell\u2019Universit\u00e0 di Messina ha ospitato la conferenza stampa di presentazione dell\u2019edizione 2026 del TEDxMessina, \u00a0che si svolger\u00e0 sabato 16 maggio \u2013 alle ore 14:30 \u2013\u00a0presso il Polo Universitario Papardo. Erano presenti la prof.ssa Marina Trimarchi, Prorettrice alla Terza Missione e Associata di Fisica sperimentale presso il Dipartimento MIFT, il dott. Giuseppe Arrigo,&hellip; Continua a leggere Presentata l&#8217;edizione 2026 del TEDx Messina, prevista scontistica per gli studenti UniMe\" \/>\n<meta property=\"og:url\" content=\"https:\/\/portale2.unime.it\/comunicatistampa\/presentata-ledizione-2026-del-tedx-messina-prevista-scontistica-per-gli-studenti-unime\/\" \/>\n<meta property=\"og:site_name\" content=\"Comunicati Stampa\" \/>\n<meta property=\"article:published_time\" content=\"2026-04-30T10:28:07+00:00\" \/>\n<meta property=\"article:modified_time\" content=\"2026-04-30T10:31:38+00:00\" \/>\n<meta name=\"author\" content=\"icuzzocrea\" \/>\n<meta name=\"twitter:card\" content=\"summary_large_image\" \/>\n<meta name=\"twitter:label1\" content=\"Scritto da\" \/>\n\t<meta name=\"twitter:data1\" content=\"icuzzocrea\" \/>\n\t<meta name=\"twitter:label2\" content=\"Tempo di lettura stimato\" \/>\n\t<meta name=\"twitter:data2\" content=\"3 minuti\" \/>\n<script type=\"application\/ld+json\" class=\"yoast-schema-graph\">{\"@context\":\"https:\\\/\\\/schema.org\",\"@graph\":[{\"@type\":\"Article\",\"@id\":\"https:\\\/\\\/portale2.unime.it\\\/comunicatistampa\\\/presentata-ledizione-2026-del-tedx-messina-prevista-scontistica-per-gli-studenti-unime\\\/#article\",\"isPartOf\":{\"@id\":\"https:\\\/\\\/portale2.unime.it\\\/comunicatistampa\\\/presentata-ledizione-2026-del-tedx-messina-prevista-scontistica-per-gli-studenti-unime\\\/\"},\"author\":{\"name\":\"icuzzocrea\",\"@id\":\"https:\\\/\\\/portale2.unime.it\\\/comunicatistampa\\\/#\\\/schema\\\/person\\\/be8b1ddf505b523f68b02f4a26b0f3d4\"},\"headline\":\"Presentata l&#8217;edizione 2026 del TEDx Messina, prevista scontistica per gli studenti UniMe\",\"datePublished\":\"2026-04-30T10:28:07+00:00\",\"dateModified\":\"2026-04-30T10:31:38+00:00\",\"mainEntityOfPage\":{\"@id\":\"https:\\\/\\\/portale2.unime.it\\\/comunicatistampa\\\/presentata-ledizione-2026-del-tedx-messina-prevista-scontistica-per-gli-studenti-unime\\\/\"},\"wordCount\":484,\"publisher\":{\"@id\":\"https:\\\/\\\/portale2.unime.it\\\/comunicatistampa\\\/#organization\"},\"keywords\":[\"Sala Senato\",\"TEDxMessina 2026\",\"Unime\"],\"articleSection\":[\"Comunicati Stampa Universit\u00e0 di Messina\"],\"inLanguage\":\"it-IT\"},{\"@type\":\"WebPage\",\"@id\":\"https:\\\/\\\/portale2.unime.it\\\/comunicatistampa\\\/presentata-ledizione-2026-del-tedx-messina-prevista-scontistica-per-gli-studenti-unime\\\/\",\"url\":\"https:\\\/\\\/portale2.unime.it\\\/comunicatistampa\\\/presentata-ledizione-2026-del-tedx-messina-prevista-scontistica-per-gli-studenti-unime\\\/\",\"name\":\"Presentata l'edizione 2026 del TEDx Messina, prevista scontistica per gli studenti UniMe - Comunicati Stampa\",\"isPartOf\":{\"@id\":\"https:\\\/\\\/portale2.unime.it\\\/comunicatistampa\\\/#website\"},\"datePublished\":\"2026-04-30T10:28:07+00:00\",\"dateModified\":\"2026-04-30T10:31:38+00:00\",\"breadcrumb\":{\"@id\":\"https:\\\/\\\/portale2.unime.it\\\/comunicatistampa\\\/presentata-ledizione-2026-del-tedx-messina-prevista-scontistica-per-gli-studenti-unime\\\/#breadcrumb\"},\"inLanguage\":\"it-IT\",\"potentialAction\":[{\"@type\":\"ReadAction\",\"target\":[\"https:\\\/\\\/portale2.unime.it\\\/comunicatistampa\\\/presentata-ledizione-2026-del-tedx-messina-prevista-scontistica-per-gli-studenti-unime\\\/\"]}]},{\"@type\":\"BreadcrumbList\",\"@id\":\"https:\\\/\\\/portale2.unime.it\\\/comunicatistampa\\\/presentata-ledizione-2026-del-tedx-messina-prevista-scontistica-per-gli-studenti-unime\\\/#breadcrumb\",\"itemListElement\":[{\"@type\":\"ListItem\",\"position\":1,\"name\":\"Home\",\"item\":\"https:\\\/\\\/portale2.unime.it\\\/comunicatistampa\\\/\"},{\"@type\":\"ListItem\",\"position\":2,\"name\":\"Presentata l&#8217;edizione 2026 del TEDx Messina, prevista scontistica per gli studenti UniMe\"}]},{\"@type\":\"WebSite\",\"@id\":\"https:\\\/\\\/portale2.unime.it\\\/comunicatistampa\\\/#website\",\"url\":\"https:\\\/\\\/portale2.unime.it\\\/comunicatistampa\\\/\",\"name\":\"Comunicati Stampa\",\"description\":\"\",\"publisher\":{\"@id\":\"https:\\\/\\\/portale2.unime.it\\\/comunicatistampa\\\/#organization\"},\"alternateName\":\"https:\\\/\\\/comunicatistampa.unime.it\\\/\",\"potentialAction\":[{\"@type\":\"SearchAction\",\"target\":{\"@type\":\"EntryPoint\",\"urlTemplate\":\"https:\\\/\\\/portale2.unime.it\\\/comunicatistampa\\\/?s={search_term_string}\"},\"query-input\":{\"@type\":\"PropertyValueSpecification\",\"valueRequired\":true,\"valueName\":\"search_term_string\"}}],\"inLanguage\":\"it-IT\"},{\"@type\":\"Organization\",\"@id\":\"https:\\\/\\\/portale2.unime.it\\\/comunicatistampa\\\/#organization\",\"name\":\"Comunicati Stampa\",\"url\":\"https:\\\/\\\/portale2.unime.it\\\/comunicatistampa\\\/\",\"logo\":{\"@type\":\"ImageObject\",\"inLanguage\":\"it-IT\",\"@id\":\"https:\\\/\\\/portale2.unime.it\\\/comunicatistampa\\\/#\\\/schema\\\/logo\\\/image\\\/\",\"url\":\"https:\\\/\\\/portale2.unime.it\\\/comunicatistampa\\\/wp-content\\\/uploads\\\/sites\\\/51\\\/2024\\\/07\\\/COMUNICATI-STAMPA-2.png\",\"contentUrl\":\"https:\\\/\\\/portale2.unime.it\\\/comunicatistampa\\\/wp-content\\\/uploads\\\/sites\\\/51\\\/2024\\\/07\\\/COMUNICATI-STAMPA-2.png\",\"width\":1000,\"height\":346,\"caption\":\"Comunicati Stampa\"},\"image\":{\"@id\":\"https:\\\/\\\/portale2.unime.it\\\/comunicatistampa\\\/#\\\/schema\\\/logo\\\/image\\\/\"}},{\"@type\":\"Person\",\"@id\":\"https:\\\/\\\/portale2.unime.it\\\/comunicatistampa\\\/#\\\/schema\\\/person\\\/be8b1ddf505b523f68b02f4a26b0f3d4\",\"name\":\"icuzzocrea\",\"image\":{\"@type\":\"ImageObject\",\"inLanguage\":\"it-IT\",\"@id\":\"https:\\\/\\\/secure.gravatar.com\\\/avatar\\\/879fe5c205749c6e9b1bfbb7b150a06c8a1ef5c12f6c01c49d35d60b2627b0d3?s=96&d=mm&r=g\",\"url\":\"https:\\\/\\\/secure.gravatar.com\\\/avatar\\\/879fe5c205749c6e9b1bfbb7b150a06c8a1ef5c12f6c01c49d35d60b2627b0d3?s=96&d=mm&r=g\",\"contentUrl\":\"https:\\\/\\\/secure.gravatar.com\\\/avatar\\\/879fe5c205749c6e9b1bfbb7b150a06c8a1ef5c12f6c01c49d35d60b2627b0d3?s=96&d=mm&r=g\",\"caption\":\"icuzzocrea\"},\"url\":\"https:\\\/\\\/portale2.unime.it\\\/comunicatistampa\\\/author\\\/icuzzocrea\\\/\"}]}<\/script>\n<!-- \/ Yoast SEO plugin. -->","yoast_head_json":{"title":"Presentata l'edizione 2026 del TEDx Messina, prevista scontistica per gli studenti UniMe - Comunicati Stampa","robots":{"index":"index","follow":"follow","max-snippet":"max-snippet:-1","max-image-preview":"max-image-preview:large","max-video-preview":"max-video-preview:-1"},"canonical":"https:\/\/portale2.unime.it\/comunicatistampa\/presentata-ledizione-2026-del-tedx-messina-prevista-scontistica-per-gli-studenti-unime\/","og_locale":"it_IT","og_type":"article","og_title":"Presentata l'edizione 2026 del TEDx Messina, prevista scontistica per gli studenti UniMe - Comunicati Stampa","og_description":"La Sala Senato dell\u2019Universit\u00e0 di Messina ha ospitato la conferenza stampa di presentazione dell\u2019edizione 2026 del TEDxMessina, \u00a0che si svolger\u00e0 sabato 16 maggio \u2013 alle ore 14:30 \u2013\u00a0presso il Polo Universitario Papardo. Erano presenti la prof.ssa Marina Trimarchi, Prorettrice alla Terza Missione e Associata di Fisica sperimentale presso il Dipartimento MIFT, il dott. Giuseppe Arrigo,&hellip; Continua a leggere Presentata l&#8217;edizione 2026 del TEDx Messina, prevista scontistica per gli studenti UniMe","og_url":"https:\/\/portale2.unime.it\/comunicatistampa\/presentata-ledizione-2026-del-tedx-messina-prevista-scontistica-per-gli-studenti-unime\/","og_site_name":"Comunicati Stampa","article_published_time":"2026-04-30T10:28:07+00:00","article_modified_time":"2026-04-30T10:31:38+00:00","author":"icuzzocrea","twitter_card":"summary_large_image","twitter_misc":{"Scritto da":"icuzzocrea","Tempo di lettura stimato":"3 minuti"},"schema":{"@context":"https:\/\/schema.org","@graph":[{"@type":"Article","@id":"https:\/\/portale2.unime.it\/comunicatistampa\/presentata-ledizione-2026-del-tedx-messina-prevista-scontistica-per-gli-studenti-unime\/#article","isPartOf":{"@id":"https:\/\/portale2.unime.it\/comunicatistampa\/presentata-ledizione-2026-del-tedx-messina-prevista-scontistica-per-gli-studenti-unime\/"},"author":{"name":"icuzzocrea","@id":"https:\/\/portale2.unime.it\/comunicatistampa\/#\/schema\/person\/be8b1ddf505b523f68b02f4a26b0f3d4"},"headline":"Presentata l&#8217;edizione 2026 del TEDx Messina, prevista scontistica per gli studenti UniMe","datePublished":"2026-04-30T10:28:07+00:00","dateModified":"2026-04-30T10:31:38+00:00","mainEntityOfPage":{"@id":"https:\/\/portale2.unime.it\/comunicatistampa\/presentata-ledizione-2026-del-tedx-messina-prevista-scontistica-per-gli-studenti-unime\/"},"wordCount":484,"publisher":{"@id":"https:\/\/portale2.unime.it\/comunicatistampa\/#organization"},"keywords":["Sala Senato","TEDxMessina 2026","Unime"],"articleSection":["Comunicati Stampa Universit\u00e0 di Messina"],"inLanguage":"it-IT"},{"@type":"WebPage","@id":"https:\/\/portale2.unime.it\/comunicatistampa\/presentata-ledizione-2026-del-tedx-messina-prevista-scontistica-per-gli-studenti-unime\/","url":"https:\/\/portale2.unime.it\/comunicatistampa\/presentata-ledizione-2026-del-tedx-messina-prevista-scontistica-per-gli-studenti-unime\/","name":"Presentata l'edizione 2026 del TEDx Messina, prevista scontistica per gli studenti UniMe - Comunicati Stampa","isPartOf":{"@id":"https:\/\/portale2.unime.it\/comunicatistampa\/#website"},"datePublished":"2026-04-30T10:28:07+00:00","dateModified":"2026-04-30T10:31:38+00:00","breadcrumb":{"@id":"https:\/\/portale2.unime.it\/comunicatistampa\/presentata-ledizione-2026-del-tedx-messina-prevista-scontistica-per-gli-studenti-unime\/#breadcrumb"},"inLanguage":"it-IT","potentialAction":[{"@type":"ReadAction","target":["https:\/\/portale2.unime.it\/comunicatistampa\/presentata-ledizione-2026-del-tedx-messina-prevista-scontistica-per-gli-studenti-unime\/"]}]},{"@type":"BreadcrumbList","@id":"https:\/\/portale2.unime.it\/comunicatistampa\/presentata-ledizione-2026-del-tedx-messina-prevista-scontistica-per-gli-studenti-unime\/#breadcrumb","itemListElement":[{"@type":"ListItem","position":1,"name":"Home","item":"https:\/\/portale2.unime.it\/comunicatistampa\/"},{"@type":"ListItem","position":2,"name":"Presentata l&#8217;edizione 2026 del TEDx Messina, prevista scontistica per gli studenti UniMe"}]},{"@type":"WebSite","@id":"https:\/\/portale2.unime.it\/comunicatistampa\/#website","url":"https:\/\/portale2.unime.it\/comunicatistampa\/","name":"Comunicati Stampa","description":"","publisher":{"@id":"https:\/\/portale2.unime.it\/comunicatistampa\/#organization"},"alternateName":"https:\/\/comunicatistampa.unime.it\/","potentialAction":[{"@type":"SearchAction","target":{"@type":"EntryPoint","urlTemplate":"https:\/\/portale2.unime.it\/comunicatistampa\/?s={search_term_string}"},"query-input":{"@type":"PropertyValueSpecification","valueRequired":true,"valueName":"search_term_string"}}],"inLanguage":"it-IT"},{"@type":"Organization","@id":"https:\/\/portale2.unime.it\/comunicatistampa\/#organization","name":"Comunicati Stampa","url":"https:\/\/portale2.unime.it\/comunicatistampa\/","logo":{"@type":"ImageObject","inLanguage":"it-IT","@id":"https:\/\/portale2.unime.it\/comunicatistampa\/#\/schema\/logo\/image\/","url":"https:\/\/portale2.unime.it\/comunicatistampa\/wp-content\/uploads\/sites\/51\/2024\/07\/COMUNICATI-STAMPA-2.png","contentUrl":"https:\/\/portale2.unime.it\/comunicatistampa\/wp-content\/uploads\/sites\/51\/2024\/07\/COMUNICATI-STAMPA-2.png","width":1000,"height":346,"caption":"Comunicati Stampa"},"image":{"@id":"https:\/\/portale2.unime.it\/comunicatistampa\/#\/schema\/logo\/image\/"}},{"@type":"Person","@id":"https:\/\/portale2.unime.it\/comunicatistampa\/#\/schema\/person\/be8b1ddf505b523f68b02f4a26b0f3d4","name":"icuzzocrea","image":{"@type":"ImageObject","inLanguage":"it-IT","@id":"https:\/\/secure.gravatar.com\/avatar\/879fe5c205749c6e9b1bfbb7b150a06c8a1ef5c12f6c01c49d35d60b2627b0d3?s=96&d=mm&r=g","url":"https:\/\/secure.gravatar.com\/avatar\/879fe5c205749c6e9b1bfbb7b150a06c8a1ef5c12f6c01c49d35d60b2627b0d3?s=96&d=mm&r=g","contentUrl":"https:\/\/secure.gravatar.com\/avatar\/879fe5c205749c6e9b1bfbb7b150a06c8a1ef5c12f6c01c49d35d60b2627b0d3?s=96&d=mm&r=g","caption":"icuzzocrea"},"url":"https:\/\/portale2.unime.it\/comunicatistampa\/author\/icuzzocrea\/"}]}},"acf":[],"_links":{"self":[{"href":"https:\/\/portale2.unime.it\/comunicatistampa\/wp-json\/wp\/v2\/posts\/21302","targetHints":{"allow":["GET"]}}],"collection":[{"href":"https:\/\/portale2.unime.it\/comunicatistampa\/wp-json\/wp\/v2\/posts"}],"about":[{"href":"https:\/\/portale2.unime.it\/comunicatistampa\/wp-json\/wp\/v2\/types\/post"}],"author":[{"embeddable":true,"href":"https:\/\/portale2.unime.it\/comunicatistampa\/wp-json\/wp\/v2\/users\/61"}],"replies":[{"embeddable":true,"href":"https:\/\/portale2.unime.it\/comunicatistampa\/wp-json\/wp\/v2\/comments?post=21302"}],"version-history":[{"count":1,"href":"https:\/\/portale2.unime.it\/comunicatistampa\/wp-json\/wp\/v2\/posts\/21302\/revisions"}],"predecessor-version":[{"id":21303,"href":"https:\/\/portale2.unime.it\/comunicatistampa\/wp-json\/wp\/v2\/posts\/21302\/revisions\/21303"}],"wp:attachment":[{"href":"https:\/\/portale2.unime.it\/comunicatistampa\/wp-json\/wp\/v2\/media?parent=21302"}],"wp:term":[{"taxonomy":"category","embeddable":true,"href":"https:\/\/portale2.unime.it\/comunicatistampa\/wp-json\/wp\/v2\/categories?post=21302"},{"taxonomy":"post_tag","embeddable":true,"href":"https:\/\/portale2.unime.it\/comunicatistampa\/wp-json\/wp\/v2\/tags?post=21302"}],"curies":[{"name":"wp","href":"https:\/\/api.w.org\/{rel}","templated":true}]}}