{"id":21428,"date":"2026-09-03T12:05:34","date_gmt":"2026-09-03T10:05:34","guid":{"rendered":"https:\/\/portale2.unime.it\/comunicatistampa\/?p=21428"},"modified":"2026-09-03T12:05:34","modified_gmt":"2026-09-03T10:05:34","slug":"alla-cittadella-universitaria-la-prima-tappa-del-progetto-obiettivo3-sport-lab-fondato-da-alex-zanardi","status":"publish","type":"post","link":"https:\/\/portale2.unime.it\/comunicatistampa\/alla-cittadella-universitaria-la-prima-tappa-del-progetto-obiettivo3-sport-lab-fondato-da-alex-zanardi\/","title":{"rendered":"Alla Cittadella universitaria la prima tappa del progetto \u201cObiettivo3 Sport Lab\u201d fondato da Alex Zanardi"},"content":{"rendered":"<p style=\"text-align: justify\">Venerd\u00ec 4 settembre, a partire dalle ore 10, Obiettivo3 presenter\u00e0\u00a0\u201cSport Lab\u201d,\u00a0il nuovo progetto che punta a individuare, formare e lanciare giovani talenti nel mondo dello sport paralimpico. L&#8217;appuntamento si terr\u00e0 presso la palestra polivalente della Cittadella Sportiva Universitaria, i cui impianti ospiteranno le attivit\u00e0 del laboratorio sino al 6 settembre. <!--more--><\/p>\n<p style=\"text-align: justify\">Alla presentazione di &#8220;Sport Lab&#8221; ci saranno la Rettrice, prof.ssa Giovanna Spatari, il Presidente SSD UniMe, dott. Francesco De Francesco, il Direttore Generale IRCCS Messina dott. Maurizio Lanza, il Presidente regionale del Comitato Italiano Paralimpico, dott. Roberto Pregadio, il Sindaco di Messina, dott. Federico Basile e la famiglia Zanardi.<\/p>\n<p style=\"text-align: justify\">Obiettivo3, fondato nel 2017 da Alex Zanardi, ha lo scopo di avviare e sostenere le persone con disabilit\u00e0 desiderose di intraprendere un\u2019attivit\u00e0 sportiva. In questi anni ha reclutato oltre 180 atleti paralimpici, cercando di rispondere alle necessit\u00e0 di ciascuno, da chi ha trovato nello sport un\u2019occasione di riscatto a chi si \u00e8 fatto strada ai livelli pi\u00f9 alti dal punto di vista agonistico. Un percorso che ha permesso allo staff di Obiettivo3 di\u00a0collaborare\u00a0a stretto contatto con il Comitato Italiano Paralimpico, le Federazioni e tutti i soggetti pi\u00f9 importanti che lavorano per lo sviluppo della pratica sportiva per persone diversamente abili.<\/p>\n<p style=\"text-align: justify\">La prima fase del progetto \u201cObiettivo3 Sport Lab\u201d sar\u00e0 biennale. Per\u00a0la stagione 2026\/27sono in calendario tre campus formativi, uno al sud, uno al centro e l\u2019altro al nord Italia. Si comincia dal\u00a0campus di Messina; grazie alla collaborazione con l\u2019Ateneo peloritano e Irccs Centro Neurolesi \u201cBonino Pulejo\u201d, le strutture sportive universitarie della citt\u00e0 siciliana ospiteranno circa 30 persone diversamente abili del territorio regionale. I partecipanti selezionati potranno provare e approfondire ben quattro discipline: paraciclismo, paratriathlon, tiro con l\u2019arco e tennistavolo.<\/p>\n<p style=\"text-align: justify\">Gli atleti saranno\u00a0selezionati\u00a0dalle diverse candidature ricevute da Obiettivo3 e dalle segnalazioni delle Federazioni con cui il progetto collabora per le attivit\u00e0 di scouting. Il mirino \u00e8 ovviamente puntato su giovani d\u2019et\u00e0 compresa tra i 18 e i 35 anni. Lo staff valuter\u00e0 le esigenze di ciascuno degli atleti e quindi provveder\u00e0 alle convocazioni per i vari campus formativi. Ogni campus, della durata di almeno tre giorni, consentir\u00e0 ai partecipanti di svolgere allenamenti condivisi, incontri, webinar e masterclass organizzati in strutture sportive accessibili e dotate di impianti e di foresteria per ospitare gli atleti.<\/p>\n<p style=\"text-align: justify\">I\u00a0campus\u00a0consentiranno ai tecnici di Obiettivo3 di fare una prima valutazione degli atleti per poter individuare chi possiede le caratteristiche necessarie per essere sostenuto nel proprio percorso. Passione, determinazione, talento, ma anche condivisione di valori: saranno questi i criteri di selezione principali che saranno adottati. Gli atleti scelti cominceranno\u00a0un percorso\u00a0formativo durante il quale saranno seguiti costantemente da uno staff di professionisti (dall\u2019allenatore al mental coach, dal preparatore atletico al nutrizionista) e saranno dotati degli ausili necessari per intraprendere al meglio la disciplina scelta. Obiettivo3, per il momento, si concentrer\u00e0 su tre discipline diverse (paraciclismo, paratriathlon e tiro con l\u2019arco) ma il ventaglio potr\u00e0 essere allargato grazie alle collaborazioni con altre federazioni e societ\u00e0 sportive. La missione \u00e8 quella di individuare pi\u00f9 giovani talenti possibili che ambiscano a rappresentare l\u2019Italia nelle pi\u00f9 importanti manifestazioni internazionali.<\/p>\n<p style=\"text-align: justify\">Sar\u00e0 un percorso di formazione strutturato grazie a un sistema capillare di monitoraggio e controllo della preparazione anche a distanza. Tecnici di disciplina e coach dedicati, oltre ad alcuni esperti atleti paralimpici, saranno a disposizione affinch\u00e9 questa esperienza possa rappresentare per i ragazzi una concreta opportunit\u00e0 di ripartenza attraverso lo sport e un trampolino di lancio verso obiettivi sportivi ambiziosi.<\/p>\n","protected":false},"excerpt":{"rendered":"<p>Venerd\u00ec 4 settembre, a partire dalle ore 10, Obiettivo3 presenter\u00e0\u00a0\u201cSport Lab\u201d,\u00a0il nuovo progetto che punta a individuare, formare e lanciare giovani talenti nel mondo dello sport paralimpico. L&#8217;appuntamento si terr\u00e0 presso la palestra polivalente della Cittadella Sportiva Universitaria, i cui impianti ospiteranno le attivit\u00e0 del laboratorio sino al 6 settembre.<\/p>\n","protected":false},"author":60,"featured_media":0,"comment_status":"closed","ping_status":"open","sticky":false,"template":"","format":"standard","meta":{"_kad_post_transparent":"default","_kad_post_title":"default","_kad_post_layout":"default","_kad_post_sidebar_id":"","_kad_post_content_style":"default","_kad_post_vertical_padding":"default","_kad_post_feature":"","_kad_post_feature_position":"","_kad_post_header":false,"_kad_post_footer":false,"_kad_post_classname":"","footnotes":""},"categories":[3],"tags":[4685,4244],"class_list":["post-21428","post","type-post","status-publish","format-standard","hentry","category-comunicati","tag-cittadella-sportiva-obiettivo3","tag-unime"],"yoast_head":"<!-- This site is optimized with the Yoast SEO plugin v28.3 - https:\/\/yoast.com\/product\/yoast-seo-wordpress\/ -->\n<title>Alla Cittadella universitaria la prima tappa del progetto \u201cObiettivo3 Sport Lab\u201d fondato da Alex Zanardi - Comunicati Stampa<\/title>\n<meta name=\"robots\" content=\"index, follow, max-snippet:-1, max-image-preview:large, max-video-preview:-1\" \/>\n<link rel=\"canonical\" href=\"https:\/\/portale2.unime.it\/comunicatistampa\/alla-cittadella-universitaria-la-prima-tappa-del-progetto-obiettivo3-sport-lab-fondato-da-alex-zanardi\/\" \/>\n<meta property=\"og:locale\" content=\"it_IT\" \/>\n<meta property=\"og:type\" content=\"article\" \/>\n<meta property=\"og:title\" content=\"Alla Cittadella universitaria la prima tappa del progetto \u201cObiettivo3 Sport Lab\u201d fondato da Alex Zanardi - Comunicati Stampa\" \/>\n<meta property=\"og:description\" content=\"Venerd\u00ec 4 settembre, a partire dalle ore 10, Obiettivo3 presenter\u00e0\u00a0\u201cSport Lab\u201d,\u00a0il nuovo progetto che punta a individuare, formare e lanciare giovani talenti nel mondo dello sport paralimpico. L&#8217;appuntamento si terr\u00e0 presso la palestra polivalente della Cittadella Sportiva Universitaria, i cui impianti ospiteranno le attivit\u00e0 del laboratorio sino al 6 settembre.\" \/>\n<meta property=\"og:url\" content=\"https:\/\/portale2.unime.it\/comunicatistampa\/alla-cittadella-universitaria-la-prima-tappa-del-progetto-obiettivo3-sport-lab-fondato-da-alex-zanardi\/\" \/>\n<meta property=\"og:site_name\" content=\"Comunicati Stampa\" \/>\n<meta property=\"article:published_time\" content=\"2026-09-03T10:05:34+00:00\" \/>\n<meta name=\"author\" content=\"astramandino\" \/>\n<meta name=\"twitter:card\" content=\"summary_large_image\" \/>\n<meta name=\"twitter:label1\" content=\"Scritto da\" \/>\n\t<meta name=\"twitter:data1\" content=\"astramandino\" \/>\n\t<meta name=\"twitter:label2\" content=\"Tempo di lettura stimato\" \/>\n\t<meta name=\"twitter:data2\" content=\"4 minuti\" \/>\n<script type=\"application\/ld+json\" class=\"yoast-schema-graph\">{\"@context\":\"https:\\\/\\\/schema.org\",\"@graph\":[{\"@type\":\"Article\",\"@id\":\"https:\\\/\\\/portale2.unime.it\\\/comunicatistampa\\\/alla-cittadella-universitaria-la-prima-tappa-del-progetto-obiettivo3-sport-lab-fondato-da-alex-zanardi\\\/#article\",\"isPartOf\":{\"@id\":\"https:\\\/\\\/portale2.unime.it\\\/comunicatistampa\\\/alla-cittadella-universitaria-la-prima-tappa-del-progetto-obiettivo3-sport-lab-fondato-da-alex-zanardi\\\/\"},\"author\":{\"name\":\"astramandino\",\"@id\":\"https:\\\/\\\/portale2.unime.it\\\/comunicatistampa\\\/#\\\/schema\\\/person\\\/ece3ce92132d3b80b89603a7e93eda7f\"},\"headline\":\"Alla Cittadella universitaria la prima tappa del progetto \u201cObiettivo3 Sport Lab\u201d fondato da Alex Zanardi\",\"datePublished\":\"2026-09-03T10:05:34+00:00\",\"mainEntityOfPage\":{\"@id\":\"https:\\\/\\\/portale2.unime.it\\\/comunicatistampa\\\/alla-cittadella-universitaria-la-prima-tappa-del-progetto-obiettivo3-sport-lab-fondato-da-alex-zanardi\\\/\"},\"wordCount\":591,\"publisher\":{\"@id\":\"https:\\\/\\\/portale2.unime.it\\\/comunicatistampa\\\/#organization\"},\"keywords\":[\"cittadella sportiva Obiettivo3\",\"Unime\"],\"articleSection\":[\"Comunicati Stampa Universit\u00e0 di Messina\"],\"inLanguage\":\"it-IT\"},{\"@type\":\"WebPage\",\"@id\":\"https:\\\/\\\/portale2.unime.it\\\/comunicatistampa\\\/alla-cittadella-universitaria-la-prima-tappa-del-progetto-obiettivo3-sport-lab-fondato-da-alex-zanardi\\\/\",\"url\":\"https:\\\/\\\/portale2.unime.it\\\/comunicatistampa\\\/alla-cittadella-universitaria-la-prima-tappa-del-progetto-obiettivo3-sport-lab-fondato-da-alex-zanardi\\\/\",\"name\":\"Alla Cittadella universitaria la prima tappa del progetto \u201cObiettivo3 Sport Lab\u201d fondato da Alex Zanardi - Comunicati Stampa\",\"isPartOf\":{\"@id\":\"https:\\\/\\\/portale2.unime.it\\\/comunicatistampa\\\/#website\"},\"datePublished\":\"2026-09-03T10:05:34+00:00\",\"breadcrumb\":{\"@id\":\"https:\\\/\\\/portale2.unime.it\\\/comunicatistampa\\\/alla-cittadella-universitaria-la-prima-tappa-del-progetto-obiettivo3-sport-lab-fondato-da-alex-zanardi\\\/#breadcrumb\"},\"inLanguage\":\"it-IT\",\"potentialAction\":[{\"@type\":\"ReadAction\",\"target\":[\"https:\\\/\\\/portale2.unime.it\\\/comunicatistampa\\\/alla-cittadella-universitaria-la-prima-tappa-del-progetto-obiettivo3-sport-lab-fondato-da-alex-zanardi\\\/\"]}]},{\"@type\":\"BreadcrumbList\",\"@id\":\"https:\\\/\\\/portale2.unime.it\\\/comunicatistampa\\\/alla-cittadella-universitaria-la-prima-tappa-del-progetto-obiettivo3-sport-lab-fondato-da-alex-zanardi\\\/#breadcrumb\",\"itemListElement\":[{\"@type\":\"ListItem\",\"position\":1,\"name\":\"Home\",\"item\":\"https:\\\/\\\/portale2.unime.it\\\/comunicatistampa\\\/\"},{\"@type\":\"ListItem\",\"position\":2,\"name\":\"Alla Cittadella universitaria la prima tappa del progetto \u201cObiettivo3 Sport Lab\u201d fondato da Alex Zanardi\"}]},{\"@type\":\"WebSite\",\"@id\":\"https:\\\/\\\/portale2.unime.it\\\/comunicatistampa\\\/#website\",\"url\":\"https:\\\/\\\/portale2.unime.it\\\/comunicatistampa\\\/\",\"name\":\"Comunicati Stampa\",\"description\":\"\",\"publisher\":{\"@id\":\"https:\\\/\\\/portale2.unime.it\\\/comunicatistampa\\\/#organization\"},\"alternateName\":\"https:\\\/\\\/comunicatistampa.unime.it\\\/\",\"potentialAction\":[{\"@type\":\"SearchAction\",\"target\":{\"@type\":\"EntryPoint\",\"urlTemplate\":\"https:\\\/\\\/portale2.unime.it\\\/comunicatistampa\\\/?s={search_term_string}\"},\"query-input\":{\"@type\":\"PropertyValueSpecification\",\"valueRequired\":true,\"valueName\":\"search_term_string\"}}],\"inLanguage\":\"it-IT\"},{\"@type\":\"Organization\",\"@id\":\"https:\\\/\\\/portale2.unime.it\\\/comunicatistampa\\\/#organization\",\"name\":\"Comunicati Stampa\",\"url\":\"https:\\\/\\\/portale2.unime.it\\\/comunicatistampa\\\/\",\"logo\":{\"@type\":\"ImageObject\",\"inLanguage\":\"it-IT\",\"@id\":\"https:\\\/\\\/portale2.unime.it\\\/comunicatistampa\\\/#\\\/schema\\\/logo\\\/image\\\/\",\"url\":\"https:\\\/\\\/portale2.unime.it\\\/comunicatistampa\\\/wp-content\\\/uploads\\\/sites\\\/51\\\/2024\\\/07\\\/COMUNICATI-STAMPA-2.png\",\"contentUrl\":\"https:\\\/\\\/portale2.unime.it\\\/comunicatistampa\\\/wp-content\\\/uploads\\\/sites\\\/51\\\/2024\\\/07\\\/COMUNICATI-STAMPA-2.png\",\"width\":1000,\"height\":346,\"caption\":\"Comunicati Stampa\"},\"image\":{\"@id\":\"https:\\\/\\\/portale2.unime.it\\\/comunicatistampa\\\/#\\\/schema\\\/logo\\\/image\\\/\"}},{\"@type\":\"Person\",\"@id\":\"https:\\\/\\\/portale2.unime.it\\\/comunicatistampa\\\/#\\\/schema\\\/person\\\/ece3ce92132d3b80b89603a7e93eda7f\",\"name\":\"astramandino\",\"image\":{\"@type\":\"ImageObject\",\"inLanguage\":\"it-IT\",\"@id\":\"https:\\\/\\\/secure.gravatar.com\\\/avatar\\\/350a04f01afddd3a9f6e057c2d618be834d7ca1192086cfd02adaba43a0e0575?s=96&d=mm&r=g\",\"url\":\"https:\\\/\\\/secure.gravatar.com\\\/avatar\\\/350a04f01afddd3a9f6e057c2d618be834d7ca1192086cfd02adaba43a0e0575?s=96&d=mm&r=g\",\"contentUrl\":\"https:\\\/\\\/secure.gravatar.com\\\/avatar\\\/350a04f01afddd3a9f6e057c2d618be834d7ca1192086cfd02adaba43a0e0575?s=96&d=mm&r=g\",\"caption\":\"astramandino\"},\"url\":\"https:\\\/\\\/portale2.unime.it\\\/comunicatistampa\\\/author\\\/astramandino\\\/\"}]}<\/script>\n<!-- \/ Yoast SEO plugin. -->","yoast_head_json":{"title":"Alla Cittadella universitaria la prima tappa del progetto \u201cObiettivo3 Sport Lab\u201d fondato da Alex Zanardi - Comunicati Stampa","robots":{"index":"index","follow":"follow","max-snippet":"max-snippet:-1","max-image-preview":"max-image-preview:large","max-video-preview":"max-video-preview:-1"},"canonical":"https:\/\/portale2.unime.it\/comunicatistampa\/alla-cittadella-universitaria-la-prima-tappa-del-progetto-obiettivo3-sport-lab-fondato-da-alex-zanardi\/","og_locale":"it_IT","og_type":"article","og_title":"Alla Cittadella universitaria la prima tappa del progetto \u201cObiettivo3 Sport Lab\u201d fondato da Alex Zanardi - Comunicati Stampa","og_description":"Venerd\u00ec 4 settembre, a partire dalle ore 10, Obiettivo3 presenter\u00e0\u00a0\u201cSport Lab\u201d,\u00a0il nuovo progetto che punta a individuare, formare e lanciare giovani talenti nel mondo dello sport paralimpico. L&#8217;appuntamento si terr\u00e0 presso la palestra polivalente della Cittadella Sportiva Universitaria, i cui impianti ospiteranno le attivit\u00e0 del laboratorio sino al 6 settembre.","og_url":"https:\/\/portale2.unime.it\/comunicatistampa\/alla-cittadella-universitaria-la-prima-tappa-del-progetto-obiettivo3-sport-lab-fondato-da-alex-zanardi\/","og_site_name":"Comunicati Stampa","article_published_time":"2026-09-03T10:05:34+00:00","author":"astramandino","twitter_card":"summary_large_image","twitter_misc":{"Scritto da":"astramandino","Tempo di lettura stimato":"4 minuti"},"schema":{"@context":"https:\/\/schema.org","@graph":[{"@type":"Article","@id":"https:\/\/portale2.unime.it\/comunicatistampa\/alla-cittadella-universitaria-la-prima-tappa-del-progetto-obiettivo3-sport-lab-fondato-da-alex-zanardi\/#article","isPartOf":{"@id":"https:\/\/portale2.unime.it\/comunicatistampa\/alla-cittadella-universitaria-la-prima-tappa-del-progetto-obiettivo3-sport-lab-fondato-da-alex-zanardi\/"},"author":{"name":"astramandino","@id":"https:\/\/portale2.unime.it\/comunicatistampa\/#\/schema\/person\/ece3ce92132d3b80b89603a7e93eda7f"},"headline":"Alla Cittadella universitaria la prima tappa del progetto \u201cObiettivo3 Sport Lab\u201d fondato da Alex Zanardi","datePublished":"2026-09-03T10:05:34+00:00","mainEntityOfPage":{"@id":"https:\/\/portale2.unime.it\/comunicatistampa\/alla-cittadella-universitaria-la-prima-tappa-del-progetto-obiettivo3-sport-lab-fondato-da-alex-zanardi\/"},"wordCount":591,"publisher":{"@id":"https:\/\/portale2.unime.it\/comunicatistampa\/#organization"},"keywords":["cittadella sportiva Obiettivo3","Unime"],"articleSection":["Comunicati Stampa Universit\u00e0 di Messina"],"inLanguage":"it-IT"},{"@type":"WebPage","@id":"https:\/\/portale2.unime.it\/comunicatistampa\/alla-cittadella-universitaria-la-prima-tappa-del-progetto-obiettivo3-sport-lab-fondato-da-alex-zanardi\/","url":"https:\/\/portale2.unime.it\/comunicatistampa\/alla-cittadella-universitaria-la-prima-tappa-del-progetto-obiettivo3-sport-lab-fondato-da-alex-zanardi\/","name":"Alla Cittadella universitaria la prima tappa del progetto \u201cObiettivo3 Sport Lab\u201d fondato da Alex Zanardi - Comunicati Stampa","isPartOf":{"@id":"https:\/\/portale2.unime.it\/comunicatistampa\/#website"},"datePublished":"2026-09-03T10:05:34+00:00","breadcrumb":{"@id":"https:\/\/portale2.unime.it\/comunicatistampa\/alla-cittadella-universitaria-la-prima-tappa-del-progetto-obiettivo3-sport-lab-fondato-da-alex-zanardi\/#breadcrumb"},"inLanguage":"it-IT","potentialAction":[{"@type":"ReadAction","target":["https:\/\/portale2.unime.it\/comunicatistampa\/alla-cittadella-universitaria-la-prima-tappa-del-progetto-obiettivo3-sport-lab-fondato-da-alex-zanardi\/"]}]},{"@type":"BreadcrumbList","@id":"https:\/\/portale2.unime.it\/comunicatistampa\/alla-cittadella-universitaria-la-prima-tappa-del-progetto-obiettivo3-sport-lab-fondato-da-alex-zanardi\/#breadcrumb","itemListElement":[{"@type":"ListItem","position":1,"name":"Home","item":"https:\/\/portale2.unime.it\/comunicatistampa\/"},{"@type":"ListItem","position":2,"name":"Alla Cittadella universitaria la prima tappa del progetto \u201cObiettivo3 Sport Lab\u201d fondato da Alex Zanardi"}]},{"@type":"WebSite","@id":"https:\/\/portale2.unime.it\/comunicatistampa\/#website","url":"https:\/\/portale2.unime.it\/comunicatistampa\/","name":"Comunicati Stampa","description":"","publisher":{"@id":"https:\/\/portale2.unime.it\/comunicatistampa\/#organization"},"alternateName":"https:\/\/comunicatistampa.unime.it\/","potentialAction":[{"@type":"SearchAction","target":{"@type":"EntryPoint","urlTemplate":"https:\/\/portale2.unime.it\/comunicatistampa\/?s={search_term_string}"},"query-input":{"@type":"PropertyValueSpecification","valueRequired":true,"valueName":"search_term_string"}}],"inLanguage":"it-IT"},{"@type":"Organization","@id":"https:\/\/portale2.unime.it\/comunicatistampa\/#organization","name":"Comunicati Stampa","url":"https:\/\/portale2.unime.it\/comunicatistampa\/","logo":{"@type":"ImageObject","inLanguage":"it-IT","@id":"https:\/\/portale2.unime.it\/comunicatistampa\/#\/schema\/logo\/image\/","url":"https:\/\/portale2.unime.it\/comunicatistampa\/wp-content\/uploads\/sites\/51\/2024\/07\/COMUNICATI-STAMPA-2.png","contentUrl":"https:\/\/portale2.unime.it\/comunicatistampa\/wp-content\/uploads\/sites\/51\/2024\/07\/COMUNICATI-STAMPA-2.png","width":1000,"height":346,"caption":"Comunicati Stampa"},"image":{"@id":"https:\/\/portale2.unime.it\/comunicatistampa\/#\/schema\/logo\/image\/"}},{"@type":"Person","@id":"https:\/\/portale2.unime.it\/comunicatistampa\/#\/schema\/person\/ece3ce92132d3b80b89603a7e93eda7f","name":"astramandino","image":{"@type":"ImageObject","inLanguage":"it-IT","@id":"https:\/\/secure.gravatar.com\/avatar\/350a04f01afddd3a9f6e057c2d618be834d7ca1192086cfd02adaba43a0e0575?s=96&d=mm&r=g","url":"https:\/\/secure.gravatar.com\/avatar\/350a04f01afddd3a9f6e057c2d618be834d7ca1192086cfd02adaba43a0e0575?s=96&d=mm&r=g","contentUrl":"https:\/\/secure.gravatar.com\/avatar\/350a04f01afddd3a9f6e057c2d618be834d7ca1192086cfd02adaba43a0e0575?s=96&d=mm&r=g","caption":"astramandino"},"url":"https:\/\/portale2.unime.it\/comunicatistampa\/author\/astramandino\/"}]}},"_links":{"self":[{"href":"https:\/\/portale2.unime.it\/comunicatistampa\/wp-json\/wp\/v2\/posts\/21428","targetHints":{"allow":["GET"]}}],"collection":[{"href":"https:\/\/portale2.unime.it\/comunicatistampa\/wp-json\/wp\/v2\/posts"}],"about":[{"href":"https:\/\/portale2.unime.it\/comunicatistampa\/wp-json\/wp\/v2\/types\/post"}],"author":[{"embeddable":true,"href":"https:\/\/portale2.unime.it\/comunicatistampa\/wp-json\/wp\/v2\/users\/60"}],"replies":[{"embeddable":true,"href":"https:\/\/portale2.unime.it\/comunicatistampa\/wp-json\/wp\/v2\/comments?post=21428"}],"version-history":[{"count":1,"href":"https:\/\/portale2.unime.it\/comunicatistampa\/wp-json\/wp\/v2\/posts\/21428\/revisions"}],"predecessor-version":[{"id":21429,"href":"https:\/\/portale2.unime.it\/comunicatistampa\/wp-json\/wp\/v2\/posts\/21428\/revisions\/21429"}],"wp:attachment":[{"href":"https:\/\/portale2.unime.it\/comunicatistampa\/wp-json\/wp\/v2\/media?parent=21428"}],"wp:term":[{"taxonomy":"category","embeddable":true,"href":"https:\/\/portale2.unime.it\/comunicatistampa\/wp-json\/wp\/v2\/categories?post=21428"},{"taxonomy":"post_tag","embeddable":true,"href":"https:\/\/portale2.unime.it\/comunicatistampa\/wp-json\/wp\/v2\/tags?post=21428"}],"curies":[{"name":"wp","href":"https:\/\/api.w.org\/{rel}","templated":true}]}}