{"id":21431,"date":"2026-09-04T12:32:59","date_gmt":"2026-09-04T10:32:59","guid":{"rendered":"https:\/\/portale2.unime.it\/comunicatistampa\/?p=21431"},"modified":"2026-09-04T12:35:16","modified_gmt":"2026-09-04T10:35:16","slug":"presentata-alla-cittadella-universitaria-la-prima-tappa-del-progetto-obiettivo3-sport-lab-fondato-da-alex-zanardi","status":"publish","type":"post","link":"https:\/\/portale2.unime.it\/comunicatistampa\/presentata-alla-cittadella-universitaria-la-prima-tappa-del-progetto-obiettivo3-sport-lab-fondato-da-alex-zanardi\/","title":{"rendered":"Presentata alla Cittadella Universitaria la prima tappa del progetto Obiettivo3 &#8220;Sport Lab\u201d fondato da Alex Zanardi"},"content":{"rendered":"<div class=\"x_elementToProof\" style=\"text-align: justify\">La palestra polivalente della Cittadella Sportiva Universitaria ha ospitato la presentazione della prima tappa di Obiettivo3 &#8220;Sport Lab&#8221;, nuovo progetto che punta a individuare, formare e lanciare giovani talenti nel mondo dello sport paralimpico. Le attivit\u00e0 del laboratorio di Obiettivo3 &#8211; fondato nel 2017 dall&#8217;ex pilota automobilistico e plurimedagliato paraciclista Alex Zanardi &#8211; saranno ospitate presso gli impianti sportivi universitari del Polo Annunziata fino al 6 settembre.<\/div>\n<div class=\"x_elementToProof\" style=\"text-align: justify\">Alla presentazione hanno preso parte la Rettrice, prof.ssa Giovanna Spatari, il Prorettore vicario, prof. Giuseppe Giordano, il Direttore generale UniMe, dott. Pietro Nuccio, il Presidente SSD UniMe, avv. Francesco De Francesco, il Direttore Generale IRCCS Messina dott. Maurizio Lanza, l&#8217;Assessore del Comune di Messina, avv. Alessandra Calafiore e la Responsabile della Comunicazione di Obiettivo3, dott.ssa Barbara Manni.<\/div>\n<p style=\"text-align: justify\"><!--more--><\/p>\n<div style=\"text-align: justify\">&#8220;UniMe \u00e8 molto felice &#8211; ha detto la Rettrice &#8211; di poter ospitare presso la Cittadella Sportiva Universitaria la prima tappa di Obiettivo3 Sport Lab, un progetto indissolubilmente legato ad Alex Zanardi, fondatore del Centro di avviamento e sostegno nello sport paralimpico, i cui valori di resilienza, impegno e tenacia dimostrati di fronte al mondo intero sono idealmente abbracciati dall&#8217;Ateneo. Le nostre strutture sportive, fiore all&#8217;occhiello nel panorama regionale e non solo, sono oggi popolate da giovani che sognano di trovare nello sport la risposta agli avvenimenti della vita. Le attivit\u00e0 del campus si inseriscono pienamente nei percorsi di inclusione che l&#8217;Universit\u00e0 di Messina continua ad implementare di anno in anno e spero che questa occasione d&#8217;incontro entusiasmante, con l&#8217;opportunit\u00e0 di confrontarsi con tecnici federali, allenatori e professionisti, possa regalare alle ragazze ed ai ragazzi presenti le soddisfazioni che pi\u00f9 desiderano&#8221;.<\/div>\n<div><\/div>\n<div style=\"text-align: justify\">\n<div><\/div>\n<div class=\"x_elementToProof\">&#8220;Questo progetto &#8211; ha commentato Il Direttore Generale dell\u2019IRCCS Centro Neurolesi &#8216;Bonino Pulejo&#8217; &#8211; rientra a pieno titolo nel ventaglio delle attivit\u00e0 centrali del nostro Istituto. Con grande impegno da parte di tutti i nostri operatori ci adoperiamo ogni giorno a sostegno dei nostri pazienti, che attraverso i percorsi di riabilitazione hanno la concreta possibilit\u00e0 di trasformare il proprio percorso in una carriera da atleti paralimpici. Lo sport rappresenta per loro uno strumento fondamentale di riscatto, consapevoli di questo abbiamo realizzato nel tempo varie iniziative come, ad esempio, le traversate dello Stretto&#8221;.<\/div>\n<div><\/div>\n<div><\/div>\n<div class=\"x_elementToProof\">&#8220;Ringrazio moltissimo l&#8217;Universit\u00e0 di Messina per averci concesso i suoi spazi- ha dichiarato Barbara Manni &#8211; e per aver sposato i principi del nostro progetto, che ritengo sia davvero unico nella storia dello sport paralimpico sul territorio siciliano. Siamo contentissimi di collaborare sia con l&#8217;Ateneo che con l&#8217;IRCCS Centro Neurolesi &#8216;Bonino Pulejo&#8217; per supportare i giovani talenti desiderosi di raggiungere i loro traguardi sportivi e personali. Abbiamo una esperienza ormai consolidata e sono certa vivremo tre giorni intensi che permetteranno a tutti i potenziali atleti partecipanti di tornare a casa pi\u00f9 ricchi. La vittoria pi\u00f9 grande \u00e8 gi\u00e0 quella di essere riusciti ad abbracciare atleti, associazioni, enti e istituzioni che si sono unite a noi per fare rete e veicolare un messaggio universale a favore della pratica sportiva nella disabilit\u00e0: insieme si pu\u00f2. Se, con le risorse ed il sostegno giusto, anche solamente tre di questi ragazzi riusciranno ad intraprendere un percorso nello sport e a vivere meglio la loro quotidianit\u00e0, allora, avremo raggiunto un risultato che vale pi\u00f9 di qualsiasi medaglia&#8221;.<\/div>\n<div><\/div>\n<div class=\"x_elementToProof\"><\/div>\n<\/div>\n<div style=\"text-align: justify\"><\/div>\n<div class=\"x_elementToProof\" style=\"text-align: justify\">\u00a0In questi anni, Obiettivo3 ha reclutato oltre 180 atleti paralimpici, cercando di rispondere alle necessit\u00e0 di ciascuno, da chi ha trovato nello sport un\u2019occasione di riscatto a chi si \u00e8 fatto strada ai livelli pi\u00f9 alti dal punto di vista agonistico. Contestualmente, la prima fase del progetto \u201cObiettivo3 Sport Lab\u201d sar\u00e0 biennale, con tre campus formativi suddivisi tra Sud, Centro e Nord Italia. Quello di Messina \u00e8 il primo evento in calendario, realizzato grazie alla collaborazione con l\u2019Ateneo peloritano e Irccs Centro Neurolesi \u201cBonino Pulejo\u201d. Nello specifico, circa 30 persone diversamente abili (di et\u00e0 compresa fra i 18 e i 35 anni) del territorio regionale &#8211; selezionate dalle diverse candidature ricevute e dalle segnalazioni delle Federazioni con cui il progetto collabora per le attivit\u00e0 di scouting &#8211; potranno approfondire quattro discipline: paraciclismo, paratriathlon, tiro con l\u2019arco e tennistavolo. Nell&#8217;arco delle varie giornate verr\u00e0 sviluppato un percorso di formazione strutturato grazie a un sistema capillare di monitoraggio e controllo della formazione (con la preparazione che potr\u00e0 poi essere integrata anche a distanza). Tecnici di disciplina e coach dedicati, oltre ad alcuni esperti atleti paralimpici, saranno a disposizione affinch\u00e9 questa esperienza possa rappresentare per i ragazzi una concreta opportunit\u00e0 di ripartenza attraverso lo sport e un trampolino di lancio verso obiettivi sportivi ambiziosi.<\/div>\n<div class=\"x_elementToProof\"><\/div>\n","protected":false},"excerpt":{"rendered":"<p>La palestra polivalente della Cittadella Sportiva Universitaria ha ospitato la presentazione della prima tappa di Obiettivo3 &#8220;Sport Lab&#8221;, nuovo progetto che punta a individuare, formare e lanciare giovani talenti nel mondo dello sport paralimpico. Le attivit\u00e0 del laboratorio di Obiettivo3 &#8211; fondato nel 2017 dall&#8217;ex pilota automobilistico e plurimedagliato paraciclista Alex Zanardi &#8211; saranno ospitate&#8230;<\/p>\n","protected":false},"author":60,"featured_media":0,"comment_status":"closed","ping_status":"open","sticky":false,"template":"","format":"standard","meta":{"_kad_post_transparent":"default","_kad_post_title":"default","_kad_post_layout":"default","_kad_post_sidebar_id":"","_kad_post_content_style":"default","_kad_post_vertical_padding":"default","_kad_post_feature":"","_kad_post_feature_position":"","_kad_post_header":false,"_kad_post_footer":false,"_kad_post_classname":"","footnotes":""},"categories":[3],"tags":[870,4686,4244],"class_list":["post-21431","post","type-post","status-publish","format-standard","hentry","category-comunicati","tag-cittadella-sportiva","tag-obiettivo3","tag-unime"],"yoast_head":"<!-- This site is optimized with the Yoast SEO plugin v28.3 - https:\/\/yoast.com\/product\/yoast-seo-wordpress\/ -->\n<title>Presentata alla Cittadella Universitaria la prima tappa del progetto Obiettivo3 &quot;Sport Lab\u201d fondato da Alex Zanardi - Comunicati Stampa<\/title>\n<meta name=\"robots\" content=\"index, follow, max-snippet:-1, max-image-preview:large, max-video-preview:-1\" \/>\n<link rel=\"canonical\" href=\"https:\/\/portale2.unime.it\/comunicatistampa\/presentata-alla-cittadella-universitaria-la-prima-tappa-del-progetto-obiettivo3-sport-lab-fondato-da-alex-zanardi\/\" \/>\n<meta property=\"og:locale\" content=\"it_IT\" \/>\n<meta property=\"og:type\" content=\"article\" \/>\n<meta property=\"og:title\" content=\"Presentata alla Cittadella Universitaria la prima tappa del progetto Obiettivo3 &quot;Sport Lab\u201d fondato da Alex Zanardi - Comunicati Stampa\" \/>\n<meta property=\"og:description\" content=\"La palestra polivalente della Cittadella Sportiva Universitaria ha ospitato la presentazione della prima tappa di Obiettivo3 &#8220;Sport Lab&#8221;, nuovo progetto che punta a individuare, formare e lanciare giovani talenti nel mondo dello sport paralimpico. Le attivit\u00e0 del laboratorio di Obiettivo3 &#8211; fondato nel 2017 dall&#8217;ex pilota automobilistico e plurimedagliato paraciclista Alex Zanardi &#8211; saranno ospitate...\" \/>\n<meta property=\"og:url\" content=\"https:\/\/portale2.unime.it\/comunicatistampa\/presentata-alla-cittadella-universitaria-la-prima-tappa-del-progetto-obiettivo3-sport-lab-fondato-da-alex-zanardi\/\" \/>\n<meta property=\"og:site_name\" content=\"Comunicati Stampa\" \/>\n<meta property=\"article:published_time\" content=\"2026-09-04T10:32:59+00:00\" \/>\n<meta property=\"article:modified_time\" content=\"2026-09-04T10:35:16+00:00\" \/>\n<meta name=\"author\" content=\"astramandino\" \/>\n<meta name=\"twitter:card\" content=\"summary_large_image\" \/>\n<meta name=\"twitter:label1\" content=\"Scritto da\" \/>\n\t<meta name=\"twitter:data1\" content=\"astramandino\" \/>\n\t<meta name=\"twitter:label2\" content=\"Tempo di lettura stimato\" \/>\n\t<meta name=\"twitter:data2\" content=\"4 minuti\" \/>\n<script type=\"application\/ld+json\" class=\"yoast-schema-graph\">{\"@context\":\"https:\\\/\\\/schema.org\",\"@graph\":[{\"@type\":\"Article\",\"@id\":\"https:\\\/\\\/portale2.unime.it\\\/comunicatistampa\\\/presentata-alla-cittadella-universitaria-la-prima-tappa-del-progetto-obiettivo3-sport-lab-fondato-da-alex-zanardi\\\/#article\",\"isPartOf\":{\"@id\":\"https:\\\/\\\/portale2.unime.it\\\/comunicatistampa\\\/presentata-alla-cittadella-universitaria-la-prima-tappa-del-progetto-obiettivo3-sport-lab-fondato-da-alex-zanardi\\\/\"},\"author\":{\"name\":\"astramandino\",\"@id\":\"https:\\\/\\\/portale2.unime.it\\\/comunicatistampa\\\/#\\\/schema\\\/person\\\/ece3ce92132d3b80b89603a7e93eda7f\"},\"headline\":\"Presentata alla Cittadella Universitaria la prima tappa del progetto Obiettivo3 &#8220;Sport Lab\u201d fondato da Alex Zanardi\",\"datePublished\":\"2026-09-04T10:32:59+00:00\",\"dateModified\":\"2026-09-04T10:35:16+00:00\",\"mainEntityOfPage\":{\"@id\":\"https:\\\/\\\/portale2.unime.it\\\/comunicatistampa\\\/presentata-alla-cittadella-universitaria-la-prima-tappa-del-progetto-obiettivo3-sport-lab-fondato-da-alex-zanardi\\\/\"},\"wordCount\":763,\"publisher\":{\"@id\":\"https:\\\/\\\/portale2.unime.it\\\/comunicatistampa\\\/#organization\"},\"keywords\":[\"Cittadella sportiva\",\"Obiettivo3\",\"Unime\"],\"articleSection\":[\"Comunicati Stampa Universit\u00e0 di Messina\"],\"inLanguage\":\"it-IT\"},{\"@type\":\"WebPage\",\"@id\":\"https:\\\/\\\/portale2.unime.it\\\/comunicatistampa\\\/presentata-alla-cittadella-universitaria-la-prima-tappa-del-progetto-obiettivo3-sport-lab-fondato-da-alex-zanardi\\\/\",\"url\":\"https:\\\/\\\/portale2.unime.it\\\/comunicatistampa\\\/presentata-alla-cittadella-universitaria-la-prima-tappa-del-progetto-obiettivo3-sport-lab-fondato-da-alex-zanardi\\\/\",\"name\":\"Presentata alla Cittadella Universitaria la prima tappa del progetto Obiettivo3 \\\"Sport Lab\u201d fondato da Alex Zanardi - Comunicati Stampa\",\"isPartOf\":{\"@id\":\"https:\\\/\\\/portale2.unime.it\\\/comunicatistampa\\\/#website\"},\"datePublished\":\"2026-09-04T10:32:59+00:00\",\"dateModified\":\"2026-09-04T10:35:16+00:00\",\"breadcrumb\":{\"@id\":\"https:\\\/\\\/portale2.unime.it\\\/comunicatistampa\\\/presentata-alla-cittadella-universitaria-la-prima-tappa-del-progetto-obiettivo3-sport-lab-fondato-da-alex-zanardi\\\/#breadcrumb\"},\"inLanguage\":\"it-IT\",\"potentialAction\":[{\"@type\":\"ReadAction\",\"target\":[\"https:\\\/\\\/portale2.unime.it\\\/comunicatistampa\\\/presentata-alla-cittadella-universitaria-la-prima-tappa-del-progetto-obiettivo3-sport-lab-fondato-da-alex-zanardi\\\/\"]}]},{\"@type\":\"BreadcrumbList\",\"@id\":\"https:\\\/\\\/portale2.unime.it\\\/comunicatistampa\\\/presentata-alla-cittadella-universitaria-la-prima-tappa-del-progetto-obiettivo3-sport-lab-fondato-da-alex-zanardi\\\/#breadcrumb\",\"itemListElement\":[{\"@type\":\"ListItem\",\"position\":1,\"name\":\"Home\",\"item\":\"https:\\\/\\\/portale2.unime.it\\\/comunicatistampa\\\/\"},{\"@type\":\"ListItem\",\"position\":2,\"name\":\"Presentata alla Cittadella Universitaria la prima tappa del progetto Obiettivo3 &#8220;Sport Lab\u201d fondato da Alex Zanardi\"}]},{\"@type\":\"WebSite\",\"@id\":\"https:\\\/\\\/portale2.unime.it\\\/comunicatistampa\\\/#website\",\"url\":\"https:\\\/\\\/portale2.unime.it\\\/comunicatistampa\\\/\",\"name\":\"Comunicati Stampa\",\"description\":\"\",\"publisher\":{\"@id\":\"https:\\\/\\\/portale2.unime.it\\\/comunicatistampa\\\/#organization\"},\"alternateName\":\"https:\\\/\\\/comunicatistampa.unime.it\\\/\",\"potentialAction\":[{\"@type\":\"SearchAction\",\"target\":{\"@type\":\"EntryPoint\",\"urlTemplate\":\"https:\\\/\\\/portale2.unime.it\\\/comunicatistampa\\\/?s={search_term_string}\"},\"query-input\":{\"@type\":\"PropertyValueSpecification\",\"valueRequired\":true,\"valueName\":\"search_term_string\"}}],\"inLanguage\":\"it-IT\"},{\"@type\":\"Organization\",\"@id\":\"https:\\\/\\\/portale2.unime.it\\\/comunicatistampa\\\/#organization\",\"name\":\"Comunicati Stampa\",\"url\":\"https:\\\/\\\/portale2.unime.it\\\/comunicatistampa\\\/\",\"logo\":{\"@type\":\"ImageObject\",\"inLanguage\":\"it-IT\",\"@id\":\"https:\\\/\\\/portale2.unime.it\\\/comunicatistampa\\\/#\\\/schema\\\/logo\\\/image\\\/\",\"url\":\"https:\\\/\\\/portale2.unime.it\\\/comunicatistampa\\\/wp-content\\\/uploads\\\/sites\\\/51\\\/2024\\\/07\\\/COMUNICATI-STAMPA-2.png\",\"contentUrl\":\"https:\\\/\\\/portale2.unime.it\\\/comunicatistampa\\\/wp-content\\\/uploads\\\/sites\\\/51\\\/2024\\\/07\\\/COMUNICATI-STAMPA-2.png\",\"width\":1000,\"height\":346,\"caption\":\"Comunicati Stampa\"},\"image\":{\"@id\":\"https:\\\/\\\/portale2.unime.it\\\/comunicatistampa\\\/#\\\/schema\\\/logo\\\/image\\\/\"}},{\"@type\":\"Person\",\"@id\":\"https:\\\/\\\/portale2.unime.it\\\/comunicatistampa\\\/#\\\/schema\\\/person\\\/ece3ce92132d3b80b89603a7e93eda7f\",\"name\":\"astramandino\",\"image\":{\"@type\":\"ImageObject\",\"inLanguage\":\"it-IT\",\"@id\":\"https:\\\/\\\/secure.gravatar.com\\\/avatar\\\/350a04f01afddd3a9f6e057c2d618be834d7ca1192086cfd02adaba43a0e0575?s=96&d=mm&r=g\",\"url\":\"https:\\\/\\\/secure.gravatar.com\\\/avatar\\\/350a04f01afddd3a9f6e057c2d618be834d7ca1192086cfd02adaba43a0e0575?s=96&d=mm&r=g\",\"contentUrl\":\"https:\\\/\\\/secure.gravatar.com\\\/avatar\\\/350a04f01afddd3a9f6e057c2d618be834d7ca1192086cfd02adaba43a0e0575?s=96&d=mm&r=g\",\"caption\":\"astramandino\"},\"url\":\"https:\\\/\\\/portale2.unime.it\\\/comunicatistampa\\\/author\\\/astramandino\\\/\"}]}<\/script>\n<!-- \/ Yoast SEO plugin. -->","yoast_head_json":{"title":"Presentata alla Cittadella Universitaria la prima tappa del progetto Obiettivo3 \"Sport Lab\u201d fondato da Alex Zanardi - Comunicati Stampa","robots":{"index":"index","follow":"follow","max-snippet":"max-snippet:-1","max-image-preview":"max-image-preview:large","max-video-preview":"max-video-preview:-1"},"canonical":"https:\/\/portale2.unime.it\/comunicatistampa\/presentata-alla-cittadella-universitaria-la-prima-tappa-del-progetto-obiettivo3-sport-lab-fondato-da-alex-zanardi\/","og_locale":"it_IT","og_type":"article","og_title":"Presentata alla Cittadella Universitaria la prima tappa del progetto Obiettivo3 \"Sport Lab\u201d fondato da Alex Zanardi - Comunicati Stampa","og_description":"La palestra polivalente della Cittadella Sportiva Universitaria ha ospitato la presentazione della prima tappa di Obiettivo3 &#8220;Sport Lab&#8221;, nuovo progetto che punta a individuare, formare e lanciare giovani talenti nel mondo dello sport paralimpico. Le attivit\u00e0 del laboratorio di Obiettivo3 &#8211; fondato nel 2017 dall&#8217;ex pilota automobilistico e plurimedagliato paraciclista Alex Zanardi &#8211; saranno ospitate...","og_url":"https:\/\/portale2.unime.it\/comunicatistampa\/presentata-alla-cittadella-universitaria-la-prima-tappa-del-progetto-obiettivo3-sport-lab-fondato-da-alex-zanardi\/","og_site_name":"Comunicati Stampa","article_published_time":"2026-09-04T10:32:59+00:00","article_modified_time":"2026-09-04T10:35:16+00:00","author":"astramandino","twitter_card":"summary_large_image","twitter_misc":{"Scritto da":"astramandino","Tempo di lettura stimato":"4 minuti"},"schema":{"@context":"https:\/\/schema.org","@graph":[{"@type":"Article","@id":"https:\/\/portale2.unime.it\/comunicatistampa\/presentata-alla-cittadella-universitaria-la-prima-tappa-del-progetto-obiettivo3-sport-lab-fondato-da-alex-zanardi\/#article","isPartOf":{"@id":"https:\/\/portale2.unime.it\/comunicatistampa\/presentata-alla-cittadella-universitaria-la-prima-tappa-del-progetto-obiettivo3-sport-lab-fondato-da-alex-zanardi\/"},"author":{"name":"astramandino","@id":"https:\/\/portale2.unime.it\/comunicatistampa\/#\/schema\/person\/ece3ce92132d3b80b89603a7e93eda7f"},"headline":"Presentata alla Cittadella Universitaria la prima tappa del progetto Obiettivo3 &#8220;Sport Lab\u201d fondato da Alex Zanardi","datePublished":"2026-09-04T10:32:59+00:00","dateModified":"2026-09-04T10:35:16+00:00","mainEntityOfPage":{"@id":"https:\/\/portale2.unime.it\/comunicatistampa\/presentata-alla-cittadella-universitaria-la-prima-tappa-del-progetto-obiettivo3-sport-lab-fondato-da-alex-zanardi\/"},"wordCount":763,"publisher":{"@id":"https:\/\/portale2.unime.it\/comunicatistampa\/#organization"},"keywords":["Cittadella sportiva","Obiettivo3","Unime"],"articleSection":["Comunicati Stampa Universit\u00e0 di Messina"],"inLanguage":"it-IT"},{"@type":"WebPage","@id":"https:\/\/portale2.unime.it\/comunicatistampa\/presentata-alla-cittadella-universitaria-la-prima-tappa-del-progetto-obiettivo3-sport-lab-fondato-da-alex-zanardi\/","url":"https:\/\/portale2.unime.it\/comunicatistampa\/presentata-alla-cittadella-universitaria-la-prima-tappa-del-progetto-obiettivo3-sport-lab-fondato-da-alex-zanardi\/","name":"Presentata alla Cittadella Universitaria la prima tappa del progetto Obiettivo3 \"Sport Lab\u201d fondato da Alex Zanardi - Comunicati Stampa","isPartOf":{"@id":"https:\/\/portale2.unime.it\/comunicatistampa\/#website"},"datePublished":"2026-09-04T10:32:59+00:00","dateModified":"2026-09-04T10:35:16+00:00","breadcrumb":{"@id":"https:\/\/portale2.unime.it\/comunicatistampa\/presentata-alla-cittadella-universitaria-la-prima-tappa-del-progetto-obiettivo3-sport-lab-fondato-da-alex-zanardi\/#breadcrumb"},"inLanguage":"it-IT","potentialAction":[{"@type":"ReadAction","target":["https:\/\/portale2.unime.it\/comunicatistampa\/presentata-alla-cittadella-universitaria-la-prima-tappa-del-progetto-obiettivo3-sport-lab-fondato-da-alex-zanardi\/"]}]},{"@type":"BreadcrumbList","@id":"https:\/\/portale2.unime.it\/comunicatistampa\/presentata-alla-cittadella-universitaria-la-prima-tappa-del-progetto-obiettivo3-sport-lab-fondato-da-alex-zanardi\/#breadcrumb","itemListElement":[{"@type":"ListItem","position":1,"name":"Home","item":"https:\/\/portale2.unime.it\/comunicatistampa\/"},{"@type":"ListItem","position":2,"name":"Presentata alla Cittadella Universitaria la prima tappa del progetto Obiettivo3 &#8220;Sport Lab\u201d fondato da Alex Zanardi"}]},{"@type":"WebSite","@id":"https:\/\/portale2.unime.it\/comunicatistampa\/#website","url":"https:\/\/portale2.unime.it\/comunicatistampa\/","name":"Comunicati Stampa","description":"","publisher":{"@id":"https:\/\/portale2.unime.it\/comunicatistampa\/#organization"},"alternateName":"https:\/\/comunicatistampa.unime.it\/","potentialAction":[{"@type":"SearchAction","target":{"@type":"EntryPoint","urlTemplate":"https:\/\/portale2.unime.it\/comunicatistampa\/?s={search_term_string}"},"query-input":{"@type":"PropertyValueSpecification","valueRequired":true,"valueName":"search_term_string"}}],"inLanguage":"it-IT"},{"@type":"Organization","@id":"https:\/\/portale2.unime.it\/comunicatistampa\/#organization","name":"Comunicati Stampa","url":"https:\/\/portale2.unime.it\/comunicatistampa\/","logo":{"@type":"ImageObject","inLanguage":"it-IT","@id":"https:\/\/portale2.unime.it\/comunicatistampa\/#\/schema\/logo\/image\/","url":"https:\/\/portale2.unime.it\/comunicatistampa\/wp-content\/uploads\/sites\/51\/2024\/07\/COMUNICATI-STAMPA-2.png","contentUrl":"https:\/\/portale2.unime.it\/comunicatistampa\/wp-content\/uploads\/sites\/51\/2024\/07\/COMUNICATI-STAMPA-2.png","width":1000,"height":346,"caption":"Comunicati Stampa"},"image":{"@id":"https:\/\/portale2.unime.it\/comunicatistampa\/#\/schema\/logo\/image\/"}},{"@type":"Person","@id":"https:\/\/portale2.unime.it\/comunicatistampa\/#\/schema\/person\/ece3ce92132d3b80b89603a7e93eda7f","name":"astramandino","image":{"@type":"ImageObject","inLanguage":"it-IT","@id":"https:\/\/secure.gravatar.com\/avatar\/350a04f01afddd3a9f6e057c2d618be834d7ca1192086cfd02adaba43a0e0575?s=96&d=mm&r=g","url":"https:\/\/secure.gravatar.com\/avatar\/350a04f01afddd3a9f6e057c2d618be834d7ca1192086cfd02adaba43a0e0575?s=96&d=mm&r=g","contentUrl":"https:\/\/secure.gravatar.com\/avatar\/350a04f01afddd3a9f6e057c2d618be834d7ca1192086cfd02adaba43a0e0575?s=96&d=mm&r=g","caption":"astramandino"},"url":"https:\/\/portale2.unime.it\/comunicatistampa\/author\/astramandino\/"}]}},"_links":{"self":[{"href":"https:\/\/portale2.unime.it\/comunicatistampa\/wp-json\/wp\/v2\/posts\/21431","targetHints":{"allow":["GET"]}}],"collection":[{"href":"https:\/\/portale2.unime.it\/comunicatistampa\/wp-json\/wp\/v2\/posts"}],"about":[{"href":"https:\/\/portale2.unime.it\/comunicatistampa\/wp-json\/wp\/v2\/types\/post"}],"author":[{"embeddable":true,"href":"https:\/\/portale2.unime.it\/comunicatistampa\/wp-json\/wp\/v2\/users\/60"}],"replies":[{"embeddable":true,"href":"https:\/\/portale2.unime.it\/comunicatistampa\/wp-json\/wp\/v2\/comments?post=21431"}],"version-history":[{"count":2,"href":"https:\/\/portale2.unime.it\/comunicatistampa\/wp-json\/wp\/v2\/posts\/21431\/revisions"}],"predecessor-version":[{"id":21433,"href":"https:\/\/portale2.unime.it\/comunicatistampa\/wp-json\/wp\/v2\/posts\/21431\/revisions\/21433"}],"wp:attachment":[{"href":"https:\/\/portale2.unime.it\/comunicatistampa\/wp-json\/wp\/v2\/media?parent=21431"}],"wp:term":[{"taxonomy":"category","embeddable":true,"href":"https:\/\/portale2.unime.it\/comunicatistampa\/wp-json\/wp\/v2\/categories?post=21431"},{"taxonomy":"post_tag","embeddable":true,"href":"https:\/\/portale2.unime.it\/comunicatistampa\/wp-json\/wp\/v2\/tags?post=21431"}],"curies":[{"name":"wp","href":"https:\/\/api.w.org\/{rel}","templated":true}]}}