{"id":2718,"date":"2013-10-10T09:03:49","date_gmt":"2013-10-10T08:03:49","guid":{"rendered":"http:\/\/portale.unime.it\/comunicatistampa\/?p=2718"},"modified":"2013-10-10T09:03:49","modified_gmt":"2013-10-10T08:03:49","slug":"simposio-internazionale-di-fisica-delle-particelle-elementari","status":"publish","type":"post","link":"https:\/\/portale2.unime.it\/comunicatistampa\/simposio-internazionale-di-fisica-delle-particelle-elementari\/","title":{"rendered":"Simposio Internazionale di Fisica delle Particelle Elementari"},"content":{"rendered":"<p style=\"text-align: justify\">Nei giorni 14 e 15 Ottobre presso l&#8217;Hotel \u201cCapo Peloro Resort\u201d si terr\u00e0 a Messina l&#8217;International Simposium \u201cLepton and Hadron Physics at Meson-Factories\u201d sponsorizzato dall\u2019Universit\u00e0 di Messina e dalla Fondazione \u201cBonino-Pulejo\u201d di Messina.<!--more--><\/p>\n<p style=\"text-align: justify\">L\u2019attivit\u00e0 scientifica relativa all\u2019International Symposium riguarda l\u2019importante settore della ricerca sulla produzione e analisi dei canali leptonici e adronici nelle interazioni tra particelle portanti alla formazione di mesoni, leptoni e radiazione elettromagnetica.<\/p>\n<p style=\"text-align: justify\">Il Simposio \u00a0\u00e8 organizzato dal Prof. Giorgio Giardina che ne \u00e8 il Chairman ed \u00e8 coadiuvato\u00a0 dai co-Chairmen\u00a0 Prof. Simon Eidelman di Novosibirsk, Dott. Giuseppe Mandaglio di Messina, Dott. Graziano Venanzoni dei Laboratori Nazionali di Frascati e dalle Segretarie Scientifiche Dr.ssa Francesca Curciarello e Dr.ssa Veronica De Leo del Dipartimento di Fisica e di Scienze della Terra dell&#8217;Universit\u00e0 di Messina.<\/p>\n<p style=\"text-align: justify\">I campi di ricerca riguardano lo spettro di eccitazione del nucleone, la spettroscopia del mesone, la investigazione dell\u2019U-boson nel processo di produzione della coppia di muoni nelle collisioni relativistiche dell\u2019elettrone e positrone per gli studi della \u201cdark matter\u201d and \u201cdark forces\u201d, le prime conferme della esistenza del bosone di Higgs, la fotoproduzione di mesoni e la osservazione delle risonanze barioniche negli esperimenti con proiettile e bersaglio polarizzati, le collisioni ultra-relativistiche tra nucleoni, l\u2019analisi interferometrica dei Kaoni per la CP e CPT violations, la determinazione dell&#8217;anomalia magnetica del muone i cui risultati costituiscono dei test fondamentali per la validit\u00e0 del Modello Standard e delle eventuali necessarie revisioni. In relazione alle ricerche sulle \u201cforze oscure\u201d, i fisici sperano di trarre dai diversi esperimenti e progetti utili indicazioni o concreti segni di qualcosa di raro che possa configurarsi come un fotone non convenzionale dotato di massa (heavy or dark photon) rivelabile per\u00f2 solo indirettamente, la cui esistenza dischiuderebbe la porta di un mondo finora sconosciuto di forze e atomi che potrebbero essere ricondotti alla \u201c\u201ddark matter\u201d e \u201cdark energy\u201d costituenti circa il 95% della stimata massa-energia mancante\u00a0 nell\u2019universo. Similmente al caso del conosciuto fotone convenzionale che \u00e8 il mediatore delle forze elettromagnetiche, il \u201cdark photon\u201d potrebbe essere il mediatore di un nuovo tipo di forza fondamentale (dark force) in aggiunta ai quattro tipi di forze gi\u00e0 note (nucleare, elettromagnetica, gravitazionale ed elettrodebole).<\/p>\n<p style=\"text-align: justify\">Gli argomenti che verranno trattati costituiscono una rassegna delle attivit\u00e0 di ricerca che si svolgono nei principali Laboratori internazionali nel campo della fisica delle interazioni fondamentali, e i nuovi risultati dischiudono prospettive sempre pi\u00f9 interessanti sui modelli, sulle conoscenze e principalmente sulle molte questioni ancora aperte riguardo il campo della Cosmologia e della Fisica Astroparticellare.<\/p>\n<p style=\"text-align: justify\">Sono previste la presentazione e discussione delle seguenti relazioni scientifiche:\u00a0 Marco Battaglieri (Genova), Gianluigi Boca (Pavia), Fabio Bossi (Frascati), Francesca Curciarello (Messina), Veronica De Leo (Messina), Antonio Di Domenico (Roma), Simon Eidelman (Novosibirk), Matteo Fael (Padova), Yuping Guo (Mainz), Andreas Hafner (Mainz), Bernd Krusche (Basel), Jacopo Ferretti (Genova), Andrezej Kupsc (Upsala), Hai-Bo Li (Beijing), Ivan Logashenko (Novosibirsk), Douglas MCGregor (Glasgow), Giuseppe Mandaglio (Messina), Francesco Mammoliti (Catania), Miha Mihovilovic (Mainz), Ian Nugent (Aachen-Germania), Massimo Passera (Padova), Alessandro Pilloni (Roma),\u00a0 Christoph Redmer (Mainz), David Rubin (Ithaca-USA), Elena Santopinto (Genova), Ivano Serra (Frascati), Luca Trentadue (Parma), Marc Unverzagt (Mainz), Graziano Venanzoni (Frascati).<\/p>\n<p style=\"text-align: justify\">Per ulteriori informazioni:<\/p>\n<p style=\"text-align: justify\"><a href=\"http:\/\/newcleo.unime.it\/Events\/LHPMF2013\/index.html\">http:\/\/newcleo.unime.it\/Events\/LHPMF2013\/index.html<\/a><\/p>\n","protected":false},"excerpt":{"rendered":"<p>Nei giorni 14 e 15 Ottobre presso l&#8217;Hotel \u201cCapo Peloro Resort\u201d si terr\u00e0 a Messina l&#8217;International Simposium \u201cLepton and Hadron Physics at Meson-Factories\u201d sponsorizzato dall\u2019Universit\u00e0 di Messina e dalla Fondazione \u201cBonino-Pulejo\u201d di Messina.<\/p>\n","protected":false},"author":59,"featured_media":0,"comment_status":"closed","ping_status":"open","sticky":false,"template":"","format":"standard","meta":{"_acf_changed":false,"footnotes":""},"categories":[2,3],"tags":[1490,1714,2904,3809,4244],"class_list":["post-2718","post","type-post","status-publish","format-standard","hentry","category-comunicati-archiviati","category-comunicati","tag-elementari","tag-fisica","tag-particelle","tag-simposio","tag-unime","entry"],"yoast_head":"<!-- This site is optimized with the Yoast SEO plugin v27.4 - https:\/\/yoast.com\/product\/yoast-seo-wordpress\/ -->\n<title>Simposio Internazionale di Fisica delle Particelle Elementari - Comunicati Stampa<\/title>\n<meta name=\"robots\" content=\"index, follow, max-snippet:-1, max-image-preview:large, max-video-preview:-1\" \/>\n<link rel=\"canonical\" href=\"https:\/\/comunicatistampa.unime.it\/simposio-internazionale-di-fisica-delle-particelle-elementari\/\" \/>\n<meta property=\"og:locale\" content=\"it_IT\" \/>\n<meta property=\"og:type\" content=\"article\" \/>\n<meta property=\"og:title\" content=\"Simposio Internazionale di Fisica delle Particelle Elementari - Comunicati Stampa\" \/>\n<meta property=\"og:description\" content=\"Nei giorni 14 e 15 Ottobre presso l&#8217;Hotel \u201cCapo Peloro Resort\u201d si terr\u00e0 a Messina l&#8217;International Simposium \u201cLepton and Hadron Physics at Meson-Factories\u201d sponsorizzato dall\u2019Universit\u00e0 di Messina e dalla Fondazione \u201cBonino-Pulejo\u201d di Messina.\" \/>\n<meta property=\"og:url\" content=\"https:\/\/comunicatistampa.unime.it\/simposio-internazionale-di-fisica-delle-particelle-elementari\/\" \/>\n<meta property=\"og:site_name\" content=\"Comunicati Stampa\" \/>\n<meta property=\"article:published_time\" content=\"2013-10-10T08:03:49+00:00\" \/>\n<meta name=\"author\" content=\"vruggeri\" \/>\n<meta name=\"twitter:card\" content=\"summary_large_image\" \/>\n<meta name=\"twitter:label1\" content=\"Scritto da\" \/>\n\t<meta name=\"twitter:data1\" content=\"vruggeri\" \/>\n\t<meta name=\"twitter:label2\" content=\"Tempo di lettura stimato\" \/>\n\t<meta name=\"twitter:data2\" content=\"3 minuti\" \/>\n<script type=\"application\/ld+json\" class=\"yoast-schema-graph\">{\"@context\":\"https:\\\/\\\/schema.org\",\"@graph\":[{\"@type\":\"Article\",\"@id\":\"https:\\\/\\\/comunicatistampa.unime.it\\\/simposio-internazionale-di-fisica-delle-particelle-elementari\\\/#article\",\"isPartOf\":{\"@id\":\"https:\\\/\\\/comunicatistampa.unime.it\\\/simposio-internazionale-di-fisica-delle-particelle-elementari\\\/\"},\"author\":{\"name\":\"vruggeri\",\"@id\":\"https:\\\/\\\/portale2.unime.it\\\/comunicatistampa\\\/#\\\/schema\\\/person\\\/1583afcbf01b1f63c5a7cfd5bdb06b61\"},\"headline\":\"Simposio Internazionale di Fisica delle Particelle Elementari\",\"datePublished\":\"2013-10-10T08:03:49+00:00\",\"mainEntityOfPage\":{\"@id\":\"https:\\\/\\\/comunicatistampa.unime.it\\\/simposio-internazionale-di-fisica-delle-particelle-elementari\\\/\"},\"wordCount\":533,\"publisher\":{\"@id\":\"https:\\\/\\\/portale2.unime.it\\\/comunicatistampa\\\/#organization\"},\"keywords\":[\"elementari\",\"fisica\",\"particelle\",\"Simposio\",\"Unime\"],\"articleSection\":[\"Comunicati Stampa Anni Precedenti\",\"Comunicati Stampa Universit\u00e0 di Messina\"],\"inLanguage\":\"it-IT\"},{\"@type\":\"WebPage\",\"@id\":\"https:\\\/\\\/comunicatistampa.unime.it\\\/simposio-internazionale-di-fisica-delle-particelle-elementari\\\/\",\"url\":\"https:\\\/\\\/comunicatistampa.unime.it\\\/simposio-internazionale-di-fisica-delle-particelle-elementari\\\/\",\"name\":\"Simposio Internazionale di Fisica delle Particelle Elementari - Comunicati Stampa\",\"isPartOf\":{\"@id\":\"https:\\\/\\\/portale2.unime.it\\\/comunicatistampa\\\/#website\"},\"datePublished\":\"2013-10-10T08:03:49+00:00\",\"breadcrumb\":{\"@id\":\"https:\\\/\\\/comunicatistampa.unime.it\\\/simposio-internazionale-di-fisica-delle-particelle-elementari\\\/#breadcrumb\"},\"inLanguage\":\"it-IT\",\"potentialAction\":[{\"@type\":\"ReadAction\",\"target\":[\"https:\\\/\\\/comunicatistampa.unime.it\\\/simposio-internazionale-di-fisica-delle-particelle-elementari\\\/\"]}]},{\"@type\":\"BreadcrumbList\",\"@id\":\"https:\\\/\\\/comunicatistampa.unime.it\\\/simposio-internazionale-di-fisica-delle-particelle-elementari\\\/#breadcrumb\",\"itemListElement\":[{\"@type\":\"ListItem\",\"position\":1,\"name\":\"Home\",\"item\":\"https:\\\/\\\/portale2.unime.it\\\/comunicatistampa\\\/\"},{\"@type\":\"ListItem\",\"position\":2,\"name\":\"Simposio Internazionale di Fisica delle Particelle Elementari\"}]},{\"@type\":\"WebSite\",\"@id\":\"https:\\\/\\\/portale2.unime.it\\\/comunicatistampa\\\/#website\",\"url\":\"https:\\\/\\\/portale2.unime.it\\\/comunicatistampa\\\/\",\"name\":\"Comunicati Stampa\",\"description\":\"\",\"publisher\":{\"@id\":\"https:\\\/\\\/portale2.unime.it\\\/comunicatistampa\\\/#organization\"},\"alternateName\":\"https:\\\/\\\/comunicatistampa.unime.it\\\/\",\"potentialAction\":[{\"@type\":\"SearchAction\",\"target\":{\"@type\":\"EntryPoint\",\"urlTemplate\":\"https:\\\/\\\/portale2.unime.it\\\/comunicatistampa\\\/?s={search_term_string}\"},\"query-input\":{\"@type\":\"PropertyValueSpecification\",\"valueRequired\":true,\"valueName\":\"search_term_string\"}}],\"inLanguage\":\"it-IT\"},{\"@type\":\"Organization\",\"@id\":\"https:\\\/\\\/portale2.unime.it\\\/comunicatistampa\\\/#organization\",\"name\":\"Comunicati Stampa\",\"url\":\"https:\\\/\\\/portale2.unime.it\\\/comunicatistampa\\\/\",\"logo\":{\"@type\":\"ImageObject\",\"inLanguage\":\"it-IT\",\"@id\":\"https:\\\/\\\/portale2.unime.it\\\/comunicatistampa\\\/#\\\/schema\\\/logo\\\/image\\\/\",\"url\":\"https:\\\/\\\/portale2.unime.it\\\/comunicatistampa\\\/wp-content\\\/uploads\\\/sites\\\/51\\\/2024\\\/07\\\/COMUNICATI-STAMPA-2.png\",\"contentUrl\":\"https:\\\/\\\/portale2.unime.it\\\/comunicatistampa\\\/wp-content\\\/uploads\\\/sites\\\/51\\\/2024\\\/07\\\/COMUNICATI-STAMPA-2.png\",\"width\":1000,\"height\":346,\"caption\":\"Comunicati Stampa\"},\"image\":{\"@id\":\"https:\\\/\\\/portale2.unime.it\\\/comunicatistampa\\\/#\\\/schema\\\/logo\\\/image\\\/\"}},{\"@type\":\"Person\",\"@id\":\"https:\\\/\\\/portale2.unime.it\\\/comunicatistampa\\\/#\\\/schema\\\/person\\\/1583afcbf01b1f63c5a7cfd5bdb06b61\",\"name\":\"vruggeri\",\"image\":{\"@type\":\"ImageObject\",\"inLanguage\":\"it-IT\",\"@id\":\"https:\\\/\\\/secure.gravatar.com\\\/avatar\\\/679e62dd7b2e027c9c34cc1dff90cd97124f4a2a72fad6cf6a62f709cd57534f?s=96&d=mm&r=g\",\"url\":\"https:\\\/\\\/secure.gravatar.com\\\/avatar\\\/679e62dd7b2e027c9c34cc1dff90cd97124f4a2a72fad6cf6a62f709cd57534f?s=96&d=mm&r=g\",\"contentUrl\":\"https:\\\/\\\/secure.gravatar.com\\\/avatar\\\/679e62dd7b2e027c9c34cc1dff90cd97124f4a2a72fad6cf6a62f709cd57534f?s=96&d=mm&r=g\",\"caption\":\"vruggeri\"},\"url\":\"https:\\\/\\\/portale2.unime.it\\\/comunicatistampa\\\/author\\\/vruggeri\\\/\"}]}<\/script>\n<!-- \/ Yoast SEO plugin. -->","yoast_head_json":{"title":"Simposio Internazionale di Fisica delle Particelle Elementari - Comunicati Stampa","robots":{"index":"index","follow":"follow","max-snippet":"max-snippet:-1","max-image-preview":"max-image-preview:large","max-video-preview":"max-video-preview:-1"},"canonical":"https:\/\/comunicatistampa.unime.it\/simposio-internazionale-di-fisica-delle-particelle-elementari\/","og_locale":"it_IT","og_type":"article","og_title":"Simposio Internazionale di Fisica delle Particelle Elementari - Comunicati Stampa","og_description":"Nei giorni 14 e 15 Ottobre presso l&#8217;Hotel \u201cCapo Peloro Resort\u201d si terr\u00e0 a Messina l&#8217;International Simposium \u201cLepton and Hadron Physics at Meson-Factories\u201d sponsorizzato dall\u2019Universit\u00e0 di Messina e dalla Fondazione \u201cBonino-Pulejo\u201d di Messina.","og_url":"https:\/\/comunicatistampa.unime.it\/simposio-internazionale-di-fisica-delle-particelle-elementari\/","og_site_name":"Comunicati Stampa","article_published_time":"2013-10-10T08:03:49+00:00","author":"vruggeri","twitter_card":"summary_large_image","twitter_misc":{"Scritto da":"vruggeri","Tempo di lettura stimato":"3 minuti"},"schema":{"@context":"https:\/\/schema.org","@graph":[{"@type":"Article","@id":"https:\/\/comunicatistampa.unime.it\/simposio-internazionale-di-fisica-delle-particelle-elementari\/#article","isPartOf":{"@id":"https:\/\/comunicatistampa.unime.it\/simposio-internazionale-di-fisica-delle-particelle-elementari\/"},"author":{"name":"vruggeri","@id":"https:\/\/portale2.unime.it\/comunicatistampa\/#\/schema\/person\/1583afcbf01b1f63c5a7cfd5bdb06b61"},"headline":"Simposio Internazionale di Fisica delle Particelle Elementari","datePublished":"2013-10-10T08:03:49+00:00","mainEntityOfPage":{"@id":"https:\/\/comunicatistampa.unime.it\/simposio-internazionale-di-fisica-delle-particelle-elementari\/"},"wordCount":533,"publisher":{"@id":"https:\/\/portale2.unime.it\/comunicatistampa\/#organization"},"keywords":["elementari","fisica","particelle","Simposio","Unime"],"articleSection":["Comunicati Stampa Anni Precedenti","Comunicati Stampa Universit\u00e0 di Messina"],"inLanguage":"it-IT"},{"@type":"WebPage","@id":"https:\/\/comunicatistampa.unime.it\/simposio-internazionale-di-fisica-delle-particelle-elementari\/","url":"https:\/\/comunicatistampa.unime.it\/simposio-internazionale-di-fisica-delle-particelle-elementari\/","name":"Simposio Internazionale di Fisica delle Particelle Elementari - Comunicati Stampa","isPartOf":{"@id":"https:\/\/portale2.unime.it\/comunicatistampa\/#website"},"datePublished":"2013-10-10T08:03:49+00:00","breadcrumb":{"@id":"https:\/\/comunicatistampa.unime.it\/simposio-internazionale-di-fisica-delle-particelle-elementari\/#breadcrumb"},"inLanguage":"it-IT","potentialAction":[{"@type":"ReadAction","target":["https:\/\/comunicatistampa.unime.it\/simposio-internazionale-di-fisica-delle-particelle-elementari\/"]}]},{"@type":"BreadcrumbList","@id":"https:\/\/comunicatistampa.unime.it\/simposio-internazionale-di-fisica-delle-particelle-elementari\/#breadcrumb","itemListElement":[{"@type":"ListItem","position":1,"name":"Home","item":"https:\/\/portale2.unime.it\/comunicatistampa\/"},{"@type":"ListItem","position":2,"name":"Simposio Internazionale di Fisica delle Particelle Elementari"}]},{"@type":"WebSite","@id":"https:\/\/portale2.unime.it\/comunicatistampa\/#website","url":"https:\/\/portale2.unime.it\/comunicatistampa\/","name":"Comunicati Stampa","description":"","publisher":{"@id":"https:\/\/portale2.unime.it\/comunicatistampa\/#organization"},"alternateName":"https:\/\/comunicatistampa.unime.it\/","potentialAction":[{"@type":"SearchAction","target":{"@type":"EntryPoint","urlTemplate":"https:\/\/portale2.unime.it\/comunicatistampa\/?s={search_term_string}"},"query-input":{"@type":"PropertyValueSpecification","valueRequired":true,"valueName":"search_term_string"}}],"inLanguage":"it-IT"},{"@type":"Organization","@id":"https:\/\/portale2.unime.it\/comunicatistampa\/#organization","name":"Comunicati Stampa","url":"https:\/\/portale2.unime.it\/comunicatistampa\/","logo":{"@type":"ImageObject","inLanguage":"it-IT","@id":"https:\/\/portale2.unime.it\/comunicatistampa\/#\/schema\/logo\/image\/","url":"https:\/\/portale2.unime.it\/comunicatistampa\/wp-content\/uploads\/sites\/51\/2024\/07\/COMUNICATI-STAMPA-2.png","contentUrl":"https:\/\/portale2.unime.it\/comunicatistampa\/wp-content\/uploads\/sites\/51\/2024\/07\/COMUNICATI-STAMPA-2.png","width":1000,"height":346,"caption":"Comunicati Stampa"},"image":{"@id":"https:\/\/portale2.unime.it\/comunicatistampa\/#\/schema\/logo\/image\/"}},{"@type":"Person","@id":"https:\/\/portale2.unime.it\/comunicatistampa\/#\/schema\/person\/1583afcbf01b1f63c5a7cfd5bdb06b61","name":"vruggeri","image":{"@type":"ImageObject","inLanguage":"it-IT","@id":"https:\/\/secure.gravatar.com\/avatar\/679e62dd7b2e027c9c34cc1dff90cd97124f4a2a72fad6cf6a62f709cd57534f?s=96&d=mm&r=g","url":"https:\/\/secure.gravatar.com\/avatar\/679e62dd7b2e027c9c34cc1dff90cd97124f4a2a72fad6cf6a62f709cd57534f?s=96&d=mm&r=g","contentUrl":"https:\/\/secure.gravatar.com\/avatar\/679e62dd7b2e027c9c34cc1dff90cd97124f4a2a72fad6cf6a62f709cd57534f?s=96&d=mm&r=g","caption":"vruggeri"},"url":"https:\/\/portale2.unime.it\/comunicatistampa\/author\/vruggeri\/"}]}},"acf":[],"_links":{"self":[{"href":"https:\/\/portale2.unime.it\/comunicatistampa\/wp-json\/wp\/v2\/posts\/2718","targetHints":{"allow":["GET"]}}],"collection":[{"href":"https:\/\/portale2.unime.it\/comunicatistampa\/wp-json\/wp\/v2\/posts"}],"about":[{"href":"https:\/\/portale2.unime.it\/comunicatistampa\/wp-json\/wp\/v2\/types\/post"}],"author":[{"embeddable":true,"href":"https:\/\/portale2.unime.it\/comunicatistampa\/wp-json\/wp\/v2\/users\/59"}],"replies":[{"embeddable":true,"href":"https:\/\/portale2.unime.it\/comunicatistampa\/wp-json\/wp\/v2\/comments?post=2718"}],"version-history":[{"count":0,"href":"https:\/\/portale2.unime.it\/comunicatistampa\/wp-json\/wp\/v2\/posts\/2718\/revisions"}],"wp:attachment":[{"href":"https:\/\/portale2.unime.it\/comunicatistampa\/wp-json\/wp\/v2\/media?parent=2718"}],"wp:term":[{"taxonomy":"category","embeddable":true,"href":"https:\/\/portale2.unime.it\/comunicatistampa\/wp-json\/wp\/v2\/categories?post=2718"},{"taxonomy":"post_tag","embeddable":true,"href":"https:\/\/portale2.unime.it\/comunicatistampa\/wp-json\/wp\/v2\/tags?post=2718"}],"curies":[{"name":"wp","href":"https:\/\/api.w.org\/{rel}","templated":true}]}}