{"id":4341,"date":"2014-07-22T11:36:46","date_gmt":"2014-07-22T10:36:46","guid":{"rendered":"http:\/\/portale.unime.it\/comunicatistampa\/?p=4341"},"modified":"2014-07-22T11:36:46","modified_gmt":"2014-07-22T10:36:46","slug":"contributi-per-linserimento-occupazionale-dei-dottori-di-ricerca","status":"publish","type":"post","link":"https:\/\/portale2.unime.it\/comunicatistampa\/contributi-per-linserimento-occupazionale-dei-dottori-di-ricerca\/","title":{"rendered":"Contributi per l&#8217;inserimento occupazionale dei dottori di ricerca"},"content":{"rendered":"<p style=\"text-align: justify\">Italia Lavoro s.p.A., l&#8217;Agenzia del Ministero per la promozione delle politiche del lavoro, ha pubblicato all&#8217;interno del programma FIXO S&amp;U, l&#8217;Avviso pubblico a sportello rivolto alle imprese per la richiesta di contributi finalizzati all&#8217;inserimento occupazionale dei dottori di ricerca .<!--more--><\/p>\n<p style=\"text-align: justify\">Il programma agisce sul territorio nazionale e si propone di intervenire nell&#8217;ambito dei percorsi educativi e formativi al sistema del mercato del lavoro con lo scopo di contribuire alla riduzione dei tempi di ingresso nel mercato del lavoro dei dottori di ricerca.<br \/>\nL&#8217;avviso \u00e8 volto ad incentivare l&#8217;assunzione a tempo pieno di dottori di ricerca di et\u00e0 compresa tra i 30 ed i 35 anni non compiuti, sull&#8217;intero territorio nazionale, mediante la concessione di contributi alle imprese per la stipula di contratti di lavoro subordinato a tempo determinato &#8211; di durata pari ad almeno 12 mesi &#8211; oppure a tempo indeterminato ed \u00e8 previsto un contributo all&#8217;assunzione di 8.000,00 euro per ogni assunto. \u00c8 altres\u00ec previsto un ulteriore contributo pari al 95% delle spese sostenute dall&#8217;impresa per attivit\u00e0 di assistenza didattica individuale, attraverso la definizione, di concerto con un&#8217;Istituzione formativa (Universit\u00e0 pubblica o privata o Centri di Ricerca o Enti pubblici o privati) di un Progetto di ricerca congiunto tra l&#8217;Istituzione formativa stessa e l&#8217;impresa.<br \/>\nI contributi erogati da Italia Lavoro non sono cumulabili con altri incentivi all&#8217;assunzione erogati dallo stesso Ente, mentre i contributi oggetto del presente avviso sono cumulabili con altri contributi erogati da altri Enti Pubblici a favore del medesimo lavoratore, salva la previsione di diversa indicazione negli Avvisi pubblici di riferimento.<\/p>\n<p style=\"text-align: justify\">Per ulteriori informazioni \u00e8 possibile rivolgersi all&#8217; Ufficio Job Placement dell&#8217;Ateneo 090 676 8266\/72\/74 o consultare il sito www.unime.it<\/p>\n","protected":false},"excerpt":{"rendered":"<p>Italia Lavoro s.p.A., l&#8217;Agenzia del Ministero per la promozione delle politiche del lavoro, ha pubblicato all&#8217;interno del programma FIXO S&amp;U, l&#8217;Avviso pubblico a sportello rivolto alle imprese per la richiesta di contributi finalizzati all&#8217;inserimento occupazionale dei dottori di ricerca .<\/p>\n","protected":false},"author":59,"featured_media":0,"comment_status":"closed","ping_status":"open","sticky":false,"template":"","format":"standard","meta":{"_acf_changed":false,"footnotes":""},"categories":[3],"tags":[1042,1445,1725,2197,4244],"class_list":["post-4341","post","type-post","status-publish","format-standard","hentry","category-comunicati","tag-contributi","tag-dottori-di-ricerca","tag-fixo","tag-italia-lavoro","tag-unime","entry"],"yoast_head":"<!-- This site is optimized with the Yoast SEO plugin v27.4 - https:\/\/yoast.com\/product\/yoast-seo-wordpress\/ -->\n<title>Contributi per l&#039;inserimento occupazionale dei dottori di ricerca - Comunicati Stampa<\/title>\n<meta name=\"robots\" content=\"index, follow, max-snippet:-1, max-image-preview:large, max-video-preview:-1\" \/>\n<link rel=\"canonical\" href=\"https:\/\/comunicatistampa.unime.it\/contributi-per-linserimento-occupazionale-dei-dottori-di-ricerca\/\" \/>\n<meta property=\"og:locale\" content=\"it_IT\" \/>\n<meta property=\"og:type\" content=\"article\" \/>\n<meta property=\"og:title\" content=\"Contributi per l&#039;inserimento occupazionale dei dottori di ricerca - Comunicati Stampa\" \/>\n<meta property=\"og:description\" content=\"Italia Lavoro s.p.A., l&#8217;Agenzia del Ministero per la promozione delle politiche del lavoro, ha pubblicato all&#8217;interno del programma FIXO S&amp;U, l&#8217;Avviso pubblico a sportello rivolto alle imprese per la richiesta di contributi finalizzati all&#8217;inserimento occupazionale dei dottori di ricerca .\" \/>\n<meta property=\"og:url\" content=\"https:\/\/comunicatistampa.unime.it\/contributi-per-linserimento-occupazionale-dei-dottori-di-ricerca\/\" \/>\n<meta property=\"og:site_name\" content=\"Comunicati Stampa\" \/>\n<meta property=\"article:published_time\" content=\"2014-07-22T10:36:46+00:00\" \/>\n<meta name=\"author\" content=\"vruggeri\" \/>\n<meta name=\"twitter:card\" content=\"summary_large_image\" \/>\n<meta name=\"twitter:label1\" content=\"Scritto da\" \/>\n\t<meta name=\"twitter:data1\" content=\"vruggeri\" \/>\n\t<meta name=\"twitter:label2\" content=\"Tempo di lettura stimato\" \/>\n\t<meta name=\"twitter:data2\" content=\"1 minuto\" \/>\n<script type=\"application\/ld+json\" class=\"yoast-schema-graph\">{\"@context\":\"https:\\\/\\\/schema.org\",\"@graph\":[{\"@type\":\"Article\",\"@id\":\"https:\\\/\\\/comunicatistampa.unime.it\\\/contributi-per-linserimento-occupazionale-dei-dottori-di-ricerca\\\/#article\",\"isPartOf\":{\"@id\":\"https:\\\/\\\/comunicatistampa.unime.it\\\/contributi-per-linserimento-occupazionale-dei-dottori-di-ricerca\\\/\"},\"author\":{\"name\":\"vruggeri\",\"@id\":\"https:\\\/\\\/portale2.unime.it\\\/comunicatistampa\\\/#\\\/schema\\\/person\\\/1583afcbf01b1f63c5a7cfd5bdb06b61\"},\"headline\":\"Contributi per l&#8217;inserimento occupazionale dei dottori di ricerca\",\"datePublished\":\"2014-07-22T10:36:46+00:00\",\"mainEntityOfPage\":{\"@id\":\"https:\\\/\\\/comunicatistampa.unime.it\\\/contributi-per-linserimento-occupazionale-dei-dottori-di-ricerca\\\/\"},\"wordCount\":291,\"publisher\":{\"@id\":\"https:\\\/\\\/portale2.unime.it\\\/comunicatistampa\\\/#organization\"},\"keywords\":[\"contributi\",\"dottori di ricerca\",\"Fixo\",\"Italia Lavoro\",\"Unime\"],\"articleSection\":[\"Comunicati Stampa Universit\u00e0 di Messina\"],\"inLanguage\":\"it-IT\"},{\"@type\":\"WebPage\",\"@id\":\"https:\\\/\\\/comunicatistampa.unime.it\\\/contributi-per-linserimento-occupazionale-dei-dottori-di-ricerca\\\/\",\"url\":\"https:\\\/\\\/comunicatistampa.unime.it\\\/contributi-per-linserimento-occupazionale-dei-dottori-di-ricerca\\\/\",\"name\":\"Contributi per l'inserimento occupazionale dei dottori di ricerca - Comunicati Stampa\",\"isPartOf\":{\"@id\":\"https:\\\/\\\/portale2.unime.it\\\/comunicatistampa\\\/#website\"},\"datePublished\":\"2014-07-22T10:36:46+00:00\",\"breadcrumb\":{\"@id\":\"https:\\\/\\\/comunicatistampa.unime.it\\\/contributi-per-linserimento-occupazionale-dei-dottori-di-ricerca\\\/#breadcrumb\"},\"inLanguage\":\"it-IT\",\"potentialAction\":[{\"@type\":\"ReadAction\",\"target\":[\"https:\\\/\\\/comunicatistampa.unime.it\\\/contributi-per-linserimento-occupazionale-dei-dottori-di-ricerca\\\/\"]}]},{\"@type\":\"BreadcrumbList\",\"@id\":\"https:\\\/\\\/comunicatistampa.unime.it\\\/contributi-per-linserimento-occupazionale-dei-dottori-di-ricerca\\\/#breadcrumb\",\"itemListElement\":[{\"@type\":\"ListItem\",\"position\":1,\"name\":\"Home\",\"item\":\"https:\\\/\\\/portale2.unime.it\\\/comunicatistampa\\\/\"},{\"@type\":\"ListItem\",\"position\":2,\"name\":\"Contributi per l&#8217;inserimento occupazionale dei dottori di ricerca\"}]},{\"@type\":\"WebSite\",\"@id\":\"https:\\\/\\\/portale2.unime.it\\\/comunicatistampa\\\/#website\",\"url\":\"https:\\\/\\\/portale2.unime.it\\\/comunicatistampa\\\/\",\"name\":\"Comunicati Stampa\",\"description\":\"\",\"publisher\":{\"@id\":\"https:\\\/\\\/portale2.unime.it\\\/comunicatistampa\\\/#organization\"},\"alternateName\":\"https:\\\/\\\/comunicatistampa.unime.it\\\/\",\"potentialAction\":[{\"@type\":\"SearchAction\",\"target\":{\"@type\":\"EntryPoint\",\"urlTemplate\":\"https:\\\/\\\/portale2.unime.it\\\/comunicatistampa\\\/?s={search_term_string}\"},\"query-input\":{\"@type\":\"PropertyValueSpecification\",\"valueRequired\":true,\"valueName\":\"search_term_string\"}}],\"inLanguage\":\"it-IT\"},{\"@type\":\"Organization\",\"@id\":\"https:\\\/\\\/portale2.unime.it\\\/comunicatistampa\\\/#organization\",\"name\":\"Comunicati Stampa\",\"url\":\"https:\\\/\\\/portale2.unime.it\\\/comunicatistampa\\\/\",\"logo\":{\"@type\":\"ImageObject\",\"inLanguage\":\"it-IT\",\"@id\":\"https:\\\/\\\/portale2.unime.it\\\/comunicatistampa\\\/#\\\/schema\\\/logo\\\/image\\\/\",\"url\":\"https:\\\/\\\/portale2.unime.it\\\/comunicatistampa\\\/wp-content\\\/uploads\\\/sites\\\/51\\\/2024\\\/07\\\/COMUNICATI-STAMPA-2.png\",\"contentUrl\":\"https:\\\/\\\/portale2.unime.it\\\/comunicatistampa\\\/wp-content\\\/uploads\\\/sites\\\/51\\\/2024\\\/07\\\/COMUNICATI-STAMPA-2.png\",\"width\":1000,\"height\":346,\"caption\":\"Comunicati Stampa\"},\"image\":{\"@id\":\"https:\\\/\\\/portale2.unime.it\\\/comunicatistampa\\\/#\\\/schema\\\/logo\\\/image\\\/\"}},{\"@type\":\"Person\",\"@id\":\"https:\\\/\\\/portale2.unime.it\\\/comunicatistampa\\\/#\\\/schema\\\/person\\\/1583afcbf01b1f63c5a7cfd5bdb06b61\",\"name\":\"vruggeri\",\"image\":{\"@type\":\"ImageObject\",\"inLanguage\":\"it-IT\",\"@id\":\"https:\\\/\\\/secure.gravatar.com\\\/avatar\\\/679e62dd7b2e027c9c34cc1dff90cd97124f4a2a72fad6cf6a62f709cd57534f?s=96&d=mm&r=g\",\"url\":\"https:\\\/\\\/secure.gravatar.com\\\/avatar\\\/679e62dd7b2e027c9c34cc1dff90cd97124f4a2a72fad6cf6a62f709cd57534f?s=96&d=mm&r=g\",\"contentUrl\":\"https:\\\/\\\/secure.gravatar.com\\\/avatar\\\/679e62dd7b2e027c9c34cc1dff90cd97124f4a2a72fad6cf6a62f709cd57534f?s=96&d=mm&r=g\",\"caption\":\"vruggeri\"},\"url\":\"https:\\\/\\\/portale2.unime.it\\\/comunicatistampa\\\/author\\\/vruggeri\\\/\"}]}<\/script>\n<!-- \/ Yoast SEO plugin. -->","yoast_head_json":{"title":"Contributi per l'inserimento occupazionale dei dottori di ricerca - Comunicati Stampa","robots":{"index":"index","follow":"follow","max-snippet":"max-snippet:-1","max-image-preview":"max-image-preview:large","max-video-preview":"max-video-preview:-1"},"canonical":"https:\/\/comunicatistampa.unime.it\/contributi-per-linserimento-occupazionale-dei-dottori-di-ricerca\/","og_locale":"it_IT","og_type":"article","og_title":"Contributi per l'inserimento occupazionale dei dottori di ricerca - Comunicati Stampa","og_description":"Italia Lavoro s.p.A., l&#8217;Agenzia del Ministero per la promozione delle politiche del lavoro, ha pubblicato all&#8217;interno del programma FIXO S&amp;U, l&#8217;Avviso pubblico a sportello rivolto alle imprese per la richiesta di contributi finalizzati all&#8217;inserimento occupazionale dei dottori di ricerca .","og_url":"https:\/\/comunicatistampa.unime.it\/contributi-per-linserimento-occupazionale-dei-dottori-di-ricerca\/","og_site_name":"Comunicati Stampa","article_published_time":"2014-07-22T10:36:46+00:00","author":"vruggeri","twitter_card":"summary_large_image","twitter_misc":{"Scritto da":"vruggeri","Tempo di lettura stimato":"1 minuto"},"schema":{"@context":"https:\/\/schema.org","@graph":[{"@type":"Article","@id":"https:\/\/comunicatistampa.unime.it\/contributi-per-linserimento-occupazionale-dei-dottori-di-ricerca\/#article","isPartOf":{"@id":"https:\/\/comunicatistampa.unime.it\/contributi-per-linserimento-occupazionale-dei-dottori-di-ricerca\/"},"author":{"name":"vruggeri","@id":"https:\/\/portale2.unime.it\/comunicatistampa\/#\/schema\/person\/1583afcbf01b1f63c5a7cfd5bdb06b61"},"headline":"Contributi per l&#8217;inserimento occupazionale dei dottori di ricerca","datePublished":"2014-07-22T10:36:46+00:00","mainEntityOfPage":{"@id":"https:\/\/comunicatistampa.unime.it\/contributi-per-linserimento-occupazionale-dei-dottori-di-ricerca\/"},"wordCount":291,"publisher":{"@id":"https:\/\/portale2.unime.it\/comunicatistampa\/#organization"},"keywords":["contributi","dottori di ricerca","Fixo","Italia Lavoro","Unime"],"articleSection":["Comunicati Stampa Universit\u00e0 di Messina"],"inLanguage":"it-IT"},{"@type":"WebPage","@id":"https:\/\/comunicatistampa.unime.it\/contributi-per-linserimento-occupazionale-dei-dottori-di-ricerca\/","url":"https:\/\/comunicatistampa.unime.it\/contributi-per-linserimento-occupazionale-dei-dottori-di-ricerca\/","name":"Contributi per l'inserimento occupazionale dei dottori di ricerca - Comunicati Stampa","isPartOf":{"@id":"https:\/\/portale2.unime.it\/comunicatistampa\/#website"},"datePublished":"2014-07-22T10:36:46+00:00","breadcrumb":{"@id":"https:\/\/comunicatistampa.unime.it\/contributi-per-linserimento-occupazionale-dei-dottori-di-ricerca\/#breadcrumb"},"inLanguage":"it-IT","potentialAction":[{"@type":"ReadAction","target":["https:\/\/comunicatistampa.unime.it\/contributi-per-linserimento-occupazionale-dei-dottori-di-ricerca\/"]}]},{"@type":"BreadcrumbList","@id":"https:\/\/comunicatistampa.unime.it\/contributi-per-linserimento-occupazionale-dei-dottori-di-ricerca\/#breadcrumb","itemListElement":[{"@type":"ListItem","position":1,"name":"Home","item":"https:\/\/portale2.unime.it\/comunicatistampa\/"},{"@type":"ListItem","position":2,"name":"Contributi per l&#8217;inserimento occupazionale dei dottori di ricerca"}]},{"@type":"WebSite","@id":"https:\/\/portale2.unime.it\/comunicatistampa\/#website","url":"https:\/\/portale2.unime.it\/comunicatistampa\/","name":"Comunicati Stampa","description":"","publisher":{"@id":"https:\/\/portale2.unime.it\/comunicatistampa\/#organization"},"alternateName":"https:\/\/comunicatistampa.unime.it\/","potentialAction":[{"@type":"SearchAction","target":{"@type":"EntryPoint","urlTemplate":"https:\/\/portale2.unime.it\/comunicatistampa\/?s={search_term_string}"},"query-input":{"@type":"PropertyValueSpecification","valueRequired":true,"valueName":"search_term_string"}}],"inLanguage":"it-IT"},{"@type":"Organization","@id":"https:\/\/portale2.unime.it\/comunicatistampa\/#organization","name":"Comunicati Stampa","url":"https:\/\/portale2.unime.it\/comunicatistampa\/","logo":{"@type":"ImageObject","inLanguage":"it-IT","@id":"https:\/\/portale2.unime.it\/comunicatistampa\/#\/schema\/logo\/image\/","url":"https:\/\/portale2.unime.it\/comunicatistampa\/wp-content\/uploads\/sites\/51\/2024\/07\/COMUNICATI-STAMPA-2.png","contentUrl":"https:\/\/portale2.unime.it\/comunicatistampa\/wp-content\/uploads\/sites\/51\/2024\/07\/COMUNICATI-STAMPA-2.png","width":1000,"height":346,"caption":"Comunicati Stampa"},"image":{"@id":"https:\/\/portale2.unime.it\/comunicatistampa\/#\/schema\/logo\/image\/"}},{"@type":"Person","@id":"https:\/\/portale2.unime.it\/comunicatistampa\/#\/schema\/person\/1583afcbf01b1f63c5a7cfd5bdb06b61","name":"vruggeri","image":{"@type":"ImageObject","inLanguage":"it-IT","@id":"https:\/\/secure.gravatar.com\/avatar\/679e62dd7b2e027c9c34cc1dff90cd97124f4a2a72fad6cf6a62f709cd57534f?s=96&d=mm&r=g","url":"https:\/\/secure.gravatar.com\/avatar\/679e62dd7b2e027c9c34cc1dff90cd97124f4a2a72fad6cf6a62f709cd57534f?s=96&d=mm&r=g","contentUrl":"https:\/\/secure.gravatar.com\/avatar\/679e62dd7b2e027c9c34cc1dff90cd97124f4a2a72fad6cf6a62f709cd57534f?s=96&d=mm&r=g","caption":"vruggeri"},"url":"https:\/\/portale2.unime.it\/comunicatistampa\/author\/vruggeri\/"}]}},"acf":[],"_links":{"self":[{"href":"https:\/\/portale2.unime.it\/comunicatistampa\/wp-json\/wp\/v2\/posts\/4341","targetHints":{"allow":["GET"]}}],"collection":[{"href":"https:\/\/portale2.unime.it\/comunicatistampa\/wp-json\/wp\/v2\/posts"}],"about":[{"href":"https:\/\/portale2.unime.it\/comunicatistampa\/wp-json\/wp\/v2\/types\/post"}],"author":[{"embeddable":true,"href":"https:\/\/portale2.unime.it\/comunicatistampa\/wp-json\/wp\/v2\/users\/59"}],"replies":[{"embeddable":true,"href":"https:\/\/portale2.unime.it\/comunicatistampa\/wp-json\/wp\/v2\/comments?post=4341"}],"version-history":[{"count":0,"href":"https:\/\/portale2.unime.it\/comunicatistampa\/wp-json\/wp\/v2\/posts\/4341\/revisions"}],"wp:attachment":[{"href":"https:\/\/portale2.unime.it\/comunicatistampa\/wp-json\/wp\/v2\/media?parent=4341"}],"wp:term":[{"taxonomy":"category","embeddable":true,"href":"https:\/\/portale2.unime.it\/comunicatistampa\/wp-json\/wp\/v2\/categories?post=4341"},{"taxonomy":"post_tag","embeddable":true,"href":"https:\/\/portale2.unime.it\/comunicatistampa\/wp-json\/wp\/v2\/tags?post=4341"}],"curies":[{"name":"wp","href":"https:\/\/api.w.org\/{rel}","templated":true}]}}