{"id":4382,"date":"2014-08-21T12:02:47","date_gmt":"2014-08-21T11:02:47","guid":{"rendered":"http:\/\/portale.unime.it\/comunicatistampa\/?p=4382"},"modified":"2014-08-21T12:02:47","modified_gmt":"2014-08-21T11:02:47","slug":"stamane-lultimo-saluto-dellateneo-al-prof-mario-centorrino","status":"publish","type":"post","link":"https:\/\/portale2.unime.it\/comunicatistampa\/stamane-lultimo-saluto-dellateneo-al-prof-mario-centorrino\/","title":{"rendered":"Stamane l&#8217;ultimo saluto dell&#8217;Ateneo al Prof. Mario Centorrino"},"content":{"rendered":"<p style=\"text-align: justify\">La Comunit\u00e0 Accademica si \u00e8 stretta oggi per l&#8217;ultima volta\u00a0attorno a Mario Centorrino, economista di grande spessore e Professore Emerito della nostra Universit\u00e0, scomparso improvvisamente la sera dello scorso marted\u00ec.<\/p>\n<p style=\"text-align: justify\"><!--more--><\/p>\n<p style=\"text-align: justify\">Stamane, dalle ore 9.00 alle ore 11.30, presso l\u2019Aula Magna dell\u2019Universit\u00e0 \u00e8 stata allestita la camera ardente alla quale hanno presenziato commossi in centinaia, tra\u00a0esponenti del mondo accademico, allievi, autorit\u00e0, giornalisti e molti amici. Al termine, all&#8217;ingresso del Rettorato di Piazza Pugliatti, le Autorit\u00e0 Accademiche hanno tributato l&#8217;ultimo saluto allo studioso messinese.<\/p>\n<p style=\"text-align: justify\">Il Prorettore Vicario dell&#8217;Ateneo, prof. Emanuele Scribano, in rappresentanza del Rettore assente per motivi istituzionali, \u00a0ha aperto la cerimonia di commiato leggendo il messaggio che il prof. Pietro Navarra ha voluto indirizzare alla famiglia e alla Comunit\u00e0 accademica:\u00a0\u201cLa prematura scomparsa del professore Mario Centorrino e\u2019 stata per me come un fulmine a ciel sereno. Una triste notizia, inaspettata nei tempi e nei modi, a cui stento ancora oggi a credere. La figura del professore Centorrino ha accompagnato la mia vita accademica sin dai suoi inizi, prima come insigne economista e poi come caro e stimato amico. Mario e\u2019 stato uno studioso che ha saputo combinare, in modo sapiente ed efficace, la ricerca pura alla consulenza pubblica e privata e all\u2019attivita\u2019 pubblicistica di divulgazione. E\u2019 stato un accademico spinto da una forte passione civile. Le sue doti culturali e professionali sono state costantemente proiettate a tradurre i risultati dei suoi studi e le tesi sostenute nei circuiti scientifici nazionali ed internazionali in scelte di politica economica.<\/p>\n<p style=\"text-align: justify\">Le sue qualita\u2019 umane di ascolto e attenzione verso le opinioni altrui, la sua innata abilita\u2019 di tessere rapporti, di creare sinergie, di mettere e tenere insieme idee confliggenti e persone dai caratteri diversi quando non contrapposti, hanno costituito solide fondamenta nello svolgimento dei suoi numerosi e prestigiosi incarichi pubblici e gli hanno permesso di guidare, con tratto saldo e sicuro, la Facolta\u2019 di Scienze Politiche da Preside amato e rispettato da tutti: studenti, colleghi e personale tecnico amministrativo. Qualita\u2019 queste che hano contraddistinto anche la sua azione da Pro-Rettore e da Presidente del Nucleo di Valutazione dell\u2019Unievsrita\u2019 di Messina.<\/p>\n<p style=\"text-align: justify\">Persona paziente, sagace e cortese, non strillava mai i suoi argomenti e le sue convinzioni, ma conversava e, conversando, convinceva e si faceva convincere, spesso smussando i risvolti piu\u2019 inutilmente ruvidi nelle questioni all&#8217;ordine del giorno. Non faceva mancare mai la sua raffinata e arguta ironia anche in momenti particolarmete complessi e delicati. Un\u2019ironia sapiente e mai fuori posto che, applicandola anche e soprattutto a se stesso, aumentava l\u2019autorevolezza della sua personalita\u2019.<\/p>\n<p style=\"text-align: justify\">E\u2019 stato un maestro amato e stimato, cordiale e disponibile, capace di stimolare l\u2019interesse e la curiosita\u2019 intellettuale di generazioni di studenti che hanno frequentato le sue lezioni e di allievi che ha sostenuto e voluto bene con imparegiabili doti di maestro di scienza e di vita.<\/p>\n<p style=\"text-align: justify\">Caro Mario, la tua umanita\u2019 prudente, discreta e misurata, ma sempre calda e illuminata da profondo rispetto manchera\u2019 a tutti coloro che, come me, hanno avuto l\u2019onore e il privilegio di conoscerti a fondo, apprezzando un uomo che nella sua vita ha saputo sempre trasformare l\u2019incontro delle menti in incontro di persone e di sentimenti.\u201d.<\/p>\n<p style=\"text-align: justify\">Anche i suoi allievi pi\u00f9 anziani hanno voluto ricordare la figura del loro maestro.<\/p>\n<p style=\"text-align: justify\">\u201cPer Mario Centorrino l\u2019economia non era una disciplina autoreferenziale &#8211; ha sottolineato\u00a0commosso il Prof. Guido Signorino &#8211; che si appaga per l\u2019eleganza formale dei suoi ragionamenti (non di rado astratti e per nulla collegati con la realt\u00e0). Era invece uno strumento per comprendere la societ\u00e0 in cui viviamo e, possibilmente, per migliorarla.<\/p>\n<p style=\"text-align: justify\">In una Universit\u00e0 pluricentenaria, Mario \u00e8 stato fondatore. Fondatore delle Facolt\u00e0 di Scienze Politiche (di cui \u00e8 stato Preside in una delle stagioni pi\u00f9 fulgide, pioniere dei rapporti con l\u2019Europa e della sperimentazione degli scambi Erasmus, aperto all\u2019apporto di studiosi esterni, ma attento seminatore di allievi locali). Fondatore dell\u2019Istituto di Economia, Statistica e Analisi del Territorio. Fondatore di un gruppo di studio che immodestamente vorrei definire \u201cscuola\u201d, avendo lui avviato alla carriera universitaria un numero altissimo di allievi, avendoli inviati ad importantissimi contatti con sedi universitarie estere.\u201d<\/p>\n<p style=\"text-align: justify\">\u201cTu proponevi (testimoniavi con il tuo impegno a tutti i livelli di responsabilit\u00e0, come Preside di Facolt\u00e0 e poi come Prorettore) un modello di Universit\u00e0 aperta al territorio e alla comunit\u00e0 &#8211; ha proseguito poi il Prof. Michele Limosani -. L\u2019Universit\u00e0, spesso ripetevi, \u00e8 del territorio ed \u00e8 per il territorio. Abbiamo la responsabilit\u00e0 di contribuire all\u2019elaborazione di un modello sociale culturale ed economico di sviluppo per la nostra comunit\u00e0. Un messaggio che a molti di noi, oggi impegnati a vari livelli e con diverse responsabilit\u00e0 nel Governo di questa prestigiosa Universit\u00e0, suona come un invito e un motivo ispiratore della nostra azione.<\/p>\n<p style=\"text-align: justify\">Lungimiranza, visione strategica, capacit\u00e0 di guardare oltre le posizioni personali, sia pur legittime, alla ricerca di soluzioni finalizzate ad interesse di natura generale, in tutto questo tu eri maestro. Hai contribuito cos\u00ec a far nascere quell\u2019humus istituzionale indispensabile per la crescita dei giovani ricercatori.\u201d<\/p>\n<p style=\"text-align: justify\">Infine, il Prof. Giovanni Cupaiolo, Coordinatore del Collegio dei Prorettori, ha letto\u00a0un messaggio\u00a0della famiglia: &#8220;Desideriamo ringraziare in primo luogo tutti coloro i quali hanno permesso e si sono adoperati per la realizzazione di questo momento di ricordo e saluto, consentendo cos\u00ec di soddisfare quelle che erano le volont\u00e0 espresse da Mario. Lui che di questa Universit\u00e0 ha sempre fatto la propria bandiera. Un ringraziamento che ovviamente estendiamo a quanti sono qui presenti o, anche se lontani, hanno fatto pervenire la loro testimonianza.<\/p>\n<p style=\"text-align: justify\">Messaggi, telefonate, e-mail, post sui social network, articoli, necrologi, il vostro essere qui oggi: sono stati per tutti noi &#8211; e, credeteci, non si tratta di parole di circostanza &#8211; un grande conforto in questo triste momento.\u00a0Non possiamo, quindi, che ribadire il nostro pi\u00f9 sentito ringraziamento a tutti.<\/p>\n<p style=\"text-align: justify\">Un ultimo grazie, senza volere scivolare nella retorica, vogliamo rivolgerlo a Mario a nome nostro e di quanti ne hanno apprezzato le doti umane e professionali: grazie per esserci stato.&#8221;<\/p>\n","protected":false},"excerpt":{"rendered":"<p>La Comunit\u00e0 Accademica si \u00e8 stretta oggi per l&#8217;ultima volta\u00a0attorno a Mario Centorrino, economista di grande spessore e Professore Emerito della nostra Universit\u00e0, scomparso improvvisamente la sera dello scorso marted\u00ec.<\/p>\n","protected":false},"author":1,"featured_media":0,"comment_status":"closed","ping_status":"open","sticky":false,"template":"","format":"standard","meta":{"_acf_changed":false,"footnotes":""},"categories":[3],"tags":[638,1072,2980,3195],"class_list":["post-4382","post","type-post","status-publish","format-standard","hentry","category-comunicati","tag-camera-ardente","tag-cordoglio","tag-pietro-navarra","tag-prof-mario-centorrino","entry"],"yoast_head":"<!-- This site is optimized with the Yoast SEO plugin v27.4 - https:\/\/yoast.com\/product\/yoast-seo-wordpress\/ -->\n<title>Stamane l&#039;ultimo saluto dell&#039;Ateneo al Prof. Mario Centorrino - Comunicati Stampa<\/title>\n<meta name=\"robots\" content=\"index, follow, max-snippet:-1, max-image-preview:large, max-video-preview:-1\" \/>\n<link rel=\"canonical\" href=\"https:\/\/comunicatistampa.unime.it\/stamane-lultimo-saluto-dellateneo-al-prof-mario-centorrino\/\" \/>\n<meta property=\"og:locale\" content=\"it_IT\" \/>\n<meta property=\"og:type\" content=\"article\" \/>\n<meta property=\"og:title\" content=\"Stamane l&#039;ultimo saluto dell&#039;Ateneo al Prof. Mario Centorrino - Comunicati Stampa\" \/>\n<meta property=\"og:description\" content=\"La Comunit\u00e0 Accademica si \u00e8 stretta oggi per l&#8217;ultima volta\u00a0attorno a Mario Centorrino, economista di grande spessore e Professore Emerito della nostra Universit\u00e0, scomparso improvvisamente la sera dello scorso marted\u00ec.\" \/>\n<meta property=\"og:url\" content=\"https:\/\/comunicatistampa.unime.it\/stamane-lultimo-saluto-dellateneo-al-prof-mario-centorrino\/\" \/>\n<meta property=\"og:site_name\" content=\"Comunicati Stampa\" \/>\n<meta property=\"article:published_time\" content=\"2014-08-21T11:02:47+00:00\" \/>\n<meta name=\"author\" content=\"mirrera\" \/>\n<meta name=\"twitter:card\" content=\"summary_large_image\" \/>\n<meta name=\"twitter:label1\" content=\"Scritto da\" \/>\n\t<meta name=\"twitter:data1\" content=\"mirrera\" \/>\n\t<meta name=\"twitter:label2\" content=\"Tempo di lettura stimato\" \/>\n\t<meta name=\"twitter:data2\" content=\"5 minuti\" \/>\n<script type=\"application\/ld+json\" class=\"yoast-schema-graph\">{\"@context\":\"https:\\\/\\\/schema.org\",\"@graph\":[{\"@type\":\"Article\",\"@id\":\"https:\\\/\\\/comunicatistampa.unime.it\\\/stamane-lultimo-saluto-dellateneo-al-prof-mario-centorrino\\\/#article\",\"isPartOf\":{\"@id\":\"https:\\\/\\\/comunicatistampa.unime.it\\\/stamane-lultimo-saluto-dellateneo-al-prof-mario-centorrino\\\/\"},\"author\":{\"name\":\"mirrera\",\"@id\":\"https:\\\/\\\/portale2.unime.it\\\/comunicatistampa\\\/#\\\/schema\\\/person\\\/dcee53305b174b229f3ff2e6f69f1729\"},\"headline\":\"Stamane l&#8217;ultimo saluto dell&#8217;Ateneo al Prof. Mario Centorrino\",\"datePublished\":\"2014-08-21T11:02:47+00:00\",\"mainEntityOfPage\":{\"@id\":\"https:\\\/\\\/comunicatistampa.unime.it\\\/stamane-lultimo-saluto-dellateneo-al-prof-mario-centorrino\\\/\"},\"wordCount\":1012,\"publisher\":{\"@id\":\"https:\\\/\\\/portale2.unime.it\\\/comunicatistampa\\\/#organization\"},\"keywords\":[\"camera ardente\",\"Cordoglio\",\"Pietro Navarra\",\"Prof. Mario Centorrino\"],\"articleSection\":[\"Comunicati Stampa Universit\u00e0 di Messina\"],\"inLanguage\":\"it-IT\"},{\"@type\":\"WebPage\",\"@id\":\"https:\\\/\\\/comunicatistampa.unime.it\\\/stamane-lultimo-saluto-dellateneo-al-prof-mario-centorrino\\\/\",\"url\":\"https:\\\/\\\/comunicatistampa.unime.it\\\/stamane-lultimo-saluto-dellateneo-al-prof-mario-centorrino\\\/\",\"name\":\"Stamane l'ultimo saluto dell'Ateneo al Prof. Mario Centorrino - Comunicati Stampa\",\"isPartOf\":{\"@id\":\"https:\\\/\\\/portale2.unime.it\\\/comunicatistampa\\\/#website\"},\"datePublished\":\"2014-08-21T11:02:47+00:00\",\"breadcrumb\":{\"@id\":\"https:\\\/\\\/comunicatistampa.unime.it\\\/stamane-lultimo-saluto-dellateneo-al-prof-mario-centorrino\\\/#breadcrumb\"},\"inLanguage\":\"it-IT\",\"potentialAction\":[{\"@type\":\"ReadAction\",\"target\":[\"https:\\\/\\\/comunicatistampa.unime.it\\\/stamane-lultimo-saluto-dellateneo-al-prof-mario-centorrino\\\/\"]}]},{\"@type\":\"BreadcrumbList\",\"@id\":\"https:\\\/\\\/comunicatistampa.unime.it\\\/stamane-lultimo-saluto-dellateneo-al-prof-mario-centorrino\\\/#breadcrumb\",\"itemListElement\":[{\"@type\":\"ListItem\",\"position\":1,\"name\":\"Home\",\"item\":\"https:\\\/\\\/portale2.unime.it\\\/comunicatistampa\\\/\"},{\"@type\":\"ListItem\",\"position\":2,\"name\":\"Stamane l&#8217;ultimo saluto dell&#8217;Ateneo al Prof. Mario Centorrino\"}]},{\"@type\":\"WebSite\",\"@id\":\"https:\\\/\\\/portale2.unime.it\\\/comunicatistampa\\\/#website\",\"url\":\"https:\\\/\\\/portale2.unime.it\\\/comunicatistampa\\\/\",\"name\":\"Comunicati Stampa\",\"description\":\"\",\"publisher\":{\"@id\":\"https:\\\/\\\/portale2.unime.it\\\/comunicatistampa\\\/#organization\"},\"alternateName\":\"https:\\\/\\\/comunicatistampa.unime.it\\\/\",\"potentialAction\":[{\"@type\":\"SearchAction\",\"target\":{\"@type\":\"EntryPoint\",\"urlTemplate\":\"https:\\\/\\\/portale2.unime.it\\\/comunicatistampa\\\/?s={search_term_string}\"},\"query-input\":{\"@type\":\"PropertyValueSpecification\",\"valueRequired\":true,\"valueName\":\"search_term_string\"}}],\"inLanguage\":\"it-IT\"},{\"@type\":\"Organization\",\"@id\":\"https:\\\/\\\/portale2.unime.it\\\/comunicatistampa\\\/#organization\",\"name\":\"Comunicati Stampa\",\"url\":\"https:\\\/\\\/portale2.unime.it\\\/comunicatistampa\\\/\",\"logo\":{\"@type\":\"ImageObject\",\"inLanguage\":\"it-IT\",\"@id\":\"https:\\\/\\\/portale2.unime.it\\\/comunicatistampa\\\/#\\\/schema\\\/logo\\\/image\\\/\",\"url\":\"https:\\\/\\\/portale2.unime.it\\\/comunicatistampa\\\/wp-content\\\/uploads\\\/sites\\\/51\\\/2024\\\/07\\\/COMUNICATI-STAMPA-2.png\",\"contentUrl\":\"https:\\\/\\\/portale2.unime.it\\\/comunicatistampa\\\/wp-content\\\/uploads\\\/sites\\\/51\\\/2024\\\/07\\\/COMUNICATI-STAMPA-2.png\",\"width\":1000,\"height\":346,\"caption\":\"Comunicati Stampa\"},\"image\":{\"@id\":\"https:\\\/\\\/portale2.unime.it\\\/comunicatistampa\\\/#\\\/schema\\\/logo\\\/image\\\/\"}},{\"@type\":\"Person\",\"@id\":\"https:\\\/\\\/portale2.unime.it\\\/comunicatistampa\\\/#\\\/schema\\\/person\\\/dcee53305b174b229f3ff2e6f69f1729\",\"name\":\"mirrera\",\"image\":{\"@type\":\"ImageObject\",\"inLanguage\":\"it-IT\",\"@id\":\"https:\\\/\\\/secure.gravatar.com\\\/avatar\\\/5ec86af929cf4e3b3c1778678a8cff4750fcb29b69bba8352bcddad756dbb6bf?s=96&d=mm&r=g\",\"url\":\"https:\\\/\\\/secure.gravatar.com\\\/avatar\\\/5ec86af929cf4e3b3c1778678a8cff4750fcb29b69bba8352bcddad756dbb6bf?s=96&d=mm&r=g\",\"contentUrl\":\"https:\\\/\\\/secure.gravatar.com\\\/avatar\\\/5ec86af929cf4e3b3c1778678a8cff4750fcb29b69bba8352bcddad756dbb6bf?s=96&d=mm&r=g\",\"caption\":\"mirrera\"},\"sameAs\":[\"https:\\\/\\\/portale2.unime.it\"],\"url\":\"https:\\\/\\\/portale2.unime.it\\\/comunicatistampa\\\/author\\\/mirrera\\\/\"}]}<\/script>\n<!-- \/ Yoast SEO plugin. -->","yoast_head_json":{"title":"Stamane l'ultimo saluto dell'Ateneo al Prof. Mario Centorrino - Comunicati Stampa","robots":{"index":"index","follow":"follow","max-snippet":"max-snippet:-1","max-image-preview":"max-image-preview:large","max-video-preview":"max-video-preview:-1"},"canonical":"https:\/\/comunicatistampa.unime.it\/stamane-lultimo-saluto-dellateneo-al-prof-mario-centorrino\/","og_locale":"it_IT","og_type":"article","og_title":"Stamane l'ultimo saluto dell'Ateneo al Prof. Mario Centorrino - Comunicati Stampa","og_description":"La Comunit\u00e0 Accademica si \u00e8 stretta oggi per l&#8217;ultima volta\u00a0attorno a Mario Centorrino, economista di grande spessore e Professore Emerito della nostra Universit\u00e0, scomparso improvvisamente la sera dello scorso marted\u00ec.","og_url":"https:\/\/comunicatistampa.unime.it\/stamane-lultimo-saluto-dellateneo-al-prof-mario-centorrino\/","og_site_name":"Comunicati Stampa","article_published_time":"2014-08-21T11:02:47+00:00","author":"mirrera","twitter_card":"summary_large_image","twitter_misc":{"Scritto da":"mirrera","Tempo di lettura stimato":"5 minuti"},"schema":{"@context":"https:\/\/schema.org","@graph":[{"@type":"Article","@id":"https:\/\/comunicatistampa.unime.it\/stamane-lultimo-saluto-dellateneo-al-prof-mario-centorrino\/#article","isPartOf":{"@id":"https:\/\/comunicatistampa.unime.it\/stamane-lultimo-saluto-dellateneo-al-prof-mario-centorrino\/"},"author":{"name":"mirrera","@id":"https:\/\/portale2.unime.it\/comunicatistampa\/#\/schema\/person\/dcee53305b174b229f3ff2e6f69f1729"},"headline":"Stamane l&#8217;ultimo saluto dell&#8217;Ateneo al Prof. Mario Centorrino","datePublished":"2014-08-21T11:02:47+00:00","mainEntityOfPage":{"@id":"https:\/\/comunicatistampa.unime.it\/stamane-lultimo-saluto-dellateneo-al-prof-mario-centorrino\/"},"wordCount":1012,"publisher":{"@id":"https:\/\/portale2.unime.it\/comunicatistampa\/#organization"},"keywords":["camera ardente","Cordoglio","Pietro Navarra","Prof. Mario Centorrino"],"articleSection":["Comunicati Stampa Universit\u00e0 di Messina"],"inLanguage":"it-IT"},{"@type":"WebPage","@id":"https:\/\/comunicatistampa.unime.it\/stamane-lultimo-saluto-dellateneo-al-prof-mario-centorrino\/","url":"https:\/\/comunicatistampa.unime.it\/stamane-lultimo-saluto-dellateneo-al-prof-mario-centorrino\/","name":"Stamane l'ultimo saluto dell'Ateneo al Prof. Mario Centorrino - Comunicati Stampa","isPartOf":{"@id":"https:\/\/portale2.unime.it\/comunicatistampa\/#website"},"datePublished":"2014-08-21T11:02:47+00:00","breadcrumb":{"@id":"https:\/\/comunicatistampa.unime.it\/stamane-lultimo-saluto-dellateneo-al-prof-mario-centorrino\/#breadcrumb"},"inLanguage":"it-IT","potentialAction":[{"@type":"ReadAction","target":["https:\/\/comunicatistampa.unime.it\/stamane-lultimo-saluto-dellateneo-al-prof-mario-centorrino\/"]}]},{"@type":"BreadcrumbList","@id":"https:\/\/comunicatistampa.unime.it\/stamane-lultimo-saluto-dellateneo-al-prof-mario-centorrino\/#breadcrumb","itemListElement":[{"@type":"ListItem","position":1,"name":"Home","item":"https:\/\/portale2.unime.it\/comunicatistampa\/"},{"@type":"ListItem","position":2,"name":"Stamane l&#8217;ultimo saluto dell&#8217;Ateneo al Prof. Mario Centorrino"}]},{"@type":"WebSite","@id":"https:\/\/portale2.unime.it\/comunicatistampa\/#website","url":"https:\/\/portale2.unime.it\/comunicatistampa\/","name":"Comunicati Stampa","description":"","publisher":{"@id":"https:\/\/portale2.unime.it\/comunicatistampa\/#organization"},"alternateName":"https:\/\/comunicatistampa.unime.it\/","potentialAction":[{"@type":"SearchAction","target":{"@type":"EntryPoint","urlTemplate":"https:\/\/portale2.unime.it\/comunicatistampa\/?s={search_term_string}"},"query-input":{"@type":"PropertyValueSpecification","valueRequired":true,"valueName":"search_term_string"}}],"inLanguage":"it-IT"},{"@type":"Organization","@id":"https:\/\/portale2.unime.it\/comunicatistampa\/#organization","name":"Comunicati Stampa","url":"https:\/\/portale2.unime.it\/comunicatistampa\/","logo":{"@type":"ImageObject","inLanguage":"it-IT","@id":"https:\/\/portale2.unime.it\/comunicatistampa\/#\/schema\/logo\/image\/","url":"https:\/\/portale2.unime.it\/comunicatistampa\/wp-content\/uploads\/sites\/51\/2024\/07\/COMUNICATI-STAMPA-2.png","contentUrl":"https:\/\/portale2.unime.it\/comunicatistampa\/wp-content\/uploads\/sites\/51\/2024\/07\/COMUNICATI-STAMPA-2.png","width":1000,"height":346,"caption":"Comunicati Stampa"},"image":{"@id":"https:\/\/portale2.unime.it\/comunicatistampa\/#\/schema\/logo\/image\/"}},{"@type":"Person","@id":"https:\/\/portale2.unime.it\/comunicatistampa\/#\/schema\/person\/dcee53305b174b229f3ff2e6f69f1729","name":"mirrera","image":{"@type":"ImageObject","inLanguage":"it-IT","@id":"https:\/\/secure.gravatar.com\/avatar\/5ec86af929cf4e3b3c1778678a8cff4750fcb29b69bba8352bcddad756dbb6bf?s=96&d=mm&r=g","url":"https:\/\/secure.gravatar.com\/avatar\/5ec86af929cf4e3b3c1778678a8cff4750fcb29b69bba8352bcddad756dbb6bf?s=96&d=mm&r=g","contentUrl":"https:\/\/secure.gravatar.com\/avatar\/5ec86af929cf4e3b3c1778678a8cff4750fcb29b69bba8352bcddad756dbb6bf?s=96&d=mm&r=g","caption":"mirrera"},"sameAs":["https:\/\/portale2.unime.it"],"url":"https:\/\/portale2.unime.it\/comunicatistampa\/author\/mirrera\/"}]}},"acf":[],"_links":{"self":[{"href":"https:\/\/portale2.unime.it\/comunicatistampa\/wp-json\/wp\/v2\/posts\/4382","targetHints":{"allow":["GET"]}}],"collection":[{"href":"https:\/\/portale2.unime.it\/comunicatistampa\/wp-json\/wp\/v2\/posts"}],"about":[{"href":"https:\/\/portale2.unime.it\/comunicatistampa\/wp-json\/wp\/v2\/types\/post"}],"author":[{"embeddable":true,"href":"https:\/\/portale2.unime.it\/comunicatistampa\/wp-json\/wp\/v2\/users\/1"}],"replies":[{"embeddable":true,"href":"https:\/\/portale2.unime.it\/comunicatistampa\/wp-json\/wp\/v2\/comments?post=4382"}],"version-history":[{"count":0,"href":"https:\/\/portale2.unime.it\/comunicatistampa\/wp-json\/wp\/v2\/posts\/4382\/revisions"}],"wp:attachment":[{"href":"https:\/\/portale2.unime.it\/comunicatistampa\/wp-json\/wp\/v2\/media?parent=4382"}],"wp:term":[{"taxonomy":"category","embeddable":true,"href":"https:\/\/portale2.unime.it\/comunicatistampa\/wp-json\/wp\/v2\/categories?post=4382"},{"taxonomy":"post_tag","embeddable":true,"href":"https:\/\/portale2.unime.it\/comunicatistampa\/wp-json\/wp\/v2\/tags?post=4382"}],"curies":[{"name":"wp","href":"https:\/\/api.w.org\/{rel}","templated":true}]}}