{"id":4634,"date":"2014-09-30T12:31:27","date_gmt":"2014-09-30T11:31:27","guid":{"rendered":"http:\/\/portale.unime.it\/comunicatistampa\/?p=4634"},"modified":"2014-09-30T12:31:27","modified_gmt":"2014-09-30T11:31:27","slug":"erasmus-welcome-days-2","status":"publish","type":"post","link":"https:\/\/portale2.unime.it\/comunicatistampa\/erasmus-welcome-days-2\/","title":{"rendered":"Erasmus welcome days"},"content":{"rendered":"<p style=\"text-align: justify\">Si svolger\u00e0 \u00a0venerd\u00ec 3 ottobre, alle ore 10, presso l\u2019Aula Magna del Rettorato la conferenza inaugurale degli\u00a0\u00a0\u201cErasmus Welcome Days\u201d. L\u2019iniziativa, oltre ad essere un\u2019occasione per accogliere presso l\u2019Ateneo gli studenti stranieri che frequenteranno l\u2019Universit\u00e0 durante l\u2019A.A. 2014\/2015, \u00a0ha l\u2019obiettivo di far conoscere le opportunit\u00e0 di mobilit\u00e0 in Europa che il programma &#8220;Erasmus+&#8221; pu\u00f2 offrire. Il programma Erasmus Welcome Days, articolato in pi\u00f9 giornate, si propone, inoltre, di favorire l\u2019integrazione degli studenti internazionali e di valorizzare il territorio tramite l\u2019organizzazione di diversi eventi, tour ed escursioni nella citt\u00e0 di Messina e nella sua provincia.<!--more--><\/p>\n<p style=\"text-align: justify\">Aprir\u00e0 la conferenza il Rettore, prof. Pietro Navarra, successivamente interverranno\u00a0il prof. Antonino German\u00e0, Prorettore all\u2019Internazionalizzazione,\u00a0\u00a0il dott. Carmelo Trommino, Direttore Unime Sport e Direttore dei Servizi Didattici Ricerca e Alta Formazione e\u00a0la dott.ssa Grazia De Tuzza, Responsabile Area Ricerca Scientifica, Alta Formazione e Relazioni Internazionali, e\u00a0Nicol\u00f2 Salva, Presidente di ESN Messina, associazione studentesca no-profit e apartitica che dal 2004 eroga servizi di volontariato -culturali, di assistenza, di integrazione, di tutorato- in favore degli studenti stranieri assegnatari di borse di mobilit\u00e0 presso l&#8217;Ateneo Messinese.<\/p>\n<p style=\"text-align: justify\">Dopo gli interventi, i ringraziamenti e la conclusione della conferenza, gli studenti incoming e dell\u2019Universit\u00e0, dalle ore 13.00, potranno recarsi per il pranzo alla mensa universitaria dell\u2019E.R.S.U. di Messina.<\/p>\n<p style=\"text-align: justify\">Nel pomeriggio \u00e8 previsto un tour guidato del centro storico della citt\u00e0 di Messina, che comprender\u00e0 la visita di luoghi e monumenti di interesse storico culturale come la chiesa del Duomo, la fontana di Orione, la chiesa dei Catalani, il Don Giovanni D\u2019Austria, il Teatro Vittorio Emanuele II, la fontana Falconieri, la chiesa di Cristo Re, e il Santuario della Madonna di Montalto.La giornata di venerd\u00ec 3 ottobre si concluder\u00e0 con un momento di aggregazione ricreativo, con appuntamento a Piazza del Popolo alle ore 22.00. Successivamente i partecipanti si recheranno al \u201cCentro Multiculturale Officina\u201d, situato in via Croce Rossa 63\/71 per il \u201cWelcome Party Erasmus\u201d.<\/p>\n<p style=\"text-align: justify\">Nella mattinata di sabato, alle ore 11.00, \u00e8 organizzata un\u2019escursione presso la zona dei monti peloritani orientali, che permetter\u00e0 la visita del Demanio Forestale e della riserva naturale \u201cSentiero Natura Ziri\u00f2\u201d, ove sar\u00e0 previsto un pranzo per i partecipanti a base di bevande, vivande e prodotti tipici locali. Successivamente l\u2019escursione continuer\u00e0 con il suggestivo percorso naturale.Il pomeriggio di luned\u00ec 6 ottobre 2014, alle ore 14.30 sar\u00e0 possibile visitare\u00a0il\u00a0Forte San Salvatore situato sulla penisola di San Ranieri, comprendente la visita al relativo museo dell\u2019Arsenale Militare, e della statua della Madonna della Lettera del porto di Messina.<\/p>\n<p style=\"text-align: justify\">Domenica 12 ottobre,\u00a0infine,\u00a0con partenza da Messina alle ore 10.00, \u00e8 organizzata una gita turistica nella citt\u00e0 di Taormina, con visite guidate al famoso patrimonio storico, culturale ed artistico del comune.<\/p>\n<p style=\"text-align: justify\">L\u2019evento \u201cErasmus Welcome Days\u201d , alla sua quinta edizione, nasce su impulso dell&#8217;Universit\u00e0 di degli Studi di Messina e dell\u2019ESN Italia, con il sostegno dell\u2019Ufficio per l\u2019Italia del Parlamento Europeo, la Rappresentanza in Italia della Commissione Europea, il Dipartimento per le Politiche Europee della Presidenza del Consiglio, il MIUR, l\u2019Agenzia Nazionale LLP, la Rete Eurodesk ed altri network europei.<\/p>\n","protected":false},"excerpt":{"rendered":"<p>Si svolger\u00e0 \u00a0venerd\u00ec 3 ottobre, alle ore 10, presso l\u2019Aula Magna del Rettorato la conferenza inaugurale degli\u00a0\u00a0\u201cErasmus Welcome Days\u201d. L\u2019iniziativa, oltre ad essere un\u2019occasione per accogliere presso l\u2019Ateneo gli studenti stranieri che frequenteranno l\u2019Universit\u00e0 durante l\u2019A.A. 2014\/2015, \u00a0ha l\u2019obiettivo di far conoscere le opportunit\u00e0 di mobilit\u00e0 in Europa che il programma &#8220;Erasmus+&#8221; pu\u00f2 offrire. Il&hellip; <a class=\"more-link\" href=\"https:\/\/portale2.unime.it\/comunicatistampa\/erasmus-welcome-days-2\/\">Continua a leggere <span class=\"screen-reader-text\">Erasmus welcome days<\/span><\/a><\/p>\n","protected":false},"author":59,"featured_media":0,"comment_status":"closed","ping_status":"open","sticky":false,"template":"","format":"standard","meta":{"_acf_changed":false,"footnotes":""},"categories":[3],"tags":[1550,1566,4244],"class_list":["post-4634","post","type-post","status-publish","format-standard","hentry","category-comunicati","tag-erasmus-welcome","tag-esn","tag-unime","entry"],"yoast_head":"<!-- This site is optimized with the Yoast SEO plugin v27.4 - https:\/\/yoast.com\/product\/yoast-seo-wordpress\/ -->\n<title>Erasmus welcome days - Comunicati Stampa<\/title>\n<meta name=\"robots\" content=\"index, follow, max-snippet:-1, max-image-preview:large, max-video-preview:-1\" \/>\n<link rel=\"canonical\" href=\"https:\/\/portale2.unime.it\/comunicatistampa\/erasmus-welcome-days-2\/\" \/>\n<meta property=\"og:locale\" content=\"it_IT\" \/>\n<meta property=\"og:type\" content=\"article\" \/>\n<meta property=\"og:title\" content=\"Erasmus welcome days - Comunicati Stampa\" \/>\n<meta property=\"og:description\" content=\"Si svolger\u00e0 \u00a0venerd\u00ec 3 ottobre, alle ore 10, presso l\u2019Aula Magna del Rettorato la conferenza inaugurale degli\u00a0\u00a0\u201cErasmus Welcome Days\u201d. L\u2019iniziativa, oltre ad essere un\u2019occasione per accogliere presso l\u2019Ateneo gli studenti stranieri che frequenteranno l\u2019Universit\u00e0 durante l\u2019A.A. 2014\/2015, \u00a0ha l\u2019obiettivo di far conoscere le opportunit\u00e0 di mobilit\u00e0 in Europa che il programma &#8220;Erasmus+&#8221; pu\u00f2 offrire. Il&hellip; Continua a leggere Erasmus welcome days\" \/>\n<meta property=\"og:url\" content=\"https:\/\/portale2.unime.it\/comunicatistampa\/erasmus-welcome-days-2\/\" \/>\n<meta property=\"og:site_name\" content=\"Comunicati Stampa\" \/>\n<meta property=\"article:published_time\" content=\"2014-09-30T11:31:27+00:00\" \/>\n<meta name=\"author\" content=\"vruggeri\" \/>\n<meta name=\"twitter:card\" content=\"summary_large_image\" \/>\n<meta name=\"twitter:label1\" content=\"Scritto da\" \/>\n\t<meta name=\"twitter:data1\" content=\"vruggeri\" \/>\n\t<meta name=\"twitter:label2\" content=\"Tempo di lettura stimato\" \/>\n\t<meta name=\"twitter:data2\" content=\"3 minuti\" \/>\n<script type=\"application\/ld+json\" class=\"yoast-schema-graph\">{\"@context\":\"https:\\\/\\\/schema.org\",\"@graph\":[{\"@type\":\"Article\",\"@id\":\"https:\\\/\\\/portale2.unime.it\\\/comunicatistampa\\\/erasmus-welcome-days-2\\\/#article\",\"isPartOf\":{\"@id\":\"https:\\\/\\\/portale2.unime.it\\\/comunicatistampa\\\/erasmus-welcome-days-2\\\/\"},\"author\":{\"name\":\"vruggeri\",\"@id\":\"https:\\\/\\\/portale2.unime.it\\\/comunicatistampa\\\/#\\\/schema\\\/person\\\/1583afcbf01b1f63c5a7cfd5bdb06b61\"},\"headline\":\"Erasmus welcome days\",\"datePublished\":\"2014-09-30T11:31:27+00:00\",\"mainEntityOfPage\":{\"@id\":\"https:\\\/\\\/portale2.unime.it\\\/comunicatistampa\\\/erasmus-welcome-days-2\\\/\"},\"wordCount\":517,\"publisher\":{\"@id\":\"https:\\\/\\\/portale2.unime.it\\\/comunicatistampa\\\/#organization\"},\"keywords\":[\"Erasmus Welcome\",\"ESN\",\"Unime\"],\"articleSection\":[\"Comunicati Stampa Universit\u00e0 di Messina\"],\"inLanguage\":\"it-IT\"},{\"@type\":\"WebPage\",\"@id\":\"https:\\\/\\\/portale2.unime.it\\\/comunicatistampa\\\/erasmus-welcome-days-2\\\/\",\"url\":\"https:\\\/\\\/portale2.unime.it\\\/comunicatistampa\\\/erasmus-welcome-days-2\\\/\",\"name\":\"Erasmus welcome days - Comunicati Stampa\",\"isPartOf\":{\"@id\":\"https:\\\/\\\/portale2.unime.it\\\/comunicatistampa\\\/#website\"},\"datePublished\":\"2014-09-30T11:31:27+00:00\",\"breadcrumb\":{\"@id\":\"https:\\\/\\\/portale2.unime.it\\\/comunicatistampa\\\/erasmus-welcome-days-2\\\/#breadcrumb\"},\"inLanguage\":\"it-IT\",\"potentialAction\":[{\"@type\":\"ReadAction\",\"target\":[\"https:\\\/\\\/portale2.unime.it\\\/comunicatistampa\\\/erasmus-welcome-days-2\\\/\"]}]},{\"@type\":\"BreadcrumbList\",\"@id\":\"https:\\\/\\\/portale2.unime.it\\\/comunicatistampa\\\/erasmus-welcome-days-2\\\/#breadcrumb\",\"itemListElement\":[{\"@type\":\"ListItem\",\"position\":1,\"name\":\"Home\",\"item\":\"https:\\\/\\\/portale2.unime.it\\\/comunicatistampa\\\/\"},{\"@type\":\"ListItem\",\"position\":2,\"name\":\"Erasmus welcome days\"}]},{\"@type\":\"WebSite\",\"@id\":\"https:\\\/\\\/portale2.unime.it\\\/comunicatistampa\\\/#website\",\"url\":\"https:\\\/\\\/portale2.unime.it\\\/comunicatistampa\\\/\",\"name\":\"Comunicati Stampa\",\"description\":\"\",\"publisher\":{\"@id\":\"https:\\\/\\\/portale2.unime.it\\\/comunicatistampa\\\/#organization\"},\"alternateName\":\"https:\\\/\\\/comunicatistampa.unime.it\\\/\",\"potentialAction\":[{\"@type\":\"SearchAction\",\"target\":{\"@type\":\"EntryPoint\",\"urlTemplate\":\"https:\\\/\\\/portale2.unime.it\\\/comunicatistampa\\\/?s={search_term_string}\"},\"query-input\":{\"@type\":\"PropertyValueSpecification\",\"valueRequired\":true,\"valueName\":\"search_term_string\"}}],\"inLanguage\":\"it-IT\"},{\"@type\":\"Organization\",\"@id\":\"https:\\\/\\\/portale2.unime.it\\\/comunicatistampa\\\/#organization\",\"name\":\"Comunicati Stampa\",\"url\":\"https:\\\/\\\/portale2.unime.it\\\/comunicatistampa\\\/\",\"logo\":{\"@type\":\"ImageObject\",\"inLanguage\":\"it-IT\",\"@id\":\"https:\\\/\\\/portale2.unime.it\\\/comunicatistampa\\\/#\\\/schema\\\/logo\\\/image\\\/\",\"url\":\"https:\\\/\\\/portale2.unime.it\\\/comunicatistampa\\\/wp-content\\\/uploads\\\/sites\\\/51\\\/2024\\\/07\\\/COMUNICATI-STAMPA-2.png\",\"contentUrl\":\"https:\\\/\\\/portale2.unime.it\\\/comunicatistampa\\\/wp-content\\\/uploads\\\/sites\\\/51\\\/2024\\\/07\\\/COMUNICATI-STAMPA-2.png\",\"width\":1000,\"height\":346,\"caption\":\"Comunicati Stampa\"},\"image\":{\"@id\":\"https:\\\/\\\/portale2.unime.it\\\/comunicatistampa\\\/#\\\/schema\\\/logo\\\/image\\\/\"}},{\"@type\":\"Person\",\"@id\":\"https:\\\/\\\/portale2.unime.it\\\/comunicatistampa\\\/#\\\/schema\\\/person\\\/1583afcbf01b1f63c5a7cfd5bdb06b61\",\"name\":\"vruggeri\",\"image\":{\"@type\":\"ImageObject\",\"inLanguage\":\"it-IT\",\"@id\":\"https:\\\/\\\/secure.gravatar.com\\\/avatar\\\/679e62dd7b2e027c9c34cc1dff90cd97124f4a2a72fad6cf6a62f709cd57534f?s=96&d=mm&r=g\",\"url\":\"https:\\\/\\\/secure.gravatar.com\\\/avatar\\\/679e62dd7b2e027c9c34cc1dff90cd97124f4a2a72fad6cf6a62f709cd57534f?s=96&d=mm&r=g\",\"contentUrl\":\"https:\\\/\\\/secure.gravatar.com\\\/avatar\\\/679e62dd7b2e027c9c34cc1dff90cd97124f4a2a72fad6cf6a62f709cd57534f?s=96&d=mm&r=g\",\"caption\":\"vruggeri\"},\"url\":\"https:\\\/\\\/portale2.unime.it\\\/comunicatistampa\\\/author\\\/vruggeri\\\/\"}]}<\/script>\n<!-- \/ Yoast SEO plugin. -->","yoast_head_json":{"title":"Erasmus welcome days - Comunicati Stampa","robots":{"index":"index","follow":"follow","max-snippet":"max-snippet:-1","max-image-preview":"max-image-preview:large","max-video-preview":"max-video-preview:-1"},"canonical":"https:\/\/portale2.unime.it\/comunicatistampa\/erasmus-welcome-days-2\/","og_locale":"it_IT","og_type":"article","og_title":"Erasmus welcome days - Comunicati Stampa","og_description":"Si svolger\u00e0 \u00a0venerd\u00ec 3 ottobre, alle ore 10, presso l\u2019Aula Magna del Rettorato la conferenza inaugurale degli\u00a0\u00a0\u201cErasmus Welcome Days\u201d. L\u2019iniziativa, oltre ad essere un\u2019occasione per accogliere presso l\u2019Ateneo gli studenti stranieri che frequenteranno l\u2019Universit\u00e0 durante l\u2019A.A. 2014\/2015, \u00a0ha l\u2019obiettivo di far conoscere le opportunit\u00e0 di mobilit\u00e0 in Europa che il programma &#8220;Erasmus+&#8221; pu\u00f2 offrire. Il&hellip; Continua a leggere Erasmus welcome days","og_url":"https:\/\/portale2.unime.it\/comunicatistampa\/erasmus-welcome-days-2\/","og_site_name":"Comunicati Stampa","article_published_time":"2014-09-30T11:31:27+00:00","author":"vruggeri","twitter_card":"summary_large_image","twitter_misc":{"Scritto da":"vruggeri","Tempo di lettura stimato":"3 minuti"},"schema":{"@context":"https:\/\/schema.org","@graph":[{"@type":"Article","@id":"https:\/\/portale2.unime.it\/comunicatistampa\/erasmus-welcome-days-2\/#article","isPartOf":{"@id":"https:\/\/portale2.unime.it\/comunicatistampa\/erasmus-welcome-days-2\/"},"author":{"name":"vruggeri","@id":"https:\/\/portale2.unime.it\/comunicatistampa\/#\/schema\/person\/1583afcbf01b1f63c5a7cfd5bdb06b61"},"headline":"Erasmus welcome days","datePublished":"2014-09-30T11:31:27+00:00","mainEntityOfPage":{"@id":"https:\/\/portale2.unime.it\/comunicatistampa\/erasmus-welcome-days-2\/"},"wordCount":517,"publisher":{"@id":"https:\/\/portale2.unime.it\/comunicatistampa\/#organization"},"keywords":["Erasmus Welcome","ESN","Unime"],"articleSection":["Comunicati Stampa Universit\u00e0 di Messina"],"inLanguage":"it-IT"},{"@type":"WebPage","@id":"https:\/\/portale2.unime.it\/comunicatistampa\/erasmus-welcome-days-2\/","url":"https:\/\/portale2.unime.it\/comunicatistampa\/erasmus-welcome-days-2\/","name":"Erasmus welcome days - Comunicati Stampa","isPartOf":{"@id":"https:\/\/portale2.unime.it\/comunicatistampa\/#website"},"datePublished":"2014-09-30T11:31:27+00:00","breadcrumb":{"@id":"https:\/\/portale2.unime.it\/comunicatistampa\/erasmus-welcome-days-2\/#breadcrumb"},"inLanguage":"it-IT","potentialAction":[{"@type":"ReadAction","target":["https:\/\/portale2.unime.it\/comunicatistampa\/erasmus-welcome-days-2\/"]}]},{"@type":"BreadcrumbList","@id":"https:\/\/portale2.unime.it\/comunicatistampa\/erasmus-welcome-days-2\/#breadcrumb","itemListElement":[{"@type":"ListItem","position":1,"name":"Home","item":"https:\/\/portale2.unime.it\/comunicatistampa\/"},{"@type":"ListItem","position":2,"name":"Erasmus welcome days"}]},{"@type":"WebSite","@id":"https:\/\/portale2.unime.it\/comunicatistampa\/#website","url":"https:\/\/portale2.unime.it\/comunicatistampa\/","name":"Comunicati Stampa","description":"","publisher":{"@id":"https:\/\/portale2.unime.it\/comunicatistampa\/#organization"},"alternateName":"https:\/\/comunicatistampa.unime.it\/","potentialAction":[{"@type":"SearchAction","target":{"@type":"EntryPoint","urlTemplate":"https:\/\/portale2.unime.it\/comunicatistampa\/?s={search_term_string}"},"query-input":{"@type":"PropertyValueSpecification","valueRequired":true,"valueName":"search_term_string"}}],"inLanguage":"it-IT"},{"@type":"Organization","@id":"https:\/\/portale2.unime.it\/comunicatistampa\/#organization","name":"Comunicati Stampa","url":"https:\/\/portale2.unime.it\/comunicatistampa\/","logo":{"@type":"ImageObject","inLanguage":"it-IT","@id":"https:\/\/portale2.unime.it\/comunicatistampa\/#\/schema\/logo\/image\/","url":"https:\/\/portale2.unime.it\/comunicatistampa\/wp-content\/uploads\/sites\/51\/2024\/07\/COMUNICATI-STAMPA-2.png","contentUrl":"https:\/\/portale2.unime.it\/comunicatistampa\/wp-content\/uploads\/sites\/51\/2024\/07\/COMUNICATI-STAMPA-2.png","width":1000,"height":346,"caption":"Comunicati Stampa"},"image":{"@id":"https:\/\/portale2.unime.it\/comunicatistampa\/#\/schema\/logo\/image\/"}},{"@type":"Person","@id":"https:\/\/portale2.unime.it\/comunicatistampa\/#\/schema\/person\/1583afcbf01b1f63c5a7cfd5bdb06b61","name":"vruggeri","image":{"@type":"ImageObject","inLanguage":"it-IT","@id":"https:\/\/secure.gravatar.com\/avatar\/679e62dd7b2e027c9c34cc1dff90cd97124f4a2a72fad6cf6a62f709cd57534f?s=96&d=mm&r=g","url":"https:\/\/secure.gravatar.com\/avatar\/679e62dd7b2e027c9c34cc1dff90cd97124f4a2a72fad6cf6a62f709cd57534f?s=96&d=mm&r=g","contentUrl":"https:\/\/secure.gravatar.com\/avatar\/679e62dd7b2e027c9c34cc1dff90cd97124f4a2a72fad6cf6a62f709cd57534f?s=96&d=mm&r=g","caption":"vruggeri"},"url":"https:\/\/portale2.unime.it\/comunicatistampa\/author\/vruggeri\/"}]}},"acf":[],"_links":{"self":[{"href":"https:\/\/portale2.unime.it\/comunicatistampa\/wp-json\/wp\/v2\/posts\/4634","targetHints":{"allow":["GET"]}}],"collection":[{"href":"https:\/\/portale2.unime.it\/comunicatistampa\/wp-json\/wp\/v2\/posts"}],"about":[{"href":"https:\/\/portale2.unime.it\/comunicatistampa\/wp-json\/wp\/v2\/types\/post"}],"author":[{"embeddable":true,"href":"https:\/\/portale2.unime.it\/comunicatistampa\/wp-json\/wp\/v2\/users\/59"}],"replies":[{"embeddable":true,"href":"https:\/\/portale2.unime.it\/comunicatistampa\/wp-json\/wp\/v2\/comments?post=4634"}],"version-history":[{"count":0,"href":"https:\/\/portale2.unime.it\/comunicatistampa\/wp-json\/wp\/v2\/posts\/4634\/revisions"}],"wp:attachment":[{"href":"https:\/\/portale2.unime.it\/comunicatistampa\/wp-json\/wp\/v2\/media?parent=4634"}],"wp:term":[{"taxonomy":"category","embeddable":true,"href":"https:\/\/portale2.unime.it\/comunicatistampa\/wp-json\/wp\/v2\/categories?post=4634"},{"taxonomy":"post_tag","embeddable":true,"href":"https:\/\/portale2.unime.it\/comunicatistampa\/wp-json\/wp\/v2\/tags?post=4634"}],"curies":[{"name":"wp","href":"https:\/\/api.w.org\/{rel}","templated":true}]}}