{"id":6681,"date":"2015-10-28T15:24:44","date_gmt":"2015-10-28T14:24:44","guid":{"rendered":"http:\/\/portale.unime.it\/comunicatistampa\/?p=6681"},"modified":"2015-10-28T15:24:44","modified_gmt":"2015-10-28T14:24:44","slug":"cus-unime-hockey-prato-domenica-al-via-il-campionato-di-serie-b","status":"publish","type":"post","link":"https:\/\/portale2.unime.it\/comunicatistampa\/cus-unime-hockey-prato-domenica-al-via-il-campionato-di-serie-b\/","title":{"rendered":"CUS Unime \u2013 Hockey Prato: domenica al via il campionato di Serie B"},"content":{"rendered":"<p style=\"text-align: justify\">Domenica 1 novembre esordio stagionale del settore hockey prato del CUS Unime, impegnato nel campionato di serie B. Gli universitari si trovano gi\u00e0 di fronte ad una insidiosa trasferta, al comunale di Valverde, contro la Polisportiva Valverde, nobile decaduta dell&#8217;hockey italiano che, dopo parecchi anni di serie A1 e A2, si rimette in gioco partendo dalla serie B.<!--more--><br \/>\nLa formazione cussina, guidata ancora dal tecnico Giacomo Spignolo, si pone l&#8217;obiettivo di ripetere quanto di buono fatto la scorsa stagione, rendendosi protagonista di un ottimo campionato e dando filo da torcere anche a formazioni pi\u00f9 quotate.<br \/>\nL&#8217;organico messinese si presenta all&#8217;esordio con importanti novit\u00e0, come il ritorno a casa di atleti di provata esperienza quali Antonio Spignolo, Gerardo Ragonese, Fabio Intersimone e con l&#8217;aggiunta del giovane Antonio Colombo. A completare la rosa il blocco di giovani di ottimo livello che ha gi\u00e0 ben figurato nello scorso campionato.<br \/>\n\u201cPartiamo subito contro un avversario di livello \u2013 spiega il tecnico cussino Spignolo\u2013 che si trova in rosa un blocco di giocatori, tranne gli egiziani, che lo scorso anno hanno giocato il campionato di A2. Sar\u00e0 certamente una partita dura, ma ci faremo trovare pronti; lavoriamo gi\u00e0 da met\u00e0 settembre e non vediamo l&#8217;ora di scendere in campo. Proveremo a giocarcela con tutti, ma principalmente abbiamo l&#8217;obiettivo di valorizzare i giovani di casa nostra, cercando di fargli fare un ulteriore salto di categoria\u201d.<br \/>\nQuesta la rosa nel dettaglio.<br \/>\nPortieri: Marco De Domenico, Roberto Sacca.<br \/>\nDifensori: Antonio Spignolo, Jerry Ragonese, Francesco D&#8217;Andrea, Federico Ficarra, Manuel Mirisola, Fabrizio Sacc\u00e0.<br \/>\nCentrocampisti: Fabio Intersimone, Francesco Curreli, Giuseppe Ardizzone, Antonio Colombo, Alberto Rinaldi.<br \/>\nAttaccanti: Alberto La Torre, Emanuele De Gregorio, Federico Cardella, Marcello Arena.<\/p>\n","protected":false},"excerpt":{"rendered":"<p>Domenica 1 novembre esordio stagionale del settore hockey prato del CUS Unime, impegnato nel campionato di serie B. Gli universitari si trovano gi\u00e0 di fronte ad una insidiosa trasferta, al comunale di Valverde, contro la Polisportiva Valverde, nobile decaduta dell&#8217;hockey italiano che, dopo parecchi anni di serie A1 e A2, si rimette in gioco partendo&hellip; <a class=\"more-link\" href=\"https:\/\/portale2.unime.it\/comunicatistampa\/cus-unime-hockey-prato-domenica-al-via-il-campionato-di-serie-b\/\">Continua a leggere <span class=\"screen-reader-text\">CUS Unime \u2013 Hockey Prato: domenica al via il campionato di Serie B<\/span><\/a><\/p>\n","protected":false},"author":1,"featured_media":0,"comment_status":"closed","ping_status":"open","sticky":false,"template":"","format":"standard","meta":{"_acf_changed":false,"footnotes":""},"categories":[3],"tags":[1181,1996],"class_list":["post-6681","post","type-post","status-publish","format-standard","hentry","category-comunicati","tag-cus-unime","tag-hochey-prato","entry"],"yoast_head":"<!-- This site is optimized with the Yoast SEO plugin v27.4 - https:\/\/yoast.com\/product\/yoast-seo-wordpress\/ -->\n<title>CUS Unime \u2013 Hockey Prato: domenica al via il campionato di Serie B - Comunicati Stampa<\/title>\n<meta name=\"robots\" content=\"index, follow, max-snippet:-1, max-image-preview:large, max-video-preview:-1\" \/>\n<link rel=\"canonical\" href=\"https:\/\/portale2.unime.it\/comunicatistampa\/cus-unime-hockey-prato-domenica-al-via-il-campionato-di-serie-b\/\" \/>\n<meta property=\"og:locale\" content=\"it_IT\" \/>\n<meta property=\"og:type\" content=\"article\" \/>\n<meta property=\"og:title\" content=\"CUS Unime \u2013 Hockey Prato: domenica al via il campionato di Serie B - Comunicati Stampa\" \/>\n<meta property=\"og:description\" content=\"Domenica 1 novembre esordio stagionale del settore hockey prato del CUS Unime, impegnato nel campionato di serie B. Gli universitari si trovano gi\u00e0 di fronte ad una insidiosa trasferta, al comunale di Valverde, contro la Polisportiva Valverde, nobile decaduta dell&#8217;hockey italiano che, dopo parecchi anni di serie A1 e A2, si rimette in gioco partendo&hellip; Continua a leggere CUS Unime \u2013 Hockey Prato: domenica al via il campionato di Serie B\" \/>\n<meta property=\"og:url\" content=\"https:\/\/portale2.unime.it\/comunicatistampa\/cus-unime-hockey-prato-domenica-al-via-il-campionato-di-serie-b\/\" \/>\n<meta property=\"og:site_name\" content=\"Comunicati Stampa\" \/>\n<meta property=\"article:published_time\" content=\"2015-10-28T14:24:44+00:00\" \/>\n<meta name=\"author\" content=\"mirrera\" \/>\n<meta name=\"twitter:card\" content=\"summary_large_image\" \/>\n<meta name=\"twitter:label1\" content=\"Scritto da\" \/>\n\t<meta name=\"twitter:data1\" content=\"mirrera\" \/>\n\t<meta name=\"twitter:label2\" content=\"Tempo di lettura stimato\" \/>\n\t<meta name=\"twitter:data2\" content=\"1 minuto\" \/>\n<script type=\"application\/ld+json\" class=\"yoast-schema-graph\">{\"@context\":\"https:\\\/\\\/schema.org\",\"@graph\":[{\"@type\":\"Article\",\"@id\":\"https:\\\/\\\/portale2.unime.it\\\/comunicatistampa\\\/cus-unime-hockey-prato-domenica-al-via-il-campionato-di-serie-b\\\/#article\",\"isPartOf\":{\"@id\":\"https:\\\/\\\/portale2.unime.it\\\/comunicatistampa\\\/cus-unime-hockey-prato-domenica-al-via-il-campionato-di-serie-b\\\/\"},\"author\":{\"name\":\"mirrera\",\"@id\":\"https:\\\/\\\/portale2.unime.it\\\/comunicatistampa\\\/#\\\/schema\\\/person\\\/dcee53305b174b229f3ff2e6f69f1729\"},\"headline\":\"CUS Unime \u2013 Hockey Prato: domenica al via il campionato di Serie B\",\"datePublished\":\"2015-10-28T14:24:44+00:00\",\"mainEntityOfPage\":{\"@id\":\"https:\\\/\\\/portale2.unime.it\\\/comunicatistampa\\\/cus-unime-hockey-prato-domenica-al-via-il-campionato-di-serie-b\\\/\"},\"wordCount\":293,\"publisher\":{\"@id\":\"https:\\\/\\\/portale2.unime.it\\\/comunicatistampa\\\/#organization\"},\"keywords\":[\"Cus Unime\",\"hochey prato\"],\"articleSection\":[\"Comunicati Stampa Universit\u00e0 di Messina\"],\"inLanguage\":\"it-IT\"},{\"@type\":\"WebPage\",\"@id\":\"https:\\\/\\\/portale2.unime.it\\\/comunicatistampa\\\/cus-unime-hockey-prato-domenica-al-via-il-campionato-di-serie-b\\\/\",\"url\":\"https:\\\/\\\/portale2.unime.it\\\/comunicatistampa\\\/cus-unime-hockey-prato-domenica-al-via-il-campionato-di-serie-b\\\/\",\"name\":\"CUS Unime \u2013 Hockey Prato: domenica al via il campionato di Serie B - Comunicati Stampa\",\"isPartOf\":{\"@id\":\"https:\\\/\\\/portale2.unime.it\\\/comunicatistampa\\\/#website\"},\"datePublished\":\"2015-10-28T14:24:44+00:00\",\"breadcrumb\":{\"@id\":\"https:\\\/\\\/portale2.unime.it\\\/comunicatistampa\\\/cus-unime-hockey-prato-domenica-al-via-il-campionato-di-serie-b\\\/#breadcrumb\"},\"inLanguage\":\"it-IT\",\"potentialAction\":[{\"@type\":\"ReadAction\",\"target\":[\"https:\\\/\\\/portale2.unime.it\\\/comunicatistampa\\\/cus-unime-hockey-prato-domenica-al-via-il-campionato-di-serie-b\\\/\"]}]},{\"@type\":\"BreadcrumbList\",\"@id\":\"https:\\\/\\\/portale2.unime.it\\\/comunicatistampa\\\/cus-unime-hockey-prato-domenica-al-via-il-campionato-di-serie-b\\\/#breadcrumb\",\"itemListElement\":[{\"@type\":\"ListItem\",\"position\":1,\"name\":\"Home\",\"item\":\"https:\\\/\\\/portale2.unime.it\\\/comunicatistampa\\\/\"},{\"@type\":\"ListItem\",\"position\":2,\"name\":\"CUS Unime \u2013 Hockey Prato: domenica al via il campionato di Serie B\"}]},{\"@type\":\"WebSite\",\"@id\":\"https:\\\/\\\/portale2.unime.it\\\/comunicatistampa\\\/#website\",\"url\":\"https:\\\/\\\/portale2.unime.it\\\/comunicatistampa\\\/\",\"name\":\"Comunicati Stampa\",\"description\":\"\",\"publisher\":{\"@id\":\"https:\\\/\\\/portale2.unime.it\\\/comunicatistampa\\\/#organization\"},\"alternateName\":\"https:\\\/\\\/comunicatistampa.unime.it\\\/\",\"potentialAction\":[{\"@type\":\"SearchAction\",\"target\":{\"@type\":\"EntryPoint\",\"urlTemplate\":\"https:\\\/\\\/portale2.unime.it\\\/comunicatistampa\\\/?s={search_term_string}\"},\"query-input\":{\"@type\":\"PropertyValueSpecification\",\"valueRequired\":true,\"valueName\":\"search_term_string\"}}],\"inLanguage\":\"it-IT\"},{\"@type\":\"Organization\",\"@id\":\"https:\\\/\\\/portale2.unime.it\\\/comunicatistampa\\\/#organization\",\"name\":\"Comunicati Stampa\",\"url\":\"https:\\\/\\\/portale2.unime.it\\\/comunicatistampa\\\/\",\"logo\":{\"@type\":\"ImageObject\",\"inLanguage\":\"it-IT\",\"@id\":\"https:\\\/\\\/portale2.unime.it\\\/comunicatistampa\\\/#\\\/schema\\\/logo\\\/image\\\/\",\"url\":\"https:\\\/\\\/portale2.unime.it\\\/comunicatistampa\\\/wp-content\\\/uploads\\\/sites\\\/51\\\/2024\\\/07\\\/COMUNICATI-STAMPA-2.png\",\"contentUrl\":\"https:\\\/\\\/portale2.unime.it\\\/comunicatistampa\\\/wp-content\\\/uploads\\\/sites\\\/51\\\/2024\\\/07\\\/COMUNICATI-STAMPA-2.png\",\"width\":1000,\"height\":346,\"caption\":\"Comunicati Stampa\"},\"image\":{\"@id\":\"https:\\\/\\\/portale2.unime.it\\\/comunicatistampa\\\/#\\\/schema\\\/logo\\\/image\\\/\"}},{\"@type\":\"Person\",\"@id\":\"https:\\\/\\\/portale2.unime.it\\\/comunicatistampa\\\/#\\\/schema\\\/person\\\/dcee53305b174b229f3ff2e6f69f1729\",\"name\":\"mirrera\",\"image\":{\"@type\":\"ImageObject\",\"inLanguage\":\"it-IT\",\"@id\":\"https:\\\/\\\/secure.gravatar.com\\\/avatar\\\/5ec86af929cf4e3b3c1778678a8cff4750fcb29b69bba8352bcddad756dbb6bf?s=96&d=mm&r=g\",\"url\":\"https:\\\/\\\/secure.gravatar.com\\\/avatar\\\/5ec86af929cf4e3b3c1778678a8cff4750fcb29b69bba8352bcddad756dbb6bf?s=96&d=mm&r=g\",\"contentUrl\":\"https:\\\/\\\/secure.gravatar.com\\\/avatar\\\/5ec86af929cf4e3b3c1778678a8cff4750fcb29b69bba8352bcddad756dbb6bf?s=96&d=mm&r=g\",\"caption\":\"mirrera\"},\"sameAs\":[\"https:\\\/\\\/portale2.unime.it\"],\"url\":\"https:\\\/\\\/portale2.unime.it\\\/comunicatistampa\\\/author\\\/mirrera\\\/\"}]}<\/script>\n<!-- \/ Yoast SEO plugin. -->","yoast_head_json":{"title":"CUS Unime \u2013 Hockey Prato: domenica al via il campionato di Serie B - Comunicati Stampa","robots":{"index":"index","follow":"follow","max-snippet":"max-snippet:-1","max-image-preview":"max-image-preview:large","max-video-preview":"max-video-preview:-1"},"canonical":"https:\/\/portale2.unime.it\/comunicatistampa\/cus-unime-hockey-prato-domenica-al-via-il-campionato-di-serie-b\/","og_locale":"it_IT","og_type":"article","og_title":"CUS Unime \u2013 Hockey Prato: domenica al via il campionato di Serie B - Comunicati Stampa","og_description":"Domenica 1 novembre esordio stagionale del settore hockey prato del CUS Unime, impegnato nel campionato di serie B. Gli universitari si trovano gi\u00e0 di fronte ad una insidiosa trasferta, al comunale di Valverde, contro la Polisportiva Valverde, nobile decaduta dell&#8217;hockey italiano che, dopo parecchi anni di serie A1 e A2, si rimette in gioco partendo&hellip; Continua a leggere CUS Unime \u2013 Hockey Prato: domenica al via il campionato di Serie B","og_url":"https:\/\/portale2.unime.it\/comunicatistampa\/cus-unime-hockey-prato-domenica-al-via-il-campionato-di-serie-b\/","og_site_name":"Comunicati Stampa","article_published_time":"2015-10-28T14:24:44+00:00","author":"mirrera","twitter_card":"summary_large_image","twitter_misc":{"Scritto da":"mirrera","Tempo di lettura stimato":"1 minuto"},"schema":{"@context":"https:\/\/schema.org","@graph":[{"@type":"Article","@id":"https:\/\/portale2.unime.it\/comunicatistampa\/cus-unime-hockey-prato-domenica-al-via-il-campionato-di-serie-b\/#article","isPartOf":{"@id":"https:\/\/portale2.unime.it\/comunicatistampa\/cus-unime-hockey-prato-domenica-al-via-il-campionato-di-serie-b\/"},"author":{"name":"mirrera","@id":"https:\/\/portale2.unime.it\/comunicatistampa\/#\/schema\/person\/dcee53305b174b229f3ff2e6f69f1729"},"headline":"CUS Unime \u2013 Hockey Prato: domenica al via il campionato di Serie B","datePublished":"2015-10-28T14:24:44+00:00","mainEntityOfPage":{"@id":"https:\/\/portale2.unime.it\/comunicatistampa\/cus-unime-hockey-prato-domenica-al-via-il-campionato-di-serie-b\/"},"wordCount":293,"publisher":{"@id":"https:\/\/portale2.unime.it\/comunicatistampa\/#organization"},"keywords":["Cus Unime","hochey prato"],"articleSection":["Comunicati Stampa Universit\u00e0 di Messina"],"inLanguage":"it-IT"},{"@type":"WebPage","@id":"https:\/\/portale2.unime.it\/comunicatistampa\/cus-unime-hockey-prato-domenica-al-via-il-campionato-di-serie-b\/","url":"https:\/\/portale2.unime.it\/comunicatistampa\/cus-unime-hockey-prato-domenica-al-via-il-campionato-di-serie-b\/","name":"CUS Unime \u2013 Hockey Prato: domenica al via il campionato di Serie B - Comunicati Stampa","isPartOf":{"@id":"https:\/\/portale2.unime.it\/comunicatistampa\/#website"},"datePublished":"2015-10-28T14:24:44+00:00","breadcrumb":{"@id":"https:\/\/portale2.unime.it\/comunicatistampa\/cus-unime-hockey-prato-domenica-al-via-il-campionato-di-serie-b\/#breadcrumb"},"inLanguage":"it-IT","potentialAction":[{"@type":"ReadAction","target":["https:\/\/portale2.unime.it\/comunicatistampa\/cus-unime-hockey-prato-domenica-al-via-il-campionato-di-serie-b\/"]}]},{"@type":"BreadcrumbList","@id":"https:\/\/portale2.unime.it\/comunicatistampa\/cus-unime-hockey-prato-domenica-al-via-il-campionato-di-serie-b\/#breadcrumb","itemListElement":[{"@type":"ListItem","position":1,"name":"Home","item":"https:\/\/portale2.unime.it\/comunicatistampa\/"},{"@type":"ListItem","position":2,"name":"CUS Unime \u2013 Hockey Prato: domenica al via il campionato di Serie B"}]},{"@type":"WebSite","@id":"https:\/\/portale2.unime.it\/comunicatistampa\/#website","url":"https:\/\/portale2.unime.it\/comunicatistampa\/","name":"Comunicati Stampa","description":"","publisher":{"@id":"https:\/\/portale2.unime.it\/comunicatistampa\/#organization"},"alternateName":"https:\/\/comunicatistampa.unime.it\/","potentialAction":[{"@type":"SearchAction","target":{"@type":"EntryPoint","urlTemplate":"https:\/\/portale2.unime.it\/comunicatistampa\/?s={search_term_string}"},"query-input":{"@type":"PropertyValueSpecification","valueRequired":true,"valueName":"search_term_string"}}],"inLanguage":"it-IT"},{"@type":"Organization","@id":"https:\/\/portale2.unime.it\/comunicatistampa\/#organization","name":"Comunicati Stampa","url":"https:\/\/portale2.unime.it\/comunicatistampa\/","logo":{"@type":"ImageObject","inLanguage":"it-IT","@id":"https:\/\/portale2.unime.it\/comunicatistampa\/#\/schema\/logo\/image\/","url":"https:\/\/portale2.unime.it\/comunicatistampa\/wp-content\/uploads\/sites\/51\/2024\/07\/COMUNICATI-STAMPA-2.png","contentUrl":"https:\/\/portale2.unime.it\/comunicatistampa\/wp-content\/uploads\/sites\/51\/2024\/07\/COMUNICATI-STAMPA-2.png","width":1000,"height":346,"caption":"Comunicati Stampa"},"image":{"@id":"https:\/\/portale2.unime.it\/comunicatistampa\/#\/schema\/logo\/image\/"}},{"@type":"Person","@id":"https:\/\/portale2.unime.it\/comunicatistampa\/#\/schema\/person\/dcee53305b174b229f3ff2e6f69f1729","name":"mirrera","image":{"@type":"ImageObject","inLanguage":"it-IT","@id":"https:\/\/secure.gravatar.com\/avatar\/5ec86af929cf4e3b3c1778678a8cff4750fcb29b69bba8352bcddad756dbb6bf?s=96&d=mm&r=g","url":"https:\/\/secure.gravatar.com\/avatar\/5ec86af929cf4e3b3c1778678a8cff4750fcb29b69bba8352bcddad756dbb6bf?s=96&d=mm&r=g","contentUrl":"https:\/\/secure.gravatar.com\/avatar\/5ec86af929cf4e3b3c1778678a8cff4750fcb29b69bba8352bcddad756dbb6bf?s=96&d=mm&r=g","caption":"mirrera"},"sameAs":["https:\/\/portale2.unime.it"],"url":"https:\/\/portale2.unime.it\/comunicatistampa\/author\/mirrera\/"}]}},"acf":[],"_links":{"self":[{"href":"https:\/\/portale2.unime.it\/comunicatistampa\/wp-json\/wp\/v2\/posts\/6681","targetHints":{"allow":["GET"]}}],"collection":[{"href":"https:\/\/portale2.unime.it\/comunicatistampa\/wp-json\/wp\/v2\/posts"}],"about":[{"href":"https:\/\/portale2.unime.it\/comunicatistampa\/wp-json\/wp\/v2\/types\/post"}],"author":[{"embeddable":true,"href":"https:\/\/portale2.unime.it\/comunicatistampa\/wp-json\/wp\/v2\/users\/1"}],"replies":[{"embeddable":true,"href":"https:\/\/portale2.unime.it\/comunicatistampa\/wp-json\/wp\/v2\/comments?post=6681"}],"version-history":[{"count":0,"href":"https:\/\/portale2.unime.it\/comunicatistampa\/wp-json\/wp\/v2\/posts\/6681\/revisions"}],"wp:attachment":[{"href":"https:\/\/portale2.unime.it\/comunicatistampa\/wp-json\/wp\/v2\/media?parent=6681"}],"wp:term":[{"taxonomy":"category","embeddable":true,"href":"https:\/\/portale2.unime.it\/comunicatistampa\/wp-json\/wp\/v2\/categories?post=6681"},{"taxonomy":"post_tag","embeddable":true,"href":"https:\/\/portale2.unime.it\/comunicatistampa\/wp-json\/wp\/v2\/tags?post=6681"}],"curies":[{"name":"wp","href":"https:\/\/api.w.org\/{rel}","templated":true}]}}