{"id":8337,"date":"2016-06-22T16:25:03","date_gmt":"2016-06-22T15:25:03","guid":{"rendered":"http:\/\/portale.unime.it\/comunicatistampa\/?p=8337"},"modified":"2016-06-22T16:25:03","modified_gmt":"2016-06-22T15:25:03","slug":"cerimonia-di-consegna-borse-intesa-san-paolo-e-teco-2015","status":"publish","type":"post","link":"https:\/\/portale2.unime.it\/comunicatistampa\/cerimonia-di-consegna-borse-intesa-san-paolo-e-teco-2015\/","title":{"rendered":"Cerimonia di consegna borse &#8220;Intesa San Paolo&#8221; e &#8220;Teco 2015&#8221;"},"content":{"rendered":"<p style=\"text-align: justify\">Si \u00e8 svolta in Aula Magna la cerimonia di consegna delle borse di studio messe a disposizione da &#8220;Intesa San Paolo Onlus&#8221;, che ancora una volta ha testimoniato grande sensibilit\u00e0 per gli studenti in situazioni di disagio e delle borse di studio legate ai test Teco 2015, finanziate dall\u2019Ateneo.<!--more--><br \/>\nLe 30 borse di studio, per un importo totale di 45.000 euro, della Fondazione Intesa San Paolo Onlus, per il secondo anno consecutivo sono state destinate a studenti che si trovano in condizioni di svantaggio fisico, psichico, sociale o familiare o in difficolt\u00e0 economica; mentre i 50 premi Teco consistono in borse di studio per la frequenza di un corso di lingua da svolgersi presso il Clam (Centro Linguistico di Ateneo).<br \/>\nIl prof. Eugenio Guglielmino, Prorettore per i Servizi agli Studenti, ha introdotto la cerimonia in rappresentanza del Rettore, prof. Pietro Navarra, assente per impegni istituzionali e ha ringraziato la Fondazione Intesa per il sostegno offerto agli studenti dell\u2019Universit\u00e0 di Messina<br \/>\n\u201cQuest\u2019anno la Fondazione ha complessivamente premiato 1.403 studenti appartenenti a 39 Atenei italiani &#8211; ha detto il dott. Ing. Pietro Francesco Maria De Sarlo, Presidente Intesa San Paolo Onlus &#8211; perch\u00e9 l\u2019obiettivo della Fondazione \u00e8 quello di riattivare l\u2019ascensore sociale che in questo Paese sembra essersi bloccato\u201d.<br \/>\nIl prof. Pietro Perconti, Prorettore alla Didattica, invece, ha illustrato lo scopo e l&#8217;importanza dei test Teco, mirati a valutare le competenze degli studenti: \u201cL\u2019Universit\u00e0 di Messina \u00e8 capofila in questo tipo di valutazione e attraverso questi premi abbiamo voluto dare un riconoscimento agli studenti che si sono classificati tra i primi cinquanta\u201d.<br \/>\n\u201cPer l\u2019Universit\u00e0 di Messina &#8211; ha detto il prof. Francesco De Domenico, Direttore Generale dell&#8217;Ateneo &#8211; sottolineare l\u2019importanza del merito \u00e8 fondamentale. Questa iniziativa della Fondazione conferma come l\u2019Ateneo stia riuscendo sempre pi\u00f9 ad attrarre risorse da enti, associazioni e privati. Tutto ci\u00f2 deve riempire di orgoglio la comunit\u00e0 accademica, perch\u00e9 significa che l&#8217;Universit\u00e0 sta conquistando sempre pi\u00f9 prestigio\u201d.<br \/>\nIn conclusione, la cerimonia di premiazione.<\/p>\n","protected":false},"excerpt":{"rendered":"<p>Si \u00e8 svolta in Aula Magna la cerimonia di consegna delle borse di studio messe a disposizione da &#8220;Intesa San Paolo Onlus&#8221;, che ancora una volta ha testimoniato grande sensibilit\u00e0 per gli studenti in situazioni di disagio e delle borse di studio legate ai test Teco 2015, finanziate dall\u2019Ateneo.<\/p>\n","protected":false},"author":59,"featured_media":0,"comment_status":"closed","ping_status":"open","sticky":false,"template":"","format":"standard","meta":{"_acf_changed":false,"footnotes":""},"categories":[3],"tags":[573,1742,4087,4244],"class_list":["post-8337","post","type-post","status-publish","format-standard","hentry","category-comunicati","tag-borse-di-studio","tag-fondazione-intesa-san-paolo","tag-teco","tag-unime","entry"],"yoast_head":"<!-- This site is optimized with the Yoast SEO plugin v27.4 - https:\/\/yoast.com\/product\/yoast-seo-wordpress\/ -->\n<title>Cerimonia di consegna borse &quot;Intesa San Paolo&quot; e &quot;Teco 2015&quot; - Comunicati Stampa<\/title>\n<meta name=\"robots\" content=\"index, follow, max-snippet:-1, max-image-preview:large, max-video-preview:-1\" \/>\n<link rel=\"canonical\" href=\"https:\/\/comunicatistampa.unime.it\/cerimonia-di-consegna-borse-intesa-san-paolo-e-teco-2015\/\" \/>\n<meta property=\"og:locale\" content=\"it_IT\" \/>\n<meta property=\"og:type\" content=\"article\" \/>\n<meta property=\"og:title\" content=\"Cerimonia di consegna borse &quot;Intesa San Paolo&quot; e &quot;Teco 2015&quot; - Comunicati Stampa\" \/>\n<meta property=\"og:description\" content=\"Si \u00e8 svolta in Aula Magna la cerimonia di consegna delle borse di studio messe a disposizione da &#8220;Intesa San Paolo Onlus&#8221;, che ancora una volta ha testimoniato grande sensibilit\u00e0 per gli studenti in situazioni di disagio e delle borse di studio legate ai test Teco 2015, finanziate dall\u2019Ateneo.\" \/>\n<meta property=\"og:url\" content=\"https:\/\/comunicatistampa.unime.it\/cerimonia-di-consegna-borse-intesa-san-paolo-e-teco-2015\/\" \/>\n<meta property=\"og:site_name\" content=\"Comunicati Stampa\" \/>\n<meta property=\"article:published_time\" content=\"2016-06-22T15:25:03+00:00\" \/>\n<meta name=\"author\" content=\"vruggeri\" \/>\n<meta name=\"twitter:card\" content=\"summary_large_image\" \/>\n<meta name=\"twitter:label1\" content=\"Scritto da\" \/>\n\t<meta name=\"twitter:data1\" content=\"vruggeri\" \/>\n\t<meta name=\"twitter:label2\" content=\"Tempo di lettura stimato\" \/>\n\t<meta name=\"twitter:data2\" content=\"2 minuti\" \/>\n<script type=\"application\/ld+json\" class=\"yoast-schema-graph\">{\"@context\":\"https:\\\/\\\/schema.org\",\"@graph\":[{\"@type\":\"Article\",\"@id\":\"https:\\\/\\\/comunicatistampa.unime.it\\\/cerimonia-di-consegna-borse-intesa-san-paolo-e-teco-2015\\\/#article\",\"isPartOf\":{\"@id\":\"https:\\\/\\\/comunicatistampa.unime.it\\\/cerimonia-di-consegna-borse-intesa-san-paolo-e-teco-2015\\\/\"},\"author\":{\"name\":\"vruggeri\",\"@id\":\"https:\\\/\\\/portale2.unime.it\\\/comunicatistampa\\\/#\\\/schema\\\/person\\\/1583afcbf01b1f63c5a7cfd5bdb06b61\"},\"headline\":\"Cerimonia di consegna borse &#8220;Intesa San Paolo&#8221; e &#8220;Teco 2015&#8221;\",\"datePublished\":\"2016-06-22T15:25:03+00:00\",\"mainEntityOfPage\":{\"@id\":\"https:\\\/\\\/comunicatistampa.unime.it\\\/cerimonia-di-consegna-borse-intesa-san-paolo-e-teco-2015\\\/\"},\"wordCount\":336,\"publisher\":{\"@id\":\"https:\\\/\\\/portale2.unime.it\\\/comunicatistampa\\\/#organization\"},\"keywords\":[\"borse di studio\",\"Fondazione Intesa San Paolo\",\"Teco\",\"Unime\"],\"articleSection\":[\"Comunicati Stampa Universit\u00e0 di Messina\"],\"inLanguage\":\"it-IT\"},{\"@type\":\"WebPage\",\"@id\":\"https:\\\/\\\/comunicatistampa.unime.it\\\/cerimonia-di-consegna-borse-intesa-san-paolo-e-teco-2015\\\/\",\"url\":\"https:\\\/\\\/comunicatistampa.unime.it\\\/cerimonia-di-consegna-borse-intesa-san-paolo-e-teco-2015\\\/\",\"name\":\"Cerimonia di consegna borse \\\"Intesa San Paolo\\\" e \\\"Teco 2015\\\" - Comunicati Stampa\",\"isPartOf\":{\"@id\":\"https:\\\/\\\/portale2.unime.it\\\/comunicatistampa\\\/#website\"},\"datePublished\":\"2016-06-22T15:25:03+00:00\",\"breadcrumb\":{\"@id\":\"https:\\\/\\\/comunicatistampa.unime.it\\\/cerimonia-di-consegna-borse-intesa-san-paolo-e-teco-2015\\\/#breadcrumb\"},\"inLanguage\":\"it-IT\",\"potentialAction\":[{\"@type\":\"ReadAction\",\"target\":[\"https:\\\/\\\/comunicatistampa.unime.it\\\/cerimonia-di-consegna-borse-intesa-san-paolo-e-teco-2015\\\/\"]}]},{\"@type\":\"BreadcrumbList\",\"@id\":\"https:\\\/\\\/comunicatistampa.unime.it\\\/cerimonia-di-consegna-borse-intesa-san-paolo-e-teco-2015\\\/#breadcrumb\",\"itemListElement\":[{\"@type\":\"ListItem\",\"position\":1,\"name\":\"Home\",\"item\":\"https:\\\/\\\/portale2.unime.it\\\/comunicatistampa\\\/\"},{\"@type\":\"ListItem\",\"position\":2,\"name\":\"Cerimonia di consegna borse &#8220;Intesa San Paolo&#8221; e &#8220;Teco 2015&#8221;\"}]},{\"@type\":\"WebSite\",\"@id\":\"https:\\\/\\\/portale2.unime.it\\\/comunicatistampa\\\/#website\",\"url\":\"https:\\\/\\\/portale2.unime.it\\\/comunicatistampa\\\/\",\"name\":\"Comunicati Stampa\",\"description\":\"\",\"publisher\":{\"@id\":\"https:\\\/\\\/portale2.unime.it\\\/comunicatistampa\\\/#organization\"},\"alternateName\":\"https:\\\/\\\/comunicatistampa.unime.it\\\/\",\"potentialAction\":[{\"@type\":\"SearchAction\",\"target\":{\"@type\":\"EntryPoint\",\"urlTemplate\":\"https:\\\/\\\/portale2.unime.it\\\/comunicatistampa\\\/?s={search_term_string}\"},\"query-input\":{\"@type\":\"PropertyValueSpecification\",\"valueRequired\":true,\"valueName\":\"search_term_string\"}}],\"inLanguage\":\"it-IT\"},{\"@type\":\"Organization\",\"@id\":\"https:\\\/\\\/portale2.unime.it\\\/comunicatistampa\\\/#organization\",\"name\":\"Comunicati Stampa\",\"url\":\"https:\\\/\\\/portale2.unime.it\\\/comunicatistampa\\\/\",\"logo\":{\"@type\":\"ImageObject\",\"inLanguage\":\"it-IT\",\"@id\":\"https:\\\/\\\/portale2.unime.it\\\/comunicatistampa\\\/#\\\/schema\\\/logo\\\/image\\\/\",\"url\":\"https:\\\/\\\/portale2.unime.it\\\/comunicatistampa\\\/wp-content\\\/uploads\\\/sites\\\/51\\\/2024\\\/07\\\/COMUNICATI-STAMPA-2.png\",\"contentUrl\":\"https:\\\/\\\/portale2.unime.it\\\/comunicatistampa\\\/wp-content\\\/uploads\\\/sites\\\/51\\\/2024\\\/07\\\/COMUNICATI-STAMPA-2.png\",\"width\":1000,\"height\":346,\"caption\":\"Comunicati Stampa\"},\"image\":{\"@id\":\"https:\\\/\\\/portale2.unime.it\\\/comunicatistampa\\\/#\\\/schema\\\/logo\\\/image\\\/\"}},{\"@type\":\"Person\",\"@id\":\"https:\\\/\\\/portale2.unime.it\\\/comunicatistampa\\\/#\\\/schema\\\/person\\\/1583afcbf01b1f63c5a7cfd5bdb06b61\",\"name\":\"vruggeri\",\"image\":{\"@type\":\"ImageObject\",\"inLanguage\":\"it-IT\",\"@id\":\"https:\\\/\\\/secure.gravatar.com\\\/avatar\\\/679e62dd7b2e027c9c34cc1dff90cd97124f4a2a72fad6cf6a62f709cd57534f?s=96&d=mm&r=g\",\"url\":\"https:\\\/\\\/secure.gravatar.com\\\/avatar\\\/679e62dd7b2e027c9c34cc1dff90cd97124f4a2a72fad6cf6a62f709cd57534f?s=96&d=mm&r=g\",\"contentUrl\":\"https:\\\/\\\/secure.gravatar.com\\\/avatar\\\/679e62dd7b2e027c9c34cc1dff90cd97124f4a2a72fad6cf6a62f709cd57534f?s=96&d=mm&r=g\",\"caption\":\"vruggeri\"},\"url\":\"https:\\\/\\\/portale2.unime.it\\\/comunicatistampa\\\/author\\\/vruggeri\\\/\"}]}<\/script>\n<!-- \/ Yoast SEO plugin. -->","yoast_head_json":{"title":"Cerimonia di consegna borse \"Intesa San Paolo\" e \"Teco 2015\" - Comunicati Stampa","robots":{"index":"index","follow":"follow","max-snippet":"max-snippet:-1","max-image-preview":"max-image-preview:large","max-video-preview":"max-video-preview:-1"},"canonical":"https:\/\/comunicatistampa.unime.it\/cerimonia-di-consegna-borse-intesa-san-paolo-e-teco-2015\/","og_locale":"it_IT","og_type":"article","og_title":"Cerimonia di consegna borse \"Intesa San Paolo\" e \"Teco 2015\" - Comunicati Stampa","og_description":"Si \u00e8 svolta in Aula Magna la cerimonia di consegna delle borse di studio messe a disposizione da &#8220;Intesa San Paolo Onlus&#8221;, che ancora una volta ha testimoniato grande sensibilit\u00e0 per gli studenti in situazioni di disagio e delle borse di studio legate ai test Teco 2015, finanziate dall\u2019Ateneo.","og_url":"https:\/\/comunicatistampa.unime.it\/cerimonia-di-consegna-borse-intesa-san-paolo-e-teco-2015\/","og_site_name":"Comunicati Stampa","article_published_time":"2016-06-22T15:25:03+00:00","author":"vruggeri","twitter_card":"summary_large_image","twitter_misc":{"Scritto da":"vruggeri","Tempo di lettura stimato":"2 minuti"},"schema":{"@context":"https:\/\/schema.org","@graph":[{"@type":"Article","@id":"https:\/\/comunicatistampa.unime.it\/cerimonia-di-consegna-borse-intesa-san-paolo-e-teco-2015\/#article","isPartOf":{"@id":"https:\/\/comunicatistampa.unime.it\/cerimonia-di-consegna-borse-intesa-san-paolo-e-teco-2015\/"},"author":{"name":"vruggeri","@id":"https:\/\/portale2.unime.it\/comunicatistampa\/#\/schema\/person\/1583afcbf01b1f63c5a7cfd5bdb06b61"},"headline":"Cerimonia di consegna borse &#8220;Intesa San Paolo&#8221; e &#8220;Teco 2015&#8221;","datePublished":"2016-06-22T15:25:03+00:00","mainEntityOfPage":{"@id":"https:\/\/comunicatistampa.unime.it\/cerimonia-di-consegna-borse-intesa-san-paolo-e-teco-2015\/"},"wordCount":336,"publisher":{"@id":"https:\/\/portale2.unime.it\/comunicatistampa\/#organization"},"keywords":["borse di studio","Fondazione Intesa San Paolo","Teco","Unime"],"articleSection":["Comunicati Stampa Universit\u00e0 di Messina"],"inLanguage":"it-IT"},{"@type":"WebPage","@id":"https:\/\/comunicatistampa.unime.it\/cerimonia-di-consegna-borse-intesa-san-paolo-e-teco-2015\/","url":"https:\/\/comunicatistampa.unime.it\/cerimonia-di-consegna-borse-intesa-san-paolo-e-teco-2015\/","name":"Cerimonia di consegna borse \"Intesa San Paolo\" e \"Teco 2015\" - Comunicati Stampa","isPartOf":{"@id":"https:\/\/portale2.unime.it\/comunicatistampa\/#website"},"datePublished":"2016-06-22T15:25:03+00:00","breadcrumb":{"@id":"https:\/\/comunicatistampa.unime.it\/cerimonia-di-consegna-borse-intesa-san-paolo-e-teco-2015\/#breadcrumb"},"inLanguage":"it-IT","potentialAction":[{"@type":"ReadAction","target":["https:\/\/comunicatistampa.unime.it\/cerimonia-di-consegna-borse-intesa-san-paolo-e-teco-2015\/"]}]},{"@type":"BreadcrumbList","@id":"https:\/\/comunicatistampa.unime.it\/cerimonia-di-consegna-borse-intesa-san-paolo-e-teco-2015\/#breadcrumb","itemListElement":[{"@type":"ListItem","position":1,"name":"Home","item":"https:\/\/portale2.unime.it\/comunicatistampa\/"},{"@type":"ListItem","position":2,"name":"Cerimonia di consegna borse &#8220;Intesa San Paolo&#8221; e &#8220;Teco 2015&#8221;"}]},{"@type":"WebSite","@id":"https:\/\/portale2.unime.it\/comunicatistampa\/#website","url":"https:\/\/portale2.unime.it\/comunicatistampa\/","name":"Comunicati Stampa","description":"","publisher":{"@id":"https:\/\/portale2.unime.it\/comunicatistampa\/#organization"},"alternateName":"https:\/\/comunicatistampa.unime.it\/","potentialAction":[{"@type":"SearchAction","target":{"@type":"EntryPoint","urlTemplate":"https:\/\/portale2.unime.it\/comunicatistampa\/?s={search_term_string}"},"query-input":{"@type":"PropertyValueSpecification","valueRequired":true,"valueName":"search_term_string"}}],"inLanguage":"it-IT"},{"@type":"Organization","@id":"https:\/\/portale2.unime.it\/comunicatistampa\/#organization","name":"Comunicati Stampa","url":"https:\/\/portale2.unime.it\/comunicatistampa\/","logo":{"@type":"ImageObject","inLanguage":"it-IT","@id":"https:\/\/portale2.unime.it\/comunicatistampa\/#\/schema\/logo\/image\/","url":"https:\/\/portale2.unime.it\/comunicatistampa\/wp-content\/uploads\/sites\/51\/2024\/07\/COMUNICATI-STAMPA-2.png","contentUrl":"https:\/\/portale2.unime.it\/comunicatistampa\/wp-content\/uploads\/sites\/51\/2024\/07\/COMUNICATI-STAMPA-2.png","width":1000,"height":346,"caption":"Comunicati Stampa"},"image":{"@id":"https:\/\/portale2.unime.it\/comunicatistampa\/#\/schema\/logo\/image\/"}},{"@type":"Person","@id":"https:\/\/portale2.unime.it\/comunicatistampa\/#\/schema\/person\/1583afcbf01b1f63c5a7cfd5bdb06b61","name":"vruggeri","image":{"@type":"ImageObject","inLanguage":"it-IT","@id":"https:\/\/secure.gravatar.com\/avatar\/679e62dd7b2e027c9c34cc1dff90cd97124f4a2a72fad6cf6a62f709cd57534f?s=96&d=mm&r=g","url":"https:\/\/secure.gravatar.com\/avatar\/679e62dd7b2e027c9c34cc1dff90cd97124f4a2a72fad6cf6a62f709cd57534f?s=96&d=mm&r=g","contentUrl":"https:\/\/secure.gravatar.com\/avatar\/679e62dd7b2e027c9c34cc1dff90cd97124f4a2a72fad6cf6a62f709cd57534f?s=96&d=mm&r=g","caption":"vruggeri"},"url":"https:\/\/portale2.unime.it\/comunicatistampa\/author\/vruggeri\/"}]}},"acf":[],"_links":{"self":[{"href":"https:\/\/portale2.unime.it\/comunicatistampa\/wp-json\/wp\/v2\/posts\/8337","targetHints":{"allow":["GET"]}}],"collection":[{"href":"https:\/\/portale2.unime.it\/comunicatistampa\/wp-json\/wp\/v2\/posts"}],"about":[{"href":"https:\/\/portale2.unime.it\/comunicatistampa\/wp-json\/wp\/v2\/types\/post"}],"author":[{"embeddable":true,"href":"https:\/\/portale2.unime.it\/comunicatistampa\/wp-json\/wp\/v2\/users\/59"}],"replies":[{"embeddable":true,"href":"https:\/\/portale2.unime.it\/comunicatistampa\/wp-json\/wp\/v2\/comments?post=8337"}],"version-history":[{"count":0,"href":"https:\/\/portale2.unime.it\/comunicatistampa\/wp-json\/wp\/v2\/posts\/8337\/revisions"}],"wp:attachment":[{"href":"https:\/\/portale2.unime.it\/comunicatistampa\/wp-json\/wp\/v2\/media?parent=8337"}],"wp:term":[{"taxonomy":"category","embeddable":true,"href":"https:\/\/portale2.unime.it\/comunicatistampa\/wp-json\/wp\/v2\/categories?post=8337"},{"taxonomy":"post_tag","embeddable":true,"href":"https:\/\/portale2.unime.it\/comunicatistampa\/wp-json\/wp\/v2\/tags?post=8337"}],"curies":[{"name":"wp","href":"https:\/\/api.w.org\/{rel}","templated":true}]}}