{"id":9536,"date":"2017-05-16T12:02:18","date_gmt":"2017-05-16T11:02:18","guid":{"rendered":"http:\/\/portale.unime.it\/comunicatistampa\/?p=9536"},"modified":"2017-05-16T12:02:18","modified_gmt":"2017-05-16T11:02:18","slug":"rapporto-almalaurea-con-un-titolo-unime-aumentano-le-possibilita-dinserimento-nel-mondo-del-lavoro","status":"publish","type":"post","link":"https:\/\/portale2.unime.it\/comunicatistampa\/rapporto-almalaurea-con-un-titolo-unime-aumentano-le-possibilita-dinserimento-nel-mondo-del-lavoro\/","title":{"rendered":"Rapporto AlmaLaurea: con un titolo Unime aumentano le possibilit\u00e0 d\u2019inserimento nel mondo del lavoro"},"content":{"rendered":"<p style=\"text-align: justify\"><span style=\"font-family: 'trebuchet ms', sans-serif\">A cinque anni dal conseguimento del titolo magistrale, il 65% dei laureati di Unime \u00e8 occupato, mentre il tasso di disoccupazione (calcolato sulle forze di lavoro, cio\u00e8 su coloro che sono gi\u00e0 inseriti o intenzionati a inserirsi nel mercato del lavoro) \u00e8 pari al 22%. \u00c8 questo uno dei dati pi\u00f9 significativi che emerge dal XIX Rapporto sul Profilo e sulla Condizione occupazionale dei laureati, presentato da AlmaLaurea. Tra loro, gli assunti con contratto a tempo indeterminato (compreso quello a tutele crescenti) sono il 42%, mentre svolge un lavoro autonomo il 21%. Le retribuzioni arrivano a 1.151 euro mensili netti; 57 laureati su cento ritengono la laurea conseguita molto efficace o efficace per il lavoro che stanno svolgendo. Sempre con riferimento a questa categoria, il 68% dei laureati \u00e8 inserito nel settore privato, il 27% nel pubblico. La restante quota lavora nel non-profit (4%). L\u2019ambito dei servizi assorbe l\u201989%, mentre l\u2019industria accoglie il 9% degli occupati. Marginale la quota di lavora nel settore dell\u2019agricoltura.<\/span><br \/>\n<!--more--><\/p>\n<p style=\"text-align: justify\">&#8220;Il tasso di disoccupazione del 22% \u2013 afferma il prof. Dario Caroniti, presidente del C.O.P. (Centro Orientamento e Placement dell\u2019Ateneo) \u2013 \u00e8 un riscontro significativo, a fronte di un livello di disoccupazione giovanile nei territori della provincia di Messina e di Reggio Calabria che \u00e8 anche superiore al 50%. Continuare gli studi dopo il liceo e ultimarli presso l&#8217;Universit\u00e0 di Messina apre molte pi\u00f9 possibilit\u00e0 di inserirsi nel\u00a0 mondo del lavoro, tanto pi\u00f9 se si considera che le percentuali di occupazione riscontrate dai laureati in alcuni dei nostri corsi di laurea, come quelli nell\u2019ambito dell\u2019ingegneria e dell\u2019informatica, rasentano il 100%&#8221;.<\/p>\n<p style=\"text-align: justify\"><span style=\"font-family: 'trebuchet ms', sans-serif\">L\u2019indagine sul profilo occupazionale, che nel 2016 ha riguardato 7.185 laureati di Unime, mette anche in luce che tra coloro i quali hanno conseguito un titolo triennale, un anno dopo la laurea il tasso di occupazione (si considerano occupati, seguendo la definizione adottata dall\u2019Istat, anche quanti sono in formazione retribuita) \u00e8 del 47%, mentre quello di disoccupazione \u00e8 pari al 38%. Tra loro, il 31% degli occupati pu\u00f2 contare su un lavoro alle dipendenze a tempo indeterminato (compreso quello a tutele crescenti), mentre il 16% svolge un\u2019attivit\u00e0 autonoma effettiva (liberi professionisti, lavoratori in proprio, imprenditori, ecc.). La retribuzione \u00e8 in media di 974 euro mensili netti. In questo gruppo, il 52% dei laureati considerano il titolo molto efficace o efficace per il lavoro che svolgono.<\/span><\/p>\n<p style=\"text-align: justify\"><span style=\"font-family: 'trebuchet ms', sans-serif\">Spostando l\u2019attenzione sui laureati magistrali a un anno dal conseguimento del titolo, il 45% \u00e8 occupato e il tasso di disoccupazione \u00e8 pari al 41%. Il 30% degli occupati pu\u00f2 contare su un contratto a tempo indeterminato (compreso quello a tutele crescenti), mentre il 10% svolge un\u2019attivit\u00e0 autonoma. La retribuzione \u00e8 di 911 euro mensili netti; il 51% ritiene la laurea conseguita molto efficace o efficace per il lavoro che sta svolgendo.<\/span><\/p>\n<p style=\"text-align: justify\">&#8220;Un dato che sfata i tanti pregiudizi contro i meridionali e le universit\u00e0 siciliane \u2013 aggiunge il prof. Caroniti \u2013 \u00e8 che quasi il 70% dei nostri laureati trova un&#8217;occupazione presso aziende private, che sono quindi interessate a realizzare con il nostro Ateneo percorsi di inserimento lavorativo. I numeri molto elevati di stage e tirocini, oltre che di contratti di apprendistato, sono stati quindi\u00a0 resi possibili grazie all&#8217;efficienza degli uffici del placement di Unime, ma anche da una crescente attenzione delle aziende siciliane e nazionali verso i nostri laureati.&#8221;<\/p>\n<p style=\"text-align: justify\">\n<p style=\"text-align: justify\"><span style=\"font-family: 'trebuchet ms', sans-serif\">Spostando l\u2019attenzione dalla condizione occupazionale al profilo dei laureati Unime, emerge come il 27% provenga da fuori regione; la quota di laureati di cittadinanza estera \u00e8 complessivamente pari all\u20191,2%. L\u2019et\u00e0 media alla laurea \u00e8 26,8 anni per il complesso dei laureati, nello specifico 25,5 anni per i laureati di primo livello e 28,5 anni per i magistrali biennali. Un dato su cui incide il ritardo nell\u2019iscrizione al percorso universitario: non tutti i diplomati, infatti, si immatricolano subito dopo aver ottenuto il titolo di scuola secondaria superiore. Il 40% dei laureati terminano l\u2019universit\u00e0 in corso; il voto medio di laurea \u00e8 103,4 su 110: 101,7 per i laureati di primo livello e 108 per i magistrali biennali.<\/span><\/p>\n<p style=\"text-align: justify\"><span style=\"font-family: 'trebuchet ms', sans-serif\">Rilevanti i numeri riguardanti il tirocinio: &#8220;Quasi il 90 per cento dei laureati messinesi \u2013 aggiunge il prof. Caroniti \u2013 ha svolto un tirocinio durante il corso di studi, indice dell&#8217;avvicinamento al mondo del lavoro, realizzato grazie alle politiche del placement dell&#8217;Ateneo&#8221;. Il 48% dei laureati ha svolto un\u2019attivit\u00e0 lavorativa durante gli studi universitari: \u00e8 il 48% tra i laureati di primo livello e il 59% tra i magistrali biennali.<\/span><\/p>\n<p style=\"text-align: justify\"><span style=\"font-family: 'trebuchet ms', sans-serif\">Elevato, infine, il tasso di gradimento degli studenti dell\u2019Universit\u00e0 di Messina: l\u201985% dei laureati si dichiara soddisfatto dell\u2019esperienza universitaria nel suo complesso.<\/span><\/p>\n","protected":false},"excerpt":{"rendered":"<p>A cinque anni dal conseguimento del titolo magistrale, il 65% dei laureati di Unime \u00e8 occupato, mentre il tasso di disoccupazione (calcolato sulle forze di lavoro, cio\u00e8 su coloro che sono gi\u00e0 inseriti o intenzionati a inserirsi nel mercato del lavoro) \u00e8 pari al 22%. \u00c8 questo uno dei dati pi\u00f9 significativi che emerge dal&hellip; <a class=\"more-link\" href=\"https:\/\/portale2.unime.it\/comunicatistampa\/rapporto-almalaurea-con-un-titolo-unime-aumentano-le-possibilita-dinserimento-nel-mondo-del-lavoro\/\">Continua a leggere <span class=\"screen-reader-text\">Rapporto AlmaLaurea: con un titolo Unime aumentano le possibilit\u00e0 d\u2019inserimento nel mondo del lavoro<\/span><\/a><\/p>\n","protected":false},"author":60,"featured_media":0,"comment_status":"closed","ping_status":"open","sticky":false,"template":"","format":"standard","meta":{"_acf_changed":false,"footnotes":""},"categories":[3],"tags":[2627,3375,4244],"class_list":["post-9536","post","type-post","status-publish","format-standard","hentry","category-comunicati","tag-mondo-del-lavoro","tag-rapporto-almalaurea","tag-unime","entry"],"yoast_head":"<!-- This site is optimized with the Yoast SEO plugin v27.4 - https:\/\/yoast.com\/product\/yoast-seo-wordpress\/ -->\n<title>Rapporto AlmaLaurea: con un titolo Unime aumentano le possibilit\u00e0 d\u2019inserimento nel mondo del lavoro - Comunicati Stampa<\/title>\n<meta name=\"robots\" content=\"index, follow, max-snippet:-1, max-image-preview:large, max-video-preview:-1\" \/>\n<link rel=\"canonical\" href=\"https:\/\/portale2.unime.it\/comunicatistampa\/rapporto-almalaurea-con-un-titolo-unime-aumentano-le-possibilita-dinserimento-nel-mondo-del-lavoro\/\" \/>\n<meta property=\"og:locale\" content=\"it_IT\" \/>\n<meta property=\"og:type\" content=\"article\" \/>\n<meta property=\"og:title\" content=\"Rapporto AlmaLaurea: con un titolo Unime aumentano le possibilit\u00e0 d\u2019inserimento nel mondo del lavoro - Comunicati Stampa\" \/>\n<meta property=\"og:description\" content=\"A cinque anni dal conseguimento del titolo magistrale, il 65% dei laureati di Unime \u00e8 occupato, mentre il tasso di disoccupazione (calcolato sulle forze di lavoro, cio\u00e8 su coloro che sono gi\u00e0 inseriti o intenzionati a inserirsi nel mercato del lavoro) \u00e8 pari al 22%. \u00c8 questo uno dei dati pi\u00f9 significativi che emerge dal&hellip; Continua a leggere Rapporto AlmaLaurea: con un titolo Unime aumentano le possibilit\u00e0 d\u2019inserimento nel mondo del lavoro\" \/>\n<meta property=\"og:url\" content=\"https:\/\/portale2.unime.it\/comunicatistampa\/rapporto-almalaurea-con-un-titolo-unime-aumentano-le-possibilita-dinserimento-nel-mondo-del-lavoro\/\" \/>\n<meta property=\"og:site_name\" content=\"Comunicati Stampa\" \/>\n<meta property=\"article:published_time\" content=\"2017-05-16T11:02:18+00:00\" \/>\n<meta name=\"author\" content=\"astramandino\" \/>\n<meta name=\"twitter:card\" content=\"summary_large_image\" \/>\n<meta name=\"twitter:label1\" content=\"Scritto da\" \/>\n\t<meta name=\"twitter:data1\" content=\"astramandino\" \/>\n\t<meta name=\"twitter:label2\" content=\"Tempo di lettura stimato\" \/>\n\t<meta name=\"twitter:data2\" content=\"4 minuti\" \/>\n<script type=\"application\/ld+json\" class=\"yoast-schema-graph\">{\"@context\":\"https:\\\/\\\/schema.org\",\"@graph\":[{\"@type\":\"Article\",\"@id\":\"https:\\\/\\\/portale2.unime.it\\\/comunicatistampa\\\/rapporto-almalaurea-con-un-titolo-unime-aumentano-le-possibilita-dinserimento-nel-mondo-del-lavoro\\\/#article\",\"isPartOf\":{\"@id\":\"https:\\\/\\\/portale2.unime.it\\\/comunicatistampa\\\/rapporto-almalaurea-con-un-titolo-unime-aumentano-le-possibilita-dinserimento-nel-mondo-del-lavoro\\\/\"},\"author\":{\"name\":\"astramandino\",\"@id\":\"https:\\\/\\\/portale2.unime.it\\\/comunicatistampa\\\/#\\\/schema\\\/person\\\/ece3ce92132d3b80b89603a7e93eda7f\"},\"headline\":\"Rapporto AlmaLaurea: con un titolo Unime aumentano le possibilit\u00e0 d\u2019inserimento nel mondo del lavoro\",\"datePublished\":\"2017-05-16T11:02:18+00:00\",\"mainEntityOfPage\":{\"@id\":\"https:\\\/\\\/portale2.unime.it\\\/comunicatistampa\\\/rapporto-almalaurea-con-un-titolo-unime-aumentano-le-possibilita-dinserimento-nel-mondo-del-lavoro\\\/\"},\"wordCount\":735,\"publisher\":{\"@id\":\"https:\\\/\\\/portale2.unime.it\\\/comunicatistampa\\\/#organization\"},\"keywords\":[\"mondo del lavoro\",\"Rapporto Almalaurea\",\"Unime\"],\"articleSection\":[\"Comunicati Stampa Universit\u00e0 di Messina\"],\"inLanguage\":\"it-IT\"},{\"@type\":\"WebPage\",\"@id\":\"https:\\\/\\\/portale2.unime.it\\\/comunicatistampa\\\/rapporto-almalaurea-con-un-titolo-unime-aumentano-le-possibilita-dinserimento-nel-mondo-del-lavoro\\\/\",\"url\":\"https:\\\/\\\/portale2.unime.it\\\/comunicatistampa\\\/rapporto-almalaurea-con-un-titolo-unime-aumentano-le-possibilita-dinserimento-nel-mondo-del-lavoro\\\/\",\"name\":\"Rapporto AlmaLaurea: con un titolo Unime aumentano le possibilit\u00e0 d\u2019inserimento nel mondo del lavoro - Comunicati Stampa\",\"isPartOf\":{\"@id\":\"https:\\\/\\\/portale2.unime.it\\\/comunicatistampa\\\/#website\"},\"datePublished\":\"2017-05-16T11:02:18+00:00\",\"breadcrumb\":{\"@id\":\"https:\\\/\\\/portale2.unime.it\\\/comunicatistampa\\\/rapporto-almalaurea-con-un-titolo-unime-aumentano-le-possibilita-dinserimento-nel-mondo-del-lavoro\\\/#breadcrumb\"},\"inLanguage\":\"it-IT\",\"potentialAction\":[{\"@type\":\"ReadAction\",\"target\":[\"https:\\\/\\\/portale2.unime.it\\\/comunicatistampa\\\/rapporto-almalaurea-con-un-titolo-unime-aumentano-le-possibilita-dinserimento-nel-mondo-del-lavoro\\\/\"]}]},{\"@type\":\"BreadcrumbList\",\"@id\":\"https:\\\/\\\/portale2.unime.it\\\/comunicatistampa\\\/rapporto-almalaurea-con-un-titolo-unime-aumentano-le-possibilita-dinserimento-nel-mondo-del-lavoro\\\/#breadcrumb\",\"itemListElement\":[{\"@type\":\"ListItem\",\"position\":1,\"name\":\"Home\",\"item\":\"https:\\\/\\\/portale2.unime.it\\\/comunicatistampa\\\/\"},{\"@type\":\"ListItem\",\"position\":2,\"name\":\"Rapporto AlmaLaurea: con un titolo Unime aumentano le possibilit\u00e0 d\u2019inserimento nel mondo del lavoro\"}]},{\"@type\":\"WebSite\",\"@id\":\"https:\\\/\\\/portale2.unime.it\\\/comunicatistampa\\\/#website\",\"url\":\"https:\\\/\\\/portale2.unime.it\\\/comunicatistampa\\\/\",\"name\":\"Comunicati Stampa\",\"description\":\"\",\"publisher\":{\"@id\":\"https:\\\/\\\/portale2.unime.it\\\/comunicatistampa\\\/#organization\"},\"alternateName\":\"https:\\\/\\\/comunicatistampa.unime.it\\\/\",\"potentialAction\":[{\"@type\":\"SearchAction\",\"target\":{\"@type\":\"EntryPoint\",\"urlTemplate\":\"https:\\\/\\\/portale2.unime.it\\\/comunicatistampa\\\/?s={search_term_string}\"},\"query-input\":{\"@type\":\"PropertyValueSpecification\",\"valueRequired\":true,\"valueName\":\"search_term_string\"}}],\"inLanguage\":\"it-IT\"},{\"@type\":\"Organization\",\"@id\":\"https:\\\/\\\/portale2.unime.it\\\/comunicatistampa\\\/#organization\",\"name\":\"Comunicati Stampa\",\"url\":\"https:\\\/\\\/portale2.unime.it\\\/comunicatistampa\\\/\",\"logo\":{\"@type\":\"ImageObject\",\"inLanguage\":\"it-IT\",\"@id\":\"https:\\\/\\\/portale2.unime.it\\\/comunicatistampa\\\/#\\\/schema\\\/logo\\\/image\\\/\",\"url\":\"https:\\\/\\\/portale2.unime.it\\\/comunicatistampa\\\/wp-content\\\/uploads\\\/sites\\\/51\\\/2024\\\/07\\\/COMUNICATI-STAMPA-2.png\",\"contentUrl\":\"https:\\\/\\\/portale2.unime.it\\\/comunicatistampa\\\/wp-content\\\/uploads\\\/sites\\\/51\\\/2024\\\/07\\\/COMUNICATI-STAMPA-2.png\",\"width\":1000,\"height\":346,\"caption\":\"Comunicati Stampa\"},\"image\":{\"@id\":\"https:\\\/\\\/portale2.unime.it\\\/comunicatistampa\\\/#\\\/schema\\\/logo\\\/image\\\/\"}},{\"@type\":\"Person\",\"@id\":\"https:\\\/\\\/portale2.unime.it\\\/comunicatistampa\\\/#\\\/schema\\\/person\\\/ece3ce92132d3b80b89603a7e93eda7f\",\"name\":\"astramandino\",\"image\":{\"@type\":\"ImageObject\",\"inLanguage\":\"it-IT\",\"@id\":\"https:\\\/\\\/secure.gravatar.com\\\/avatar\\\/350a04f01afddd3a9f6e057c2d618be834d7ca1192086cfd02adaba43a0e0575?s=96&d=mm&r=g\",\"url\":\"https:\\\/\\\/secure.gravatar.com\\\/avatar\\\/350a04f01afddd3a9f6e057c2d618be834d7ca1192086cfd02adaba43a0e0575?s=96&d=mm&r=g\",\"contentUrl\":\"https:\\\/\\\/secure.gravatar.com\\\/avatar\\\/350a04f01afddd3a9f6e057c2d618be834d7ca1192086cfd02adaba43a0e0575?s=96&d=mm&r=g\",\"caption\":\"astramandino\"},\"url\":\"https:\\\/\\\/portale2.unime.it\\\/comunicatistampa\\\/author\\\/astramandino\\\/\"}]}<\/script>\n<!-- \/ Yoast SEO plugin. -->","yoast_head_json":{"title":"Rapporto AlmaLaurea: con un titolo Unime aumentano le possibilit\u00e0 d\u2019inserimento nel mondo del lavoro - Comunicati Stampa","robots":{"index":"index","follow":"follow","max-snippet":"max-snippet:-1","max-image-preview":"max-image-preview:large","max-video-preview":"max-video-preview:-1"},"canonical":"https:\/\/portale2.unime.it\/comunicatistampa\/rapporto-almalaurea-con-un-titolo-unime-aumentano-le-possibilita-dinserimento-nel-mondo-del-lavoro\/","og_locale":"it_IT","og_type":"article","og_title":"Rapporto AlmaLaurea: con un titolo Unime aumentano le possibilit\u00e0 d\u2019inserimento nel mondo del lavoro - Comunicati Stampa","og_description":"A cinque anni dal conseguimento del titolo magistrale, il 65% dei laureati di Unime \u00e8 occupato, mentre il tasso di disoccupazione (calcolato sulle forze di lavoro, cio\u00e8 su coloro che sono gi\u00e0 inseriti o intenzionati a inserirsi nel mercato del lavoro) \u00e8 pari al 22%. \u00c8 questo uno dei dati pi\u00f9 significativi che emerge dal&hellip; Continua a leggere Rapporto AlmaLaurea: con un titolo Unime aumentano le possibilit\u00e0 d\u2019inserimento nel mondo del lavoro","og_url":"https:\/\/portale2.unime.it\/comunicatistampa\/rapporto-almalaurea-con-un-titolo-unime-aumentano-le-possibilita-dinserimento-nel-mondo-del-lavoro\/","og_site_name":"Comunicati Stampa","article_published_time":"2017-05-16T11:02:18+00:00","author":"astramandino","twitter_card":"summary_large_image","twitter_misc":{"Scritto da":"astramandino","Tempo di lettura stimato":"4 minuti"},"schema":{"@context":"https:\/\/schema.org","@graph":[{"@type":"Article","@id":"https:\/\/portale2.unime.it\/comunicatistampa\/rapporto-almalaurea-con-un-titolo-unime-aumentano-le-possibilita-dinserimento-nel-mondo-del-lavoro\/#article","isPartOf":{"@id":"https:\/\/portale2.unime.it\/comunicatistampa\/rapporto-almalaurea-con-un-titolo-unime-aumentano-le-possibilita-dinserimento-nel-mondo-del-lavoro\/"},"author":{"name":"astramandino","@id":"https:\/\/portale2.unime.it\/comunicatistampa\/#\/schema\/person\/ece3ce92132d3b80b89603a7e93eda7f"},"headline":"Rapporto AlmaLaurea: con un titolo Unime aumentano le possibilit\u00e0 d\u2019inserimento nel mondo del lavoro","datePublished":"2017-05-16T11:02:18+00:00","mainEntityOfPage":{"@id":"https:\/\/portale2.unime.it\/comunicatistampa\/rapporto-almalaurea-con-un-titolo-unime-aumentano-le-possibilita-dinserimento-nel-mondo-del-lavoro\/"},"wordCount":735,"publisher":{"@id":"https:\/\/portale2.unime.it\/comunicatistampa\/#organization"},"keywords":["mondo del lavoro","Rapporto Almalaurea","Unime"],"articleSection":["Comunicati Stampa Universit\u00e0 di Messina"],"inLanguage":"it-IT"},{"@type":"WebPage","@id":"https:\/\/portale2.unime.it\/comunicatistampa\/rapporto-almalaurea-con-un-titolo-unime-aumentano-le-possibilita-dinserimento-nel-mondo-del-lavoro\/","url":"https:\/\/portale2.unime.it\/comunicatistampa\/rapporto-almalaurea-con-un-titolo-unime-aumentano-le-possibilita-dinserimento-nel-mondo-del-lavoro\/","name":"Rapporto AlmaLaurea: con un titolo Unime aumentano le possibilit\u00e0 d\u2019inserimento nel mondo del lavoro - Comunicati Stampa","isPartOf":{"@id":"https:\/\/portale2.unime.it\/comunicatistampa\/#website"},"datePublished":"2017-05-16T11:02:18+00:00","breadcrumb":{"@id":"https:\/\/portale2.unime.it\/comunicatistampa\/rapporto-almalaurea-con-un-titolo-unime-aumentano-le-possibilita-dinserimento-nel-mondo-del-lavoro\/#breadcrumb"},"inLanguage":"it-IT","potentialAction":[{"@type":"ReadAction","target":["https:\/\/portale2.unime.it\/comunicatistampa\/rapporto-almalaurea-con-un-titolo-unime-aumentano-le-possibilita-dinserimento-nel-mondo-del-lavoro\/"]}]},{"@type":"BreadcrumbList","@id":"https:\/\/portale2.unime.it\/comunicatistampa\/rapporto-almalaurea-con-un-titolo-unime-aumentano-le-possibilita-dinserimento-nel-mondo-del-lavoro\/#breadcrumb","itemListElement":[{"@type":"ListItem","position":1,"name":"Home","item":"https:\/\/portale2.unime.it\/comunicatistampa\/"},{"@type":"ListItem","position":2,"name":"Rapporto AlmaLaurea: con un titolo Unime aumentano le possibilit\u00e0 d\u2019inserimento nel mondo del lavoro"}]},{"@type":"WebSite","@id":"https:\/\/portale2.unime.it\/comunicatistampa\/#website","url":"https:\/\/portale2.unime.it\/comunicatistampa\/","name":"Comunicati Stampa","description":"","publisher":{"@id":"https:\/\/portale2.unime.it\/comunicatistampa\/#organization"},"alternateName":"https:\/\/comunicatistampa.unime.it\/","potentialAction":[{"@type":"SearchAction","target":{"@type":"EntryPoint","urlTemplate":"https:\/\/portale2.unime.it\/comunicatistampa\/?s={search_term_string}"},"query-input":{"@type":"PropertyValueSpecification","valueRequired":true,"valueName":"search_term_string"}}],"inLanguage":"it-IT"},{"@type":"Organization","@id":"https:\/\/portale2.unime.it\/comunicatistampa\/#organization","name":"Comunicati Stampa","url":"https:\/\/portale2.unime.it\/comunicatistampa\/","logo":{"@type":"ImageObject","inLanguage":"it-IT","@id":"https:\/\/portale2.unime.it\/comunicatistampa\/#\/schema\/logo\/image\/","url":"https:\/\/portale2.unime.it\/comunicatistampa\/wp-content\/uploads\/sites\/51\/2024\/07\/COMUNICATI-STAMPA-2.png","contentUrl":"https:\/\/portale2.unime.it\/comunicatistampa\/wp-content\/uploads\/sites\/51\/2024\/07\/COMUNICATI-STAMPA-2.png","width":1000,"height":346,"caption":"Comunicati Stampa"},"image":{"@id":"https:\/\/portale2.unime.it\/comunicatistampa\/#\/schema\/logo\/image\/"}},{"@type":"Person","@id":"https:\/\/portale2.unime.it\/comunicatistampa\/#\/schema\/person\/ece3ce92132d3b80b89603a7e93eda7f","name":"astramandino","image":{"@type":"ImageObject","inLanguage":"it-IT","@id":"https:\/\/secure.gravatar.com\/avatar\/350a04f01afddd3a9f6e057c2d618be834d7ca1192086cfd02adaba43a0e0575?s=96&d=mm&r=g","url":"https:\/\/secure.gravatar.com\/avatar\/350a04f01afddd3a9f6e057c2d618be834d7ca1192086cfd02adaba43a0e0575?s=96&d=mm&r=g","contentUrl":"https:\/\/secure.gravatar.com\/avatar\/350a04f01afddd3a9f6e057c2d618be834d7ca1192086cfd02adaba43a0e0575?s=96&d=mm&r=g","caption":"astramandino"},"url":"https:\/\/portale2.unime.it\/comunicatistampa\/author\/astramandino\/"}]}},"acf":[],"_links":{"self":[{"href":"https:\/\/portale2.unime.it\/comunicatistampa\/wp-json\/wp\/v2\/posts\/9536","targetHints":{"allow":["GET"]}}],"collection":[{"href":"https:\/\/portale2.unime.it\/comunicatistampa\/wp-json\/wp\/v2\/posts"}],"about":[{"href":"https:\/\/portale2.unime.it\/comunicatistampa\/wp-json\/wp\/v2\/types\/post"}],"author":[{"embeddable":true,"href":"https:\/\/portale2.unime.it\/comunicatistampa\/wp-json\/wp\/v2\/users\/60"}],"replies":[{"embeddable":true,"href":"https:\/\/portale2.unime.it\/comunicatistampa\/wp-json\/wp\/v2\/comments?post=9536"}],"version-history":[{"count":0,"href":"https:\/\/portale2.unime.it\/comunicatistampa\/wp-json\/wp\/v2\/posts\/9536\/revisions"}],"wp:attachment":[{"href":"https:\/\/portale2.unime.it\/comunicatistampa\/wp-json\/wp\/v2\/media?parent=9536"}],"wp:term":[{"taxonomy":"category","embeddable":true,"href":"https:\/\/portale2.unime.it\/comunicatistampa\/wp-json\/wp\/v2\/categories?post=9536"},{"taxonomy":"post_tag","embeddable":true,"href":"https:\/\/portale2.unime.it\/comunicatistampa\/wp-json\/wp\/v2\/tags?post=9536"}],"curies":[{"name":"wp","href":"https:\/\/api.w.org\/{rel}","templated":true}]}}