{"id":9978,"date":"2017-08-04T10:46:22","date_gmt":"2017-08-04T09:46:22","guid":{"rendered":"http:\/\/portale.unime.it\/comunicatistampa\/?p=9978"},"modified":"2017-08-04T10:46:22","modified_gmt":"2017-08-04T09:46:22","slug":"presentata-la-convenzione-fra-lateneo-e-fiumara-darte-per-il-recupero-del-villaggio-le-rocce","status":"publish","type":"post","link":"https:\/\/portale2.unime.it\/comunicatistampa\/presentata-la-convenzione-fra-lateneo-e-fiumara-darte-per-il-recupero-del-villaggio-le-rocce\/","title":{"rendered":"Presentata la convenzione fra l&#8217;Ateneo e Fiumara d&#8217;Arte per il recupero del villaggio &#8220;Le Rocce&#8221;"},"content":{"rendered":"<p style=\"text-align: justify\">Fare del Villaggio \u201cLe Rocce\u201d a Taormina un polo culturale d\u2019eccellenza e avviare un rapporto che possa garantire continuit\u00e0 all\u2019operato della Fondazione Fiumara d\u2019Arte. Sono questi i principali elementi della convenzione tra l\u2019Ateneo e la Fondazione firmata\u00a0<span id=\"OBJ_PREFIX_DWT46_com_zimbra_date\" class=\"Object\">questa mattina<\/span>, presso il Rettorato, dal Rettore prof. Pietro Navarra e dal Presidente di Fiumara d\u2019Arte Antonio Presti, alla presenza del sottosegretario alla Salute Davide Faraone.<!--more--><\/p>\n<p style=\"text-align: justify\">Il sito, dopo anni di abbandono, \u00e8 stato concesso alla Fondazione Fiumara d\u2019Arte dalla Citt\u00e0 Metropolitana di Messina in comodato d\u2019uso e nei giorni scorsi \u00e8 stato aperto al pubblico.<\/p>\n<p style=\"text-align: justify\">L\u2019accordo tra Unime e Fiumara d\u2019Arte, che prender\u00e0 fattivamente il via a settembre, con l&#8217;avvio delle procedure, non rappresenta una semplice dichiarazione d\u2019intenti, bens\u00ec un piano concreto che pu\u00f2 contare su risorse gi\u00e0 disponibili, intercettate dall\u2019Universit\u00e0 grazie al progetto di ricerca, didattica e rigenerazione ambientale \u201cLa rifunzionalizzazione del contemporaneo\u201d. Il MIUR, infatti, ha concesso 1,1 milioni di euro per la realizzazione del progetto: in parte ai sensi dell&#8217;art. 11 del decreto dei criteri di ripartizione del FFO 2016 (per un importo di 100 mila euro) e, in parte, a valere sui fondi del Piano Nazionale della Ricerca 2015-2020 (per un importo di 1 milione di euro). In particolare, quest\u2019ultima tranche del finanziamento costituisce un motivo di orgoglio per Unime, visto che in tutta Italia sono stati finanziate soltanto 9 proposte.<\/p>\n<p style=\"text-align: justify\">L\u2019idea di fondo \u00e8 quella di realizzare a \u201cLe Rocce\u201d un percorso museale all\u2019aperto e di replicare l\u2019esperienza dell\u2019albergo-museo che Antonio Presti ha gi\u00e0 realizzato a Tusa. Tutto ci\u00f2 anche grazie all\u2019utilizzo di nuove tecnologie, che garantiranno ai visitatori un\u2019esperienza di fruizione unica. Grande attenzione, poi, sar\u00e0 dedicata al patrimonio naturalistico de \u201cLe Rocce\u201d, con la creazione di giardini della conoscenza. Il fulcro dell\u2019attivit\u00e0 sar\u00e0 rappresentato da una serie di laboratori didattici, che coinvolgeranno artisti, docenti e, soprattutto, studenti provenienti da tutto il mondo. Le azioni non avranno una ricaduta esclusivamente su Taormina, ma riguarderanno l\u2019intero comprensorio, visto che numerosi centri saranno interessati dagli interventi, cos\u00ec da implementare un modello di conoscenza diffusa.<\/p>\n<p style=\"text-align: justify\">Il profilo giuridico della convenzione \u00e8 stato curato dai proff. Fabrizio Guerrera e Franco Astone (per Unime), dal notaio Stefano Paderni e dalla dott.ssa <span id=\"OBJ_PREFIX_DWT47_com_zimbra_date\" class=\"Object\">Domenica\u00a0<\/span>Polito (per la Fondazione).<\/p>\n<p style=\"text-align: justify\">&#8220;La convenzione che quest&#8217;oggi presentiamo &#8211; ha dichiarato il Rettore, prof. Pietro Navarra- \u00a0\u00e8 nata\u00a0da una collaborazione che mira al\u00a0rilancio di un&#8217;area molto importante. Unire ricerca applicata e idee \u00e8 un passo importante e con piacere ringrazio l&#8217;on. Faraone per la sensibilit\u00e0 dimostrata nei confronti della nostra progettualit\u00e0 catapultata verso un futuro di sviluppo&#8221;.<\/p>\n<p style=\"text-align: justify\">&#8220;Si tratta di un \u00a0fondamentale progetto di recupero &#8211; ha commentato l&#8217;on. Faraone, gi\u00e0 Sottosegretario al MIUR\u00a0&#8211; che fa crescere il Paese e, in particolare il Mezzogiorno, unendo risorse per la cultura, patrimonio e valenti personalit\u00e0. Abbiamo cercato di costruire le condizioni affinch\u00e9 l&#8217;idea di Antonio Presti assumesse concretezza per poter camminare con le proprie gambe. Normalmente, siamo portati a considerare il PNR (Piano Nazionale per la Ricerca) quale strumento a supporto di discipline tecniche come la fisica, la chimica, l&#8217;astronomia ed invece il\u00a0progetto &#8220;Le Rocce&#8221;\u00a0dimostra quanto esso possa promuovere classi differenti ed essere volano per il settore della cultura e non solo. Contestualmente, il progetto prosegue sul filone che pone grandissima attenzione alle idee che si autofinanziano nel tempo, garantendo crescita e miglioramento. L&#8217;augurio \u00e8 che le istituzioni possano accompagnare con maggior vigore idee come questa e, per questo motivo, ringrazio Unime per aver creduto fortemente in questa sinergia&#8221;.<\/p>\n<p style=\"text-align: justify\">&#8220;Sono felice &#8211; ha raccontato Presti &#8211; di sigillare questo percorso proiettato nel futuro, per consegnare alle prossime generazioni un patrimonio e un laboratorio in cui operare. Ci sono alcuni momenti in cui si \u00e8 soli nella progettualit\u00e0 del futuro, ma grazie all&#8217;Universit\u00e0 di Messina ed all&#8217;impegno dell&#8217;on. Faraone non \u00e8 stato questo il caso. Vi \u00e8 stata unit\u00e0 d&#8217;intenti per riuscire a custodire e tramandare, con valore etico, la protezione e la conoscenza di un luogo&#8221;.<\/p>\n<p style=\"text-align: justify\">\u201cIl focus del progetto \u2013 ha detto il responsabile scientifico, prof. Marco Centorrino, docente di Sociologia dei Processi culturali e comunicativi &#8211; \u00e8 incentrato sul contemporaneo e, in particolare, sulla sua manifestazione attraverso forme artistiche di varia natura. La loro conservazione, il recupero mediante la rifunzionalizzazione, la possibilit\u00e0 di individuare nuovi codici di espressione: sono questi i passaggi chiave che ci si propone di esplorare all\u2019interno di ci\u00f2 che dovr\u00e0 diventare un luogo-laboratorio.L\u2019intento \u00e8 quello di studiare possibili processi di recupero e rifunzionalizzazione di espressioni artistiche legate tanto alla natura quanto a quel filone dell\u2019arte contemporanea che sfrutta il riciclo di materiali e l\u2019applicazione delle nuove tecnologie.\u00a0\u00a0Tutto ci\u00f2, mediante il coinvolgimento di saperi legati all\u2019area umanistica e scientifico-tecnologico e attraverso la sperimentazione orientata, in particolare, alla realizzazione e customizzazione di tecnologie indossabili. Strumenti in grado di creare realt\u00e0 aumentata e di porsi quali indispensabili mediatori nel rapporto tra individuo, arte e natura\u201d.<\/p>\n<p style=\"text-align: justify\">&#8220;Unime &#8211; ha chiosato il Direttore Generale, prof. Francesco De Domenico &#8211; dimostra di essere ancora una volta in grado di rispondere alle esigenze del territorio, lanciando lo sguardo in avanti. Non si tratta, infatti, solo di arte e cultura, ma anche di espansione valoriale dei luoghi&#8221;.<\/p>\n","protected":false},"excerpt":{"rendered":"<p>Fare del Villaggio \u201cLe Rocce\u201d a Taormina un polo culturale d\u2019eccellenza e avviare un rapporto che possa garantire continuit\u00e0 all\u2019operato della Fondazione Fiumara d\u2019Arte. Sono questi i principali elementi della convenzione tra l\u2019Ateneo e la Fondazione firmata\u00a0questa mattina, presso il Rettorato, dal Rettore prof. Pietro Navarra e dal Presidente di Fiumara d\u2019Arte Antonio Presti, alla&hellip; <a class=\"more-link\" href=\"https:\/\/portale2.unime.it\/comunicatistampa\/presentata-la-convenzione-fra-lateneo-e-fiumara-darte-per-il-recupero-del-villaggio-le-rocce\/\">Continua a leggere <span class=\"screen-reader-text\">Presentata la convenzione fra l&#8217;Ateneo e Fiumara d&#8217;Arte per il recupero del villaggio &#8220;Le Rocce&#8221;<\/span><\/a><\/p>\n","protected":false},"author":60,"featured_media":0,"comment_status":"closed","ping_status":"open","sticky":false,"template":"","format":"standard","meta":{"_acf_changed":false,"footnotes":""},"categories":[3],"tags":[1062,3258,4244,4360],"class_list":["post-9978","post","type-post","status-publish","format-standard","hentry","category-comunicati","tag-convenzione","tag-progetto-di-ricerca","tag-unime","tag-villaggio-le-rocce","entry"],"yoast_head":"<!-- This site is optimized with the Yoast SEO plugin v27.4 - https:\/\/yoast.com\/product\/yoast-seo-wordpress\/ -->\n<title>Presentata la convenzione fra l&#039;Ateneo e Fiumara d&#039;Arte per il recupero del villaggio &quot;Le Rocce&quot; - Comunicati Stampa<\/title>\n<meta name=\"robots\" content=\"index, follow, max-snippet:-1, max-image-preview:large, max-video-preview:-1\" \/>\n<link rel=\"canonical\" href=\"https:\/\/comunicatistampa.unime.it\/presentata-la-convenzione-fra-lateneo-e-fiumara-darte-per-il-recupero-del-villaggio-le-rocce\/\" \/>\n<meta property=\"og:locale\" content=\"it_IT\" \/>\n<meta property=\"og:type\" content=\"article\" \/>\n<meta property=\"og:title\" content=\"Presentata la convenzione fra l&#039;Ateneo e Fiumara d&#039;Arte per il recupero del villaggio &quot;Le Rocce&quot; - Comunicati Stampa\" \/>\n<meta property=\"og:description\" content=\"Fare del Villaggio \u201cLe Rocce\u201d a Taormina un polo culturale d\u2019eccellenza e avviare un rapporto che possa garantire continuit\u00e0 all\u2019operato della Fondazione Fiumara d\u2019Arte. Sono questi i principali elementi della convenzione tra l\u2019Ateneo e la Fondazione firmata\u00a0questa mattina, presso il Rettorato, dal Rettore prof. Pietro Navarra e dal Presidente di Fiumara d\u2019Arte Antonio Presti, alla&hellip; Continua a leggere Presentata la convenzione fra l&#8217;Ateneo e Fiumara d&#8217;Arte per il recupero del villaggio &#8220;Le Rocce&#8221;\" \/>\n<meta property=\"og:url\" content=\"https:\/\/comunicatistampa.unime.it\/presentata-la-convenzione-fra-lateneo-e-fiumara-darte-per-il-recupero-del-villaggio-le-rocce\/\" \/>\n<meta property=\"og:site_name\" content=\"Comunicati Stampa\" \/>\n<meta property=\"article:published_time\" content=\"2017-08-04T09:46:22+00:00\" \/>\n<meta name=\"author\" content=\"astramandino\" \/>\n<meta name=\"twitter:card\" content=\"summary_large_image\" \/>\n<meta name=\"twitter:label1\" content=\"Scritto da\" \/>\n\t<meta name=\"twitter:data1\" content=\"astramandino\" \/>\n\t<meta name=\"twitter:label2\" content=\"Tempo di lettura stimato\" \/>\n\t<meta name=\"twitter:data2\" content=\"4 minuti\" \/>\n<script type=\"application\/ld+json\" class=\"yoast-schema-graph\">{\"@context\":\"https:\\\/\\\/schema.org\",\"@graph\":[{\"@type\":\"Article\",\"@id\":\"https:\\\/\\\/comunicatistampa.unime.it\\\/presentata-la-convenzione-fra-lateneo-e-fiumara-darte-per-il-recupero-del-villaggio-le-rocce\\\/#article\",\"isPartOf\":{\"@id\":\"https:\\\/\\\/comunicatistampa.unime.it\\\/presentata-la-convenzione-fra-lateneo-e-fiumara-darte-per-il-recupero-del-villaggio-le-rocce\\\/\"},\"author\":{\"name\":\"astramandino\",\"@id\":\"https:\\\/\\\/portale2.unime.it\\\/comunicatistampa\\\/#\\\/schema\\\/person\\\/ece3ce92132d3b80b89603a7e93eda7f\"},\"headline\":\"Presentata la convenzione fra l&#8217;Ateneo e Fiumara d&#8217;Arte per il recupero del villaggio &#8220;Le Rocce&#8221;\",\"datePublished\":\"2017-08-04T09:46:22+00:00\",\"mainEntityOfPage\":{\"@id\":\"https:\\\/\\\/comunicatistampa.unime.it\\\/presentata-la-convenzione-fra-lateneo-e-fiumara-darte-per-il-recupero-del-villaggio-le-rocce\\\/\"},\"wordCount\":889,\"publisher\":{\"@id\":\"https:\\\/\\\/portale2.unime.it\\\/comunicatistampa\\\/#organization\"},\"keywords\":[\"Convenzione\",\"progetto di ricerca\",\"Unime\",\"villaggio Le Rocce\"],\"articleSection\":[\"Comunicati Stampa Universit\u00e0 di Messina\"],\"inLanguage\":\"it-IT\"},{\"@type\":\"WebPage\",\"@id\":\"https:\\\/\\\/comunicatistampa.unime.it\\\/presentata-la-convenzione-fra-lateneo-e-fiumara-darte-per-il-recupero-del-villaggio-le-rocce\\\/\",\"url\":\"https:\\\/\\\/comunicatistampa.unime.it\\\/presentata-la-convenzione-fra-lateneo-e-fiumara-darte-per-il-recupero-del-villaggio-le-rocce\\\/\",\"name\":\"Presentata la convenzione fra l'Ateneo e Fiumara d'Arte per il recupero del villaggio \\\"Le Rocce\\\" - Comunicati Stampa\",\"isPartOf\":{\"@id\":\"https:\\\/\\\/portale2.unime.it\\\/comunicatistampa\\\/#website\"},\"datePublished\":\"2017-08-04T09:46:22+00:00\",\"breadcrumb\":{\"@id\":\"https:\\\/\\\/comunicatistampa.unime.it\\\/presentata-la-convenzione-fra-lateneo-e-fiumara-darte-per-il-recupero-del-villaggio-le-rocce\\\/#breadcrumb\"},\"inLanguage\":\"it-IT\",\"potentialAction\":[{\"@type\":\"ReadAction\",\"target\":[\"https:\\\/\\\/comunicatistampa.unime.it\\\/presentata-la-convenzione-fra-lateneo-e-fiumara-darte-per-il-recupero-del-villaggio-le-rocce\\\/\"]}]},{\"@type\":\"BreadcrumbList\",\"@id\":\"https:\\\/\\\/comunicatistampa.unime.it\\\/presentata-la-convenzione-fra-lateneo-e-fiumara-darte-per-il-recupero-del-villaggio-le-rocce\\\/#breadcrumb\",\"itemListElement\":[{\"@type\":\"ListItem\",\"position\":1,\"name\":\"Home\",\"item\":\"https:\\\/\\\/portale2.unime.it\\\/comunicatistampa\\\/\"},{\"@type\":\"ListItem\",\"position\":2,\"name\":\"Presentata la convenzione fra l&#8217;Ateneo e Fiumara d&#8217;Arte per il recupero del villaggio &#8220;Le Rocce&#8221;\"}]},{\"@type\":\"WebSite\",\"@id\":\"https:\\\/\\\/portale2.unime.it\\\/comunicatistampa\\\/#website\",\"url\":\"https:\\\/\\\/portale2.unime.it\\\/comunicatistampa\\\/\",\"name\":\"Comunicati Stampa\",\"description\":\"\",\"publisher\":{\"@id\":\"https:\\\/\\\/portale2.unime.it\\\/comunicatistampa\\\/#organization\"},\"alternateName\":\"https:\\\/\\\/comunicatistampa.unime.it\\\/\",\"potentialAction\":[{\"@type\":\"SearchAction\",\"target\":{\"@type\":\"EntryPoint\",\"urlTemplate\":\"https:\\\/\\\/portale2.unime.it\\\/comunicatistampa\\\/?s={search_term_string}\"},\"query-input\":{\"@type\":\"PropertyValueSpecification\",\"valueRequired\":true,\"valueName\":\"search_term_string\"}}],\"inLanguage\":\"it-IT\"},{\"@type\":\"Organization\",\"@id\":\"https:\\\/\\\/portale2.unime.it\\\/comunicatistampa\\\/#organization\",\"name\":\"Comunicati Stampa\",\"url\":\"https:\\\/\\\/portale2.unime.it\\\/comunicatistampa\\\/\",\"logo\":{\"@type\":\"ImageObject\",\"inLanguage\":\"it-IT\",\"@id\":\"https:\\\/\\\/portale2.unime.it\\\/comunicatistampa\\\/#\\\/schema\\\/logo\\\/image\\\/\",\"url\":\"https:\\\/\\\/portale2.unime.it\\\/comunicatistampa\\\/wp-content\\\/uploads\\\/sites\\\/51\\\/2024\\\/07\\\/COMUNICATI-STAMPA-2.png\",\"contentUrl\":\"https:\\\/\\\/portale2.unime.it\\\/comunicatistampa\\\/wp-content\\\/uploads\\\/sites\\\/51\\\/2024\\\/07\\\/COMUNICATI-STAMPA-2.png\",\"width\":1000,\"height\":346,\"caption\":\"Comunicati Stampa\"},\"image\":{\"@id\":\"https:\\\/\\\/portale2.unime.it\\\/comunicatistampa\\\/#\\\/schema\\\/logo\\\/image\\\/\"}},{\"@type\":\"Person\",\"@id\":\"https:\\\/\\\/portale2.unime.it\\\/comunicatistampa\\\/#\\\/schema\\\/person\\\/ece3ce92132d3b80b89603a7e93eda7f\",\"name\":\"astramandino\",\"image\":{\"@type\":\"ImageObject\",\"inLanguage\":\"it-IT\",\"@id\":\"https:\\\/\\\/secure.gravatar.com\\\/avatar\\\/350a04f01afddd3a9f6e057c2d618be834d7ca1192086cfd02adaba43a0e0575?s=96&d=mm&r=g\",\"url\":\"https:\\\/\\\/secure.gravatar.com\\\/avatar\\\/350a04f01afddd3a9f6e057c2d618be834d7ca1192086cfd02adaba43a0e0575?s=96&d=mm&r=g\",\"contentUrl\":\"https:\\\/\\\/secure.gravatar.com\\\/avatar\\\/350a04f01afddd3a9f6e057c2d618be834d7ca1192086cfd02adaba43a0e0575?s=96&d=mm&r=g\",\"caption\":\"astramandino\"},\"url\":\"https:\\\/\\\/portale2.unime.it\\\/comunicatistampa\\\/author\\\/astramandino\\\/\"}]}<\/script>\n<!-- \/ Yoast SEO plugin. -->","yoast_head_json":{"title":"Presentata la convenzione fra l'Ateneo e Fiumara d'Arte per il recupero del villaggio \"Le Rocce\" - Comunicati Stampa","robots":{"index":"index","follow":"follow","max-snippet":"max-snippet:-1","max-image-preview":"max-image-preview:large","max-video-preview":"max-video-preview:-1"},"canonical":"https:\/\/comunicatistampa.unime.it\/presentata-la-convenzione-fra-lateneo-e-fiumara-darte-per-il-recupero-del-villaggio-le-rocce\/","og_locale":"it_IT","og_type":"article","og_title":"Presentata la convenzione fra l'Ateneo e Fiumara d'Arte per il recupero del villaggio \"Le Rocce\" - Comunicati Stampa","og_description":"Fare del Villaggio \u201cLe Rocce\u201d a Taormina un polo culturale d\u2019eccellenza e avviare un rapporto che possa garantire continuit\u00e0 all\u2019operato della Fondazione Fiumara d\u2019Arte. Sono questi i principali elementi della convenzione tra l\u2019Ateneo e la Fondazione firmata\u00a0questa mattina, presso il Rettorato, dal Rettore prof. Pietro Navarra e dal Presidente di Fiumara d\u2019Arte Antonio Presti, alla&hellip; Continua a leggere Presentata la convenzione fra l&#8217;Ateneo e Fiumara d&#8217;Arte per il recupero del villaggio &#8220;Le Rocce&#8221;","og_url":"https:\/\/comunicatistampa.unime.it\/presentata-la-convenzione-fra-lateneo-e-fiumara-darte-per-il-recupero-del-villaggio-le-rocce\/","og_site_name":"Comunicati Stampa","article_published_time":"2017-08-04T09:46:22+00:00","author":"astramandino","twitter_card":"summary_large_image","twitter_misc":{"Scritto da":"astramandino","Tempo di lettura stimato":"4 minuti"},"schema":{"@context":"https:\/\/schema.org","@graph":[{"@type":"Article","@id":"https:\/\/comunicatistampa.unime.it\/presentata-la-convenzione-fra-lateneo-e-fiumara-darte-per-il-recupero-del-villaggio-le-rocce\/#article","isPartOf":{"@id":"https:\/\/comunicatistampa.unime.it\/presentata-la-convenzione-fra-lateneo-e-fiumara-darte-per-il-recupero-del-villaggio-le-rocce\/"},"author":{"name":"astramandino","@id":"https:\/\/portale2.unime.it\/comunicatistampa\/#\/schema\/person\/ece3ce92132d3b80b89603a7e93eda7f"},"headline":"Presentata la convenzione fra l&#8217;Ateneo e Fiumara d&#8217;Arte per il recupero del villaggio &#8220;Le Rocce&#8221;","datePublished":"2017-08-04T09:46:22+00:00","mainEntityOfPage":{"@id":"https:\/\/comunicatistampa.unime.it\/presentata-la-convenzione-fra-lateneo-e-fiumara-darte-per-il-recupero-del-villaggio-le-rocce\/"},"wordCount":889,"publisher":{"@id":"https:\/\/portale2.unime.it\/comunicatistampa\/#organization"},"keywords":["Convenzione","progetto di ricerca","Unime","villaggio Le Rocce"],"articleSection":["Comunicati Stampa Universit\u00e0 di Messina"],"inLanguage":"it-IT"},{"@type":"WebPage","@id":"https:\/\/comunicatistampa.unime.it\/presentata-la-convenzione-fra-lateneo-e-fiumara-darte-per-il-recupero-del-villaggio-le-rocce\/","url":"https:\/\/comunicatistampa.unime.it\/presentata-la-convenzione-fra-lateneo-e-fiumara-darte-per-il-recupero-del-villaggio-le-rocce\/","name":"Presentata la convenzione fra l'Ateneo e Fiumara d'Arte per il recupero del villaggio \"Le Rocce\" - Comunicati Stampa","isPartOf":{"@id":"https:\/\/portale2.unime.it\/comunicatistampa\/#website"},"datePublished":"2017-08-04T09:46:22+00:00","breadcrumb":{"@id":"https:\/\/comunicatistampa.unime.it\/presentata-la-convenzione-fra-lateneo-e-fiumara-darte-per-il-recupero-del-villaggio-le-rocce\/#breadcrumb"},"inLanguage":"it-IT","potentialAction":[{"@type":"ReadAction","target":["https:\/\/comunicatistampa.unime.it\/presentata-la-convenzione-fra-lateneo-e-fiumara-darte-per-il-recupero-del-villaggio-le-rocce\/"]}]},{"@type":"BreadcrumbList","@id":"https:\/\/comunicatistampa.unime.it\/presentata-la-convenzione-fra-lateneo-e-fiumara-darte-per-il-recupero-del-villaggio-le-rocce\/#breadcrumb","itemListElement":[{"@type":"ListItem","position":1,"name":"Home","item":"https:\/\/portale2.unime.it\/comunicatistampa\/"},{"@type":"ListItem","position":2,"name":"Presentata la convenzione fra l&#8217;Ateneo e Fiumara d&#8217;Arte per il recupero del villaggio &#8220;Le Rocce&#8221;"}]},{"@type":"WebSite","@id":"https:\/\/portale2.unime.it\/comunicatistampa\/#website","url":"https:\/\/portale2.unime.it\/comunicatistampa\/","name":"Comunicati Stampa","description":"","publisher":{"@id":"https:\/\/portale2.unime.it\/comunicatistampa\/#organization"},"alternateName":"https:\/\/comunicatistampa.unime.it\/","potentialAction":[{"@type":"SearchAction","target":{"@type":"EntryPoint","urlTemplate":"https:\/\/portale2.unime.it\/comunicatistampa\/?s={search_term_string}"},"query-input":{"@type":"PropertyValueSpecification","valueRequired":true,"valueName":"search_term_string"}}],"inLanguage":"it-IT"},{"@type":"Organization","@id":"https:\/\/portale2.unime.it\/comunicatistampa\/#organization","name":"Comunicati Stampa","url":"https:\/\/portale2.unime.it\/comunicatistampa\/","logo":{"@type":"ImageObject","inLanguage":"it-IT","@id":"https:\/\/portale2.unime.it\/comunicatistampa\/#\/schema\/logo\/image\/","url":"https:\/\/portale2.unime.it\/comunicatistampa\/wp-content\/uploads\/sites\/51\/2024\/07\/COMUNICATI-STAMPA-2.png","contentUrl":"https:\/\/portale2.unime.it\/comunicatistampa\/wp-content\/uploads\/sites\/51\/2024\/07\/COMUNICATI-STAMPA-2.png","width":1000,"height":346,"caption":"Comunicati Stampa"},"image":{"@id":"https:\/\/portale2.unime.it\/comunicatistampa\/#\/schema\/logo\/image\/"}},{"@type":"Person","@id":"https:\/\/portale2.unime.it\/comunicatistampa\/#\/schema\/person\/ece3ce92132d3b80b89603a7e93eda7f","name":"astramandino","image":{"@type":"ImageObject","inLanguage":"it-IT","@id":"https:\/\/secure.gravatar.com\/avatar\/350a04f01afddd3a9f6e057c2d618be834d7ca1192086cfd02adaba43a0e0575?s=96&d=mm&r=g","url":"https:\/\/secure.gravatar.com\/avatar\/350a04f01afddd3a9f6e057c2d618be834d7ca1192086cfd02adaba43a0e0575?s=96&d=mm&r=g","contentUrl":"https:\/\/secure.gravatar.com\/avatar\/350a04f01afddd3a9f6e057c2d618be834d7ca1192086cfd02adaba43a0e0575?s=96&d=mm&r=g","caption":"astramandino"},"url":"https:\/\/portale2.unime.it\/comunicatistampa\/author\/astramandino\/"}]}},"acf":[],"_links":{"self":[{"href":"https:\/\/portale2.unime.it\/comunicatistampa\/wp-json\/wp\/v2\/posts\/9978","targetHints":{"allow":["GET"]}}],"collection":[{"href":"https:\/\/portale2.unime.it\/comunicatistampa\/wp-json\/wp\/v2\/posts"}],"about":[{"href":"https:\/\/portale2.unime.it\/comunicatistampa\/wp-json\/wp\/v2\/types\/post"}],"author":[{"embeddable":true,"href":"https:\/\/portale2.unime.it\/comunicatistampa\/wp-json\/wp\/v2\/users\/60"}],"replies":[{"embeddable":true,"href":"https:\/\/portale2.unime.it\/comunicatistampa\/wp-json\/wp\/v2\/comments?post=9978"}],"version-history":[{"count":0,"href":"https:\/\/portale2.unime.it\/comunicatistampa\/wp-json\/wp\/v2\/posts\/9978\/revisions"}],"wp:attachment":[{"href":"https:\/\/portale2.unime.it\/comunicatistampa\/wp-json\/wp\/v2\/media?parent=9978"}],"wp:term":[{"taxonomy":"category","embeddable":true,"href":"https:\/\/portale2.unime.it\/comunicatistampa\/wp-json\/wp\/v2\/categories?post=9978"},{"taxonomy":"post_tag","embeddable":true,"href":"https:\/\/portale2.unime.it\/comunicatistampa\/wp-json\/wp\/v2\/tags?post=9978"}],"curies":[{"name":"wp","href":"https:\/\/api.w.org\/{rel}","templated":true}]}}